{"id":3309,"date":"2011-04-08T18:14:46","date_gmt":"2011-04-08T18:14:46","guid":{"rendered":"http:\/\/www.hoymercedes.com.ar\/principal\/?p=3309"},"modified":"2011-04-08T18:14:46","modified_gmt":"2011-04-08T18:14:46","slug":"la-campora-proyecta-sentimiento-y-movilizacion","status":"publish","type":"post","link":"https:\/\/www.hoymercedes.com.ar\/principal\/2011\/04\/08\/la-campora-proyecta-sentimiento-y-movilizacion\/","title":{"rendered":"La C\u00e1mpora proyecta \u00abSentimiento y movilizaci\u00f3n\u00bb"},"content":{"rendered":"<p>La C\u00e1mpora Mercedes convoca a los j\u00f3venes de la ciudad a sumarse a su movimiento. Lo hacen desde la distribuci\u00f3n de un folleto dirigido a la juventud y a los estudiantes secundarios a los que le hablan directamente.<\/p>\n<p>Dentro de la convocatoria invitan a participar de la proyecci\u00f3n de \u00abSentimiento y movilizaci\u00f3n\u00bb este viernes 8 en el espacio que dicha fuerza posee en calle 25 entre 14 y 16.<\/p>\n<p>La invitaci\u00f3n est\u00e1 abierta para que qui\u00e9n desee pueda asistir.<\/p>\n<div align=\"center\"\n<a href=\"https:\/\/www.hoymercedes.com.ar\/principal\/wp-content\/uploads\/2011\/04\/sentimientoymovilizacionlacampora.jpg\"><img loading=\"lazy\" decoding=\"async\" data-attachment-id=\"3311\" data-permalink=\"https:\/\/www.hoymercedes.com.ar\/principal\/2011\/04\/08\/la-campora-proyecta-sentimiento-y-movilizacion\/sentimientoymovilizacionlacampora\/#main\" data-orig-file=\"https:\/\/www.hoymercedes.com.ar\/principal\/wp-content\/uploads\/2011\/04\/sentimientoymovilizacionlacampora.jpg\" data-orig-size=\"353,500\" data-comments-opened=\"1\" data-image-meta=\"{&quot;aperture&quot;:&quot;0&quot;,&quot;credit&quot;:&quot;&quot;,&quot;camera&quot;:&quot;&quot;,&quot;caption&quot;:&quot;&quot;,&quot;created_timestamp&quot;:&quot;0&quot;,&quot;copyright&quot;:&quot;&quot;,&quot;focal_length&quot;:&quot;0&quot;,&quot;iso&quot;:&quot;0&quot;,&quot;shutter_speed&quot;:&quot;0&quot;,&quot;title&quot;:&quot;&quot;}\" data-image-title=\"sentimientoymovilizacionlacampora\" data-image-description=\"\" data-image-caption=\"\" data-large-file=\"https:\/\/www.hoymercedes.com.ar\/principal\/wp-content\/uploads\/2011\/04\/sentimientoymovilizacionlacampora.jpg\" class=\"aligncenter size-full wp-image-3311\" title=\"sentimientoymovilizacionlacampora\" src=\"https:\/\/www.hoymercedes.com.ar\/principal\/wp-content\/uploads\/2011\/04\/sentimientoymovilizacionlacampora.jpg\" alt=\"\" width=\"353\" height=\"500\" \/><\/a>\n<\/div>\n","protected":false},"excerpt":{"rendered":"<p>La C\u00e1mpora Mercedes convoca a los j\u00f3venes de la ciudad a sumarse a su movimiento. Lo hacen desde la distribuci\u00f3n &#8230; <a title=\"La C\u00e1mpora proyecta \u00abSentimiento y movilizaci\u00f3n\u00bb\" class=\"read-more\" href=\"https:\/\/www.hoymercedes.com.ar\/principal\/2011\/04\/08\/la-campora-proyecta-sentimiento-y-movilizacion\/\" aria-label=\"Leer m\u00e1s sobre La C\u00e1mpora proyecta \u00abSentimiento y movilizaci\u00f3n\u00bb\">Leer m\u00e1s<\/a><\/p>\n","protected":false},"author":1,"featured_media":0,"comment_status":"open","ping_status":"open","sticky":false,"template":"","format":"standard","meta":{"_monsterinsights_skip_tracking":false,"_monsterinsights_sitenote_active":false,"_monsterinsights_sitenote_note":"","_monsterinsights_sitenote_category":0,"jetpack_post_was_ever_published":false,"_jetpack_newsletter_access":"","_jetpack_dont_email_post_to_subs":false,"_jetpack_newsletter_tier_id":0,"_jetpack_memberships_contains_paywalled_content":false,"_jetpack_memberships_contains_paid_content":false,"footnotes":"","jetpack_publicize_message":"","jetpack_publicize_feature_enabled":true,"jetpack_social_post_already_shared":false,"jetpack_social_options":{"image_generator_settings":{"template":"highway","default_image_id":0,"font":"","enabled":false},"version":2},"_wpas_customize_per_network":false},"categories":[5],"tags":[542],"class_list":["post-3309","post","type-post","status-publish","format-standard","hentry","category-politica","tag-la-campora-mercedes","generate-columns","tablet-grid-50","mobile-grid-100","grid-parent","grid-50"],"jetpack_publicize_connections":[],"jetpack_featured_media_url":"","wps_subtitle":"","jetpack_sharing_enabled":true,"_links":{"self":[{"href":"https:\/\/www.hoymercedes.com.ar\/principal\/wp-json\/wp\/v2\/posts\/3309","targetHints":{"allow":["GET"]}}],"collection":[{"href":"https:\/\/www.hoymercedes.com.ar\/principal\/wp-json\/wp\/v2\/posts"}],"about":[{"href":"https:\/\/www.hoymercedes.com.ar\/principal\/wp-json\/wp\/v2\/types\/post"}],"author":[{"embeddable":true,"href":"https:\/\/www.hoymercedes.com.ar\/principal\/wp-json\/wp\/v2\/users\/1"}],"replies":[{"embeddable":true,"href":"https:\/\/www.hoymercedes.com.ar\/principal\/wp-json\/wp\/v2\/comments?post=3309"}],"version-history":[{"count":0,"href":"https:\/\/www.hoymercedes.com.ar\/principal\/wp-json\/wp\/v2\/posts\/3309\/revisions"}],"wp:attachment":[{"href":"https:\/\/www.hoymercedes.com.ar\/principal\/wp-json\/wp\/v2\/media?parent=3309"}],"wp:term":[{"taxonomy":"category","embeddable":true,"href":"https:\/\/www.hoymercedes.com.ar\/principal\/wp-json\/wp\/v2\/categories?post=3309"},{"taxonomy":"post_tag","embeddable":true,"href":"https:\/\/www.hoymercedes.com.ar\/principal\/wp-json\/wp\/v2\/tags?post=3309"}],"curies":[{"name":"wp","href":"https:\/\/api.w.org\/{rel}","templated":true}]}}