{"id":33092,"date":"2014-05-21T17:34:49","date_gmt":"2014-05-21T20:34:49","guid":{"rendered":"http:\/\/www.hoymercedes.com.ar\/principal\/?p=33092"},"modified":"2014-05-21T17:34:49","modified_gmt":"2014-05-21T20:34:49","slug":"amaya-la-campora-hace-la-del-tero-pone-un-huevo-aca-y-grita-en-otro-lado","status":"publish","type":"post","link":"https:\/\/www.hoymercedes.com.ar\/principal\/2014\/05\/21\/amaya-la-campora-hace-la-del-tero-pone-un-huevo-aca-y-grita-en-otro-lado\/","title":{"rendered":"Amaya: \u201cLa C\u00e1mpora hace la del tero: pone un huevo ac\u00e1 y grita en otro lado\u201d"},"content":{"rendered":"<p><a href=\"https:\/\/www.hoymercedes.com.ar\/principal\/wp-content\/uploads\/2014\/05\/concejalamaya.jpg\"><img loading=\"lazy\" decoding=\"async\" data-attachment-id=\"33093\" data-permalink=\"https:\/\/www.hoymercedes.com.ar\/principal\/2014\/05\/21\/amaya-la-campora-hace-la-del-tero-pone-un-huevo-aca-y-grita-en-otro-lado\/concejalamaya\/#main\" data-orig-file=\"https:\/\/www.hoymercedes.com.ar\/principal\/wp-content\/uploads\/2014\/05\/concejalamaya.jpg\" data-orig-size=\"620,191\" data-comments-opened=\"1\" data-image-meta=\"{&quot;aperture&quot;:&quot;2.8&quot;,&quot;credit&quot;:&quot;&quot;,&quot;camera&quot;:&quot;COOLPIX L10&quot;,&quot;caption&quot;:&quot;&quot;,&quot;created_timestamp&quot;:&quot;1326207386&quot;,&quot;copyright&quot;:&quot;Copyright 2006&quot;,&quot;focal_length&quot;:&quot;6.2&quot;,&quot;iso&quot;:&quot;64&quot;,&quot;shutter_speed&quot;:&quot;0.025706940874036&quot;,&quot;title&quot;:&quot;&quot;}\" data-image-title=\"concejalamaya\" data-image-description=\"\" data-image-caption=\"\" data-large-file=\"https:\/\/www.hoymercedes.com.ar\/principal\/wp-content\/uploads\/2014\/05\/concejalamaya.jpg\" class=\"aligncenter size-full wp-image-33093\" src=\"https:\/\/www.hoymercedes.com.ar\/principal\/wp-content\/uploads\/2014\/05\/concejalamaya.jpg\" alt=\"concejalamaya\" width=\"620\" height=\"191\" \/><\/a><\/p>\n<p><em><strong>(FR) El concejal del Frente Renovador David Amaya sali\u00f3 al cruce ante supuestas versiones que daban cuenta de la posible llegada de un mercado concentrador a Mercedes: \u201cSer\u00eda una verg\u00fcenza que La C\u00e1mpora lo est\u00e9 gestionando\u201d.<\/strong><\/em><\/p>\n<p>El edil oficialista David Amaya se hizo eco de algunos rumores que hablan de la posibilidad que se instale un mercado concentrador de la mano de Alberto Samid en Mercedes. Si bien el concejal de La C\u00e1mpora Juan Ustarroz desminti\u00f3 esta posibilidad, Amaya desconf\u00eda. \u201cNo ser\u00eda raro que esto pase porque estamos acostumbrados a\u00a0<strong>ver en La C\u00e1mpora la estrategia del tero: pone un huevo ac\u00e1 y grita en otro lado<\/strong>\u201d, sostuvo el concejal del massismo.<\/p>\n<p>Pero Amaya fue m\u00e1s all\u00e1 y sostuvo que \u201cser\u00eda una verg\u00fcenza si est\u00e1n gestionando un mercado concentrador, porque le estar\u00edan faltando el respeto a la econom\u00eda de los comercios mercedinos, dado que los comerciantes locales pagan sus impuestos, sus alquileres y habilitaciones generando recursos que se reinvierten la ciudad\u201d.<\/p>\n<p>Para Amaya este plan de gestionar alternativas que perjudican al comercio local por parte de La C\u00e1mpora en el predio de la Trocha no es nuevo. \u201cYa tuvimos \u00b4carne para todos\u00b4 y \u00b4l\u00e1cteos para todos\u00b4 que ya han llegado a la Trocha sin pasar por bromatolog\u00eda y los entes reguladores. De lo que s\u00ed estoy seguro que hacen todos los meses es llegar con \u00b4inflaci\u00f3n para todos\u00b4 y al doctor Ustarroz nunca lo escuch\u00e9 desmentir o hablar del tema que tanto perjudica el poder adquisitivo de los ciudadanos\u201d, sostuvo el concejal del Frente Renovador David Amaya.<\/p>\n<p><span style=\"color: #808080;\">Fuente: Frente Renovador<\/span><\/p>\n","protected":false},"excerpt":{"rendered":"<p>(FR) El concejal del Frente Renovador David Amaya sali\u00f3 al cruce ante supuestas versiones que daban cuenta de la posible &#8230; <a title=\"Amaya: \u201cLa C\u00e1mpora hace la del tero: pone un huevo ac\u00e1 y grita en otro lado\u201d\" class=\"read-more\" href=\"https:\/\/www.hoymercedes.com.ar\/principal\/2014\/05\/21\/amaya-la-campora-hace-la-del-tero-pone-un-huevo-aca-y-grita-en-otro-lado\/\" aria-label=\"Leer m\u00e1s sobre Amaya: \u201cLa C\u00e1mpora hace la del tero: pone un huevo ac\u00e1 y grita en otro lado\u201d\">Leer m\u00e1s<\/a><\/p>\n","protected":false},"author":1,"featured_media":0,"comment_status":"open","ping_status":"open","sticky":false,"template":"","format":"standard","meta":{"_monsterinsights_skip_tracking":false,"_monsterinsights_sitenote_active":false,"_monsterinsights_sitenote_note":"","_monsterinsights_sitenote_category":0,"jetpack_post_was_ever_published":false,"_jetpack_newsletter_access":"","_jetpack_dont_email_post_to_subs":false,"_jetpack_newsletter_tier_id":0,"_jetpack_memberships_contains_paywalled_content":false,"_jetpack_memberships_contains_paid_content":false,"footnotes":"","jetpack_publicize_message":"","jetpack_publicize_feature_enabled":true,"jetpack_social_post_already_shared":false,"jetpack_social_options":{"image_generator_settings":{"template":"highway","default_image_id":0,"font":"","enabled":false},"version":2},"_wpas_customize_per_network":false},"categories":[5],"tags":[5278,5277],"class_list":["post-33092","post","type-post","status-publish","format-standard","hentry","category-politica","tag-concejal-amaya-contra-la-campota","tag-david-amara","generate-columns","tablet-grid-50","mobile-grid-100","grid-parent","grid-50"],"jetpack_publicize_connections":[],"jetpack_featured_media_url":"","wps_subtitle":"Idas y vueltas en la discusi\u00f3n pol\u00edtica ","jetpack_sharing_enabled":true,"_links":{"self":[{"href":"https:\/\/www.hoymercedes.com.ar\/principal\/wp-json\/wp\/v2\/posts\/33092","targetHints":{"allow":["GET"]}}],"collection":[{"href":"https:\/\/www.hoymercedes.com.ar\/principal\/wp-json\/wp\/v2\/posts"}],"about":[{"href":"https:\/\/www.hoymercedes.com.ar\/principal\/wp-json\/wp\/v2\/types\/post"}],"author":[{"embeddable":true,"href":"https:\/\/www.hoymercedes.com.ar\/principal\/wp-json\/wp\/v2\/users\/1"}],"replies":[{"embeddable":true,"href":"https:\/\/www.hoymercedes.com.ar\/principal\/wp-json\/wp\/v2\/comments?post=33092"}],"version-history":[{"count":0,"href":"https:\/\/www.hoymercedes.com.ar\/principal\/wp-json\/wp\/v2\/posts\/33092\/revisions"}],"wp:attachment":[{"href":"https:\/\/www.hoymercedes.com.ar\/principal\/wp-json\/wp\/v2\/media?parent=33092"}],"wp:term":[{"taxonomy":"category","embeddable":true,"href":"https:\/\/www.hoymercedes.com.ar\/principal\/wp-json\/wp\/v2\/categories?post=33092"},{"taxonomy":"post_tag","embeddable":true,"href":"https:\/\/www.hoymercedes.com.ar\/principal\/wp-json\/wp\/v2\/tags?post=33092"}],"curies":[{"name":"wp","href":"https:\/\/api.w.org\/{rel}","templated":true}]}}