{"id":33112,"date":"2014-05-21T22:58:03","date_gmt":"2014-05-22T01:58:03","guid":{"rendered":"http:\/\/www.hoymercedes.com.ar\/principal\/?p=33112"},"modified":"2014-05-21T22:58:03","modified_gmt":"2014-05-22T01:58:03","slug":"selva-massa-y-de-la-sota-en-reunion-de-trabajo","status":"publish","type":"post","link":"https:\/\/www.hoymercedes.com.ar\/principal\/2014\/05\/21\/selva-massa-y-de-la-sota-en-reunion-de-trabajo\/","title":{"rendered":"Selva, Massa y De la Sota en reuni\u00f3n de trabajo"},"content":{"rendered":"<p><a href=\"https:\/\/www.hoymercedes.com.ar\/principal\/wp-content\/uploads\/2014\/05\/Massa-Selva-DelaSota.jpg\"><img loading=\"lazy\" decoding=\"async\" data-attachment-id=\"33113\" data-permalink=\"https:\/\/www.hoymercedes.com.ar\/principal\/2014\/05\/21\/selva-massa-y-de-la-sota-en-reunion-de-trabajo\/massa-selva-delasota\/#main\" data-orig-file=\"https:\/\/www.hoymercedes.com.ar\/principal\/wp-content\/uploads\/2014\/05\/Massa-Selva-DelaSota.jpg\" data-orig-size=\"620,441\" data-comments-opened=\"1\" data-image-meta=\"{&quot;aperture&quot;:&quot;0&quot;,&quot;credit&quot;:&quot;&quot;,&quot;camera&quot;:&quot;&quot;,&quot;caption&quot;:&quot;&quot;,&quot;created_timestamp&quot;:&quot;0&quot;,&quot;copyright&quot;:&quot;&quot;,&quot;focal_length&quot;:&quot;0&quot;,&quot;iso&quot;:&quot;0&quot;,&quot;shutter_speed&quot;:&quot;0&quot;,&quot;title&quot;:&quot;&quot;}\" data-image-title=\"Massa-Selva-DelaSota\" data-image-description=\"\" data-image-caption=\"\" data-large-file=\"https:\/\/www.hoymercedes.com.ar\/principal\/wp-content\/uploads\/2014\/05\/Massa-Selva-DelaSota.jpg\" class=\"aligncenter size-full wp-image-33113\" src=\"https:\/\/www.hoymercedes.com.ar\/principal\/wp-content\/uploads\/2014\/05\/Massa-Selva-DelaSota.jpg\" alt=\"Massa-Selva-DelaSota\" width=\"620\" height=\"441\" \/><\/a><\/p>\n<p><em><strong>(FR) El intendente Carlos Selva particip\u00f3 este mi\u00e9rcoles a la tarde de un encuentro con el gobernador Jos\u00e9 Manuel De la Sota y el diputado nacional, donde la agenda de trabajo estuvo puesta en temas comunes entre las provincias de C\u00f3rdoba y Buenos Aires.<\/strong><\/em><\/p>\n<p>Tras la reuni\u00f3n de trabajo realizada en la ciudad de San Fernando, con la presencia de m\u00e1s de 30 intendentes cordobeses y bonaerenses, el intendente Selva explic\u00f3: \u201cFue una jornada de trabajo y gesti\u00f3n centrada en temas que nos preocupan mucho. Empezando por coordinar un paquete de leyes en el \u00e1mbito legislativo para impulsar rebajas en el impuesto a las ganancias, consolidaci\u00f3n del sistema de moratoria jubilatoria, actualizaci\u00f3n cada seis meses la Asignaci\u00f3n Universal por Hijo y consolidarla por ley, trabajar conjuntamente en pol\u00edticas de seguridad y consolidaci\u00f3n del proyecto de la Agencia contra la lucha del narcotr\u00e1fico\u201d.<\/p>\n<p>El diputado nacional Sergio Massa a\u00f1adi\u00f3 que \u201ctuvimos la posibilidad de recibir capacitaci\u00f3n para nuestros intendentes en algunos programas que lleva adelante la Provincia de C\u00f3rdoba en materia de becas estudiantiles. Tambi\u00e9n la posibilidad de trabajar sobre temas que tienen que ver con el futuro, como pol\u00edticas de inclusi\u00f3n, desarrollo de un programa de infraestructura que no dependa del dedo de ning\u00fan funcionario, programas de desarrollo local y temas vinculados a lo energ\u00e9tico, el cual es un punto de inflexi\u00f3n respecto del futuro de la Argentina\u201d.<\/p>\n<p>Por su parte, De la Sota sostuvo: \u201cCon Sergio hablamos sobre la importancia de construir un espacio de convivencia, porque en una Argentina tan dividida como \u00e9sta, donde se juega al f\u00fatbol con s\u00f3lo una hinchada, que demuestra que la mala pol\u00edtica ha causado da\u00f1o en la sociedad civil, el hecho de que quienes tenemos la responsabilidad de gobernar nos hayamos reunido es muy significativo\u201d.<\/p>\n<p>De la Sota finaliz\u00f3 se\u00f1alando: \u201cHoy participaron intendentes vecinalistas, radicales, justicialistas, peronistas, legisladores del Frente Renovador, compartiendo ideas y proyectos. Vamos a avanzar en pol\u00edticas p\u00fablicas, convocando a un encuentro para analizar pol\u00edticas populares y efectivas, no clientelistas, para mejorar la vida de los sectores m\u00e1s humildes de nuestra sociedad. Nosotros queremos un futuro lleno de posibilidades para todos\u201d.<\/p>\n<p>Los ejes del encuentro estuvieron en la convivencia y el di\u00e1logo, en la consolidaci\u00f3n de una agenda de gesti\u00f3n legislativa, con eje en jubilaciones, ganancia, AUH y descentralizaci\u00f3n municipal. A su vez, los legisladores compartieron experiencias sobre seguridad, en particular sobre polic\u00edas locales, cuerpo de elite en lucha contra la droga, la gesti\u00f3n como centro de las pol\u00edticas y gobierno electr\u00f3nico. Por otro lado, se plantearon jornadas de trabajo como Congreso de pol\u00edticas contra la pobreza, de pol\u00edticas energ\u00e9ticas y de econom\u00edas regionales.<\/p>\n<p>Participaron del encuentro los diputados Dar\u00edo Giustozzi, Mario\u200e Das Neves, Felipe Sol\u00e1, Graciela Cama\u00f1o, Sandro Guzm\u00e1n y Patricio Hogan,. Adem\u00e1s, estuvieron los intendentes Luis Acu\u00f1a de Hurlingham, Luis Andreotti de San Fernando, Daniel Bolettieri de Almirante Brown, Daniel Bolinga de Arrecifes, Joaqu\u00edn De la Torre de San Miguel, Germ\u00e1n Disare de Gral. Alvarado, Jos\u00e9 Eseverri de Olavarria, Ra\u00fal Feito de Trenque Lauquen, Gabriel Katopodis de San Martin, Mario Meoni de Jun\u00edn, Carlos Oreste de Coronel Pringles, Ra\u00fal Othaceh\u00e9 de Merlo, Gustavo Posse de San Isidro, Carlos Puglieli de San Andr\u00e9s de Giles, Julio Zamora de Tigre y Fernando Carballo de Magdalena. Tambi\u00e9n participaron Juan Jos\u00e9 \u00c1lvarez\u00a0 y Diego Santill\u00e1n. Por el lado cordob\u00e9s, estuvieron presentes los intendentes Julio Ba\u00f1uelos de Mina Clavero, Federico Alesandri de Embalse, Julio N\u00e1pole de Labulaye, Juan Scotto de Corralito,\u00a0 Jorge Caserio de Valle Hermoso, Gustavo T\u00e9vez de Brikman, Facundo Torres de Alta Gracia, Sergio Spicognia de R\u00edo Ceballos, Ignacio Garc\u00eda de San Francisco, Jorge Cimadamore de Despe\u00f1aderos, Daniel Salibi de Mendiolaza, Sergio Spicogna de R\u00edo Ceballos y Mauricio Cravero de Arroyito.<\/p>\n","protected":false},"excerpt":{"rendered":"<p>(FR) El intendente Carlos Selva particip\u00f3 este mi\u00e9rcoles a la tarde de un encuentro con el gobernador Jos\u00e9 Manuel De &#8230; <a title=\"Selva, Massa y De la Sota en reuni\u00f3n de trabajo\" class=\"read-more\" href=\"https:\/\/www.hoymercedes.com.ar\/principal\/2014\/05\/21\/selva-massa-y-de-la-sota-en-reunion-de-trabajo\/\" aria-label=\"Leer m\u00e1s sobre Selva, Massa y De la Sota en reuni\u00f3n de trabajo\">Leer m\u00e1s<\/a><\/p>\n","protected":false},"author":1,"featured_media":0,"comment_status":"open","ping_status":"open","sticky":false,"template":"","format":"standard","meta":{"_monsterinsights_skip_tracking":false,"_monsterinsights_sitenote_active":false,"_monsterinsights_sitenote_note":"","_monsterinsights_sitenote_category":0,"jetpack_post_was_ever_published":false,"_jetpack_newsletter_access":"","_jetpack_dont_email_post_to_subs":false,"_jetpack_newsletter_tier_id":0,"_jetpack_memberships_contains_paywalled_content":false,"_jetpack_memberships_contains_paid_content":false,"footnotes":"","jetpack_publicize_message":"","jetpack_publicize_feature_enabled":true,"jetpack_social_post_already_shared":false,"jetpack_social_options":{"image_generator_settings":{"template":"highway","default_image_id":0,"font":"","enabled":false},"version":2},"_wpas_customize_per_network":false},"categories":[5],"tags":[39,5284,2684],"class_list":["post-33112","post","type-post","status-publish","format-standard","hentry","category-politica","tag-carlos-selva","tag-manuel-de-la-sota","tag-sergio-massa","generate-columns","tablet-grid-50","mobile-grid-100","grid-parent","grid-50"],"jetpack_publicize_connections":[],"jetpack_featured_media_url":"","wps_subtitle":"Mesa de construcci\u00f3n pol\u00edtica","jetpack_sharing_enabled":true,"_links":{"self":[{"href":"https:\/\/www.hoymercedes.com.ar\/principal\/wp-json\/wp\/v2\/posts\/33112","targetHints":{"allow":["GET"]}}],"collection":[{"href":"https:\/\/www.hoymercedes.com.ar\/principal\/wp-json\/wp\/v2\/posts"}],"about":[{"href":"https:\/\/www.hoymercedes.com.ar\/principal\/wp-json\/wp\/v2\/types\/post"}],"author":[{"embeddable":true,"href":"https:\/\/www.hoymercedes.com.ar\/principal\/wp-json\/wp\/v2\/users\/1"}],"replies":[{"embeddable":true,"href":"https:\/\/www.hoymercedes.com.ar\/principal\/wp-json\/wp\/v2\/comments?post=33112"}],"version-history":[{"count":0,"href":"https:\/\/www.hoymercedes.com.ar\/principal\/wp-json\/wp\/v2\/posts\/33112\/revisions"}],"wp:attachment":[{"href":"https:\/\/www.hoymercedes.com.ar\/principal\/wp-json\/wp\/v2\/media?parent=33112"}],"wp:term":[{"taxonomy":"category","embeddable":true,"href":"https:\/\/www.hoymercedes.com.ar\/principal\/wp-json\/wp\/v2\/categories?post=33112"},{"taxonomy":"post_tag","embeddable":true,"href":"https:\/\/www.hoymercedes.com.ar\/principal\/wp-json\/wp\/v2\/tags?post=33112"}],"curies":[{"name":"wp","href":"https:\/\/api.w.org\/{rel}","templated":true}]}}