{"id":33139,"date":"2014-05-22T13:22:06","date_gmt":"2014-05-22T16:22:06","guid":{"rendered":"http:\/\/www.hoymercedes.com.ar\/principal\/?p=33139"},"modified":"2014-05-22T13:22:06","modified_gmt":"2014-05-22T16:22:06","slug":"ministro-aparicio-en-lujan-prometio-obras-para-el-rio-lujan","status":"publish","type":"post","link":"https:\/\/www.hoymercedes.com.ar\/principal\/2014\/05\/22\/ministro-aparicio-en-lujan-prometio-obras-para-el-rio-lujan\/","title":{"rendered":"Ministro Aparicio, en Luj\u00e1n, prometi\u00f3 obras para el R\u00edo Luj\u00e1n"},"content":{"rendered":"<p><a href=\"https:\/\/www.hoymercedes.com.ar\/principal\/wp-content\/uploads\/2014\/05\/ministroaparicio.jpg\"><img loading=\"lazy\" decoding=\"async\" data-attachment-id=\"33141\" data-permalink=\"https:\/\/www.hoymercedes.com.ar\/principal\/2014\/05\/22\/ministro-aparicio-en-lujan-prometio-obras-para-el-rio-lujan\/ministroaparicio\/#main\" data-orig-file=\"https:\/\/www.hoymercedes.com.ar\/principal\/wp-content\/uploads\/2014\/05\/ministroaparicio.jpg\" data-orig-size=\"620,370\" data-comments-opened=\"1\" data-image-meta=\"{&quot;aperture&quot;:&quot;0&quot;,&quot;credit&quot;:&quot;&quot;,&quot;camera&quot;:&quot;&quot;,&quot;caption&quot;:&quot;&quot;,&quot;created_timestamp&quot;:&quot;0&quot;,&quot;copyright&quot;:&quot;&quot;,&quot;focal_length&quot;:&quot;0&quot;,&quot;iso&quot;:&quot;0&quot;,&quot;shutter_speed&quot;:&quot;0&quot;,&quot;title&quot;:&quot;&quot;}\" data-image-title=\"ministroaparicio\" data-image-description=\"\" data-image-caption=\"\" data-large-file=\"https:\/\/www.hoymercedes.com.ar\/principal\/wp-content\/uploads\/2014\/05\/ministroaparicio.jpg\" class=\"aligncenter size-full wp-image-33141\" src=\"https:\/\/www.hoymercedes.com.ar\/principal\/wp-content\/uploads\/2014\/05\/ministroaparicio.jpg\" alt=\"ministroaparicio\" width=\"620\" height=\"370\" \/><\/a><\/p>\n<p><strong><em>El Ministro provincial se hizo presente en la ciudad de Luj\u00e1n donde al mediod\u00eda de \u00e9ste jueves hay 85 evacuados entre Olivera y Luj\u00e1n, localidades que m\u00e1s padecieron el avance del agua del R\u00edo. Aparicio estuvo en la noche del mi\u00e9rcoles.\u00a0<\/em><\/strong><\/p>\n<p>Seg\u00fan se inform\u00f3 desde la vecina ciudad, el Ministro de Desarrollo Social de la Provincia de Buenos Aires, Eduardo Aparicio, junto a su equipo de trabajo en la ciudad de Luj\u00e1n para coordinar junto al Municipio la asistencia a los damnificados.<\/p>\n<p>Oscar Lucciani, intendente de Luj\u00e1n, lo recibi\u00f3 en su despacho para luego dirigirse al Cuartel de Bomberos Voluntarios donde los esper\u00f3 Lu\u00eds Goenaga, jefe del cuartel.<\/p>\n<p>Aparicio inform\u00f3 que se esperan en las pr\u00f3ximas jornadas (sin precisi\u00f3n) el desmonte de 30 km de plantas, principalmente acacias, de los laterales del R\u00edo Luj\u00e1n que son un fuerte obst\u00e1culo a la circulaci\u00f3n del agua. Dicha acci\u00f3n se realiza por un plan de infraestructura provincial. El tramo es fundamentalmente entre Luj\u00e1n y Pilar con una inversi\u00f3n de 70 millones de pesos.<\/p>\n<p>&nbsp;<\/p>\n","protected":false},"excerpt":{"rendered":"<p>El Ministro provincial se hizo presente en la ciudad de Luj\u00e1n donde al mediod\u00eda de \u00e9ste jueves hay 85 evacuados &#8230; <a title=\"Ministro Aparicio, en Luj\u00e1n, prometi\u00f3 obras para el R\u00edo Luj\u00e1n\" class=\"read-more\" href=\"https:\/\/www.hoymercedes.com.ar\/principal\/2014\/05\/22\/ministro-aparicio-en-lujan-prometio-obras-para-el-rio-lujan\/\" aria-label=\"Leer m\u00e1s sobre Ministro Aparicio, en Luj\u00e1n, prometi\u00f3 obras para el R\u00edo Luj\u00e1n\">Leer m\u00e1s<\/a><\/p>\n","protected":false},"author":1,"featured_media":0,"comment_status":"open","ping_status":"open","sticky":false,"template":"","format":"standard","meta":{"_monsterinsights_skip_tracking":false,"_monsterinsights_sitenote_active":false,"_monsterinsights_sitenote_note":"","_monsterinsights_sitenote_category":0,"jetpack_post_was_ever_published":false,"_jetpack_newsletter_access":"","_jetpack_dont_email_post_to_subs":false,"_jetpack_newsletter_tier_id":0,"_jetpack_memberships_contains_paywalled_content":false,"_jetpack_memberships_contains_paid_content":false,"footnotes":"","jetpack_publicize_message":"","jetpack_publicize_feature_enabled":true,"jetpack_social_post_already_shared":false,"jetpack_social_options":{"image_generator_settings":{"template":"highway","default_image_id":0,"font":"","enabled":false},"version":2},"_wpas_customize_per_network":false},"categories":[5],"tags":[5288,5287],"class_list":["post-33139","post","type-post","status-publish","format-standard","hentry","category-politica","tag-eduardo-aparicio-en-lujan","tag-eduardo-aparicio-mercedes","generate-columns","tablet-grid-50","mobile-grid-100","grid-parent","grid-50"],"jetpack_publicize_connections":[],"jetpack_featured_media_url":"","wps_subtitle":"Inundados y promesas de obras ","jetpack_sharing_enabled":true,"_links":{"self":[{"href":"https:\/\/www.hoymercedes.com.ar\/principal\/wp-json\/wp\/v2\/posts\/33139","targetHints":{"allow":["GET"]}}],"collection":[{"href":"https:\/\/www.hoymercedes.com.ar\/principal\/wp-json\/wp\/v2\/posts"}],"about":[{"href":"https:\/\/www.hoymercedes.com.ar\/principal\/wp-json\/wp\/v2\/types\/post"}],"author":[{"embeddable":true,"href":"https:\/\/www.hoymercedes.com.ar\/principal\/wp-json\/wp\/v2\/users\/1"}],"replies":[{"embeddable":true,"href":"https:\/\/www.hoymercedes.com.ar\/principal\/wp-json\/wp\/v2\/comments?post=33139"}],"version-history":[{"count":0,"href":"https:\/\/www.hoymercedes.com.ar\/principal\/wp-json\/wp\/v2\/posts\/33139\/revisions"}],"wp:attachment":[{"href":"https:\/\/www.hoymercedes.com.ar\/principal\/wp-json\/wp\/v2\/media?parent=33139"}],"wp:term":[{"taxonomy":"category","embeddable":true,"href":"https:\/\/www.hoymercedes.com.ar\/principal\/wp-json\/wp\/v2\/categories?post=33139"},{"taxonomy":"post_tag","embeddable":true,"href":"https:\/\/www.hoymercedes.com.ar\/principal\/wp-json\/wp\/v2\/tags?post=33139"}],"curies":[{"name":"wp","href":"https:\/\/api.w.org\/{rel}","templated":true}]}}