{"id":33176,"date":"2014-05-22T23:21:15","date_gmt":"2014-05-23T02:21:15","guid":{"rendered":"http:\/\/www.hoymercedes.com.ar\/principal\/?p=33176"},"modified":"2014-05-22T23:22:54","modified_gmt":"2014-05-23T02:22:54","slug":"caso-casal-justicia-mercedina-lo-condeno-a-15-anos-pero-nunca-lo-debuto-y-ahora-esta-fugado","status":"publish","type":"post","link":"https:\/\/www.hoymercedes.com.ar\/principal\/2014\/05\/22\/caso-casal-justicia-mercedina-lo-condeno-a-15-anos-pero-nunca-lo-debuto-y-ahora-esta-fugado\/","title":{"rendered":"Caso Casal: Justicia Mercedina lo conden\u00f3 a 15 a\u00f1os, pero nunca lo detuvo y ahora est\u00e1 fugado"},"content":{"rendered":"<p><a href=\"https:\/\/www.hoymercedes.com.ar\/principal\/wp-content\/uploads\/2014\/05\/nestorgonzales-casoCasal1.jpg\"><img loading=\"lazy\" decoding=\"async\" data-attachment-id=\"33179\" data-permalink=\"https:\/\/www.hoymercedes.com.ar\/principal\/2014\/05\/22\/caso-casal-justicia-mercedina-lo-condeno-a-15-anos-pero-nunca-lo-debuto-y-ahora-esta-fugado\/nestorgonzales-casocasal-2\/#main\" data-orig-file=\"https:\/\/www.hoymercedes.com.ar\/principal\/wp-content\/uploads\/2014\/05\/nestorgonzales-casoCasal1.jpg\" data-orig-size=\"620,554\" data-comments-opened=\"1\" data-image-meta=\"{&quot;aperture&quot;:&quot;0&quot;,&quot;credit&quot;:&quot;&quot;,&quot;camera&quot;:&quot;&quot;,&quot;caption&quot;:&quot;&quot;,&quot;created_timestamp&quot;:&quot;0&quot;,&quot;copyright&quot;:&quot;&quot;,&quot;focal_length&quot;:&quot;0&quot;,&quot;iso&quot;:&quot;0&quot;,&quot;shutter_speed&quot;:&quot;0&quot;,&quot;title&quot;:&quot;&quot;}\" data-image-title=\"nestorgonzales-casoCasal\" data-image-description=\"\" data-image-caption=\"\" data-large-file=\"https:\/\/www.hoymercedes.com.ar\/principal\/wp-content\/uploads\/2014\/05\/nestorgonzales-casoCasal1.jpg\" class=\"aligncenter size-full wp-image-33179\" src=\"https:\/\/www.hoymercedes.com.ar\/principal\/wp-content\/uploads\/2014\/05\/nestorgonzales-casoCasal1.jpg\" alt=\"nestorgonzales-casoCasal\" width=\"620\" height=\"554\" \/><\/a><\/p>\n<p><em><strong>Condenado por la justicia de nuestra ciudad, hace apenas unas semanas, logr\u00f3 fugarse. Era miembro de las fuerzas de seguridad y hab\u00eda esperado el juicio en libertad. Tuvo todos los beneficios otorgadores por el TOC N\u00b04, remarcaron. Se trata de N\u00e9stor Adri\u00e1n Gonz\u00e1lez, Sargento de la Polic\u00eda Federal Argentina condenado por dispararle por la espalda a Sergio \u201cChecho\u201d Casal. El juicio, vivido en Mercedes, hab\u00eda determinado la culpabilidad entendi\u00e9ndose el tema como \u201cGatillo f\u00e1cil\u201d por familiares, medios y la CORREPI.<\/strong><\/em><\/p>\n<p>Gustavo Casal, hermano de Checho, el 27 de marzo, manifestaba a <strong>HoyMercedes<\/strong> que recib\u00edan un poco de tranquilidad por la condena, pero, al momento de efectivizar la detenci\u00f3n nunca se pudo encontrar a Gonz\u00e1lez qui\u00e9n s\u00f3lo estuvo detenido 20 d\u00edas para ser beneficiado con la excarcelaci\u00f3n, instancia que no correspond\u00eda por ser miembro de las fuerzas de seguridad, recordaba la familia de Checho, que recibi\u00f3 tiros en la nuca y las nalgas.<\/p>\n<p><em>\u201cGonz\u00e1lez lleg\u00f3 y se fue del juicio oral en absoluta e ilimitada libertad.\u201d,<\/em> comentaron y agregaron que: <em>\u201cDespu\u00e9s de una ardua lucha del colectivo de familiares, militantes y de la propia familia Casal, todos organizados en CORREPI, a fines de marzo pasado llegamos al debate ante el Tribunal Oral 4 de Mercedes. El polic\u00eda federal fue condenado a 15 a\u00f1os de prisi\u00f3n por el homicidio. D\u00edas antes, cuando los alegatos, CORREPI adhiri\u00f3 al pedido de la fiscal para que se detuviera a Gonz\u00e1lez, previendo que, ante la alta pena en expectativa que sobrevolaba el juicio, era muy posible que se profugara. El tribunal volvi\u00f3 a premiarlo, negando su detenci\u00f3n, as\u00ed como cualquier otra medida tendiente a garantizar su presencia el d\u00eda de la sentencia. Lo cierto es que el d\u00eda de la sentencia el sargento Gonz\u00e1lez no apareci\u00f3. La lectura de la condena fue presenciada por sus abogados, quienes argumentaron que se encontraba internado en una cl\u00ednica de la zona de Mor\u00f3n y que ah\u00ed se entregar\u00eda.\u201d,<\/em> remarcaron.<\/p>\n<p>Respecto al despu\u00e9s contaron que<em>: \u201cDe las constancias del expediente, surge que ese mismo d\u00eda sali\u00f3 la orden de captura y se reparti\u00f3 por todas las dependencias que deb\u00edan registrarla. Aunque de esa misma lectura, no surge ninguna evidencia de que hayan comisionado a alguien para ir a buscarlo. Todo ello con el agravante de que, en aquella oportunidad, tanto la secretaria del tribunal como su custodio, dijeron al padre de Checho que ya hab\u00edan procedido a detener al polic\u00eda condenado. Esta circunstancia se repiti\u00f3 tres d\u00edas despu\u00e9s, cuando CORREPI retir\u00f3 la copia de la sentencia y nos fue informado que -seg\u00fan constancias inform\u00e1ticas del propio tribunal- se hab\u00eda dispuesto el alojamiento en un penal del servicio penitenciario bonaerense.\u201d<\/em><\/p>\n<p>Tras todas esas idas y vueltas sin que se detenga al condenado se lleg\u00f3 a la situaci\u00f3n de que la justicia lo declare en rebeld\u00eda.<\/p>\n<p>Los familiares afirmaron: <em>\u201cel sargento Gonz\u00e1lez fue declarado rebelde hace apenas unos d\u00edas, ya que nunca fue detenido ni buscado. Contra toda l\u00f3gica jur\u00eddica, pese a la captura decretada, siguieron haci\u00e9ndose tr\u00e1mites tendientes a garantizar al pr\u00f3fugo su posibilidad de apelar la grave condena. Todo el cuadro de situaci\u00f3n, adem\u00e1s, se dio con desconocimiento de la fiscal\u00eda, no casualmente la \u00fanica de las partes que t\u00e9cnicamente, adem\u00e1s del tribunal, puede impulsar medidas para detenerlo.\u201d<\/em><\/p>\n<p>Los familiares declararon todo su malestar contra el Tribunal Oral N\u00b04 de Mercedes por no actuar con <em>\u201cmayor presencia, celeridad y justicia responsabiliz\u00e1ndoles por la actual situaci\u00f3n.\u201d<\/em><\/p>\n<p><strong>Gustavo Casal<\/strong> remarc\u00f3: <em>\u201cImpunidad. No otra cosa es lo que construyeron. El TOC n\u00ba 4 de Mercedes y su responsabilidad.\u00a0 El manto de impunidad que abriga la mano de los asesinos de nuestros pibes encuentra en los tribunales su brazo invalorable. Es inadmisible que se haya descartado la detenci\u00f3n cuando se pidi\u00f3 en tiempo y formas oportunas. El TOC n\u00ba 4 de Mercedes no escuch\u00f3 ni analiz\u00f3 las razones que se le dieron para hacerlo. Es inadmisible que, despu\u00e9s, no se haya mandado comisi\u00f3n alguna para detener al pr\u00f3fugo. El TOC n\u00ba 4 de Mercedes no puede escudarse en que no es su funci\u00f3n salir a buscarlo cuando cualquiera sabe que disponen de la fuerza p\u00fablica. Claro, s\u00f3lo la usan en contra de los pobres. Es inadmisible que no se haya puesto la fuga en conocimiento de la fiscal, que es la titular de las acciones que hubieran podido conducir a su detenci\u00f3n. EL TOC n\u00ba 4 de Mercedes le envi\u00f3 la causa a la fiscal\u00eda s\u00f3lo despu\u00e9s que CORREPI pidiera explicaciones en su mesa de entradas. Es inadmisible que se haya continuado el tr\u00e1mite con cuestiones superfluas cuando debi\u00f3 encaminarse todo hacia la aprehensi\u00f3n del asesino condenado. El TOC n\u00ba 4 de Mercedes jugaba a la rayuela mientras el sargento Gonz\u00e1lez lo hac\u00eda a las escondidas.\u201d<\/em> Sentenci\u00f3.<\/p>\n<p>El tema lleg\u00f3 a los medios nacionales. El canal de noticias \u201cTodo noticias\u201d ya empez\u00f3 a seguir la cuesti\u00f3n entrevistando a Gustavo Casal qui\u00e9n dej\u00f3 todos los detalles en la pantalla.<\/p>\n<p>Por \u00faltimo, quieren dejar en claro:<strong> \u201csi lo ve, no avise a la polic\u00eda, h\u00e1galo a la CORREPI\u201d.<\/strong><\/p>\n","protected":false},"excerpt":{"rendered":"<p>Condenado por la justicia de nuestra ciudad, hace apenas unas semanas, logr\u00f3 fugarse. Era miembro de las fuerzas de seguridad &#8230; <a title=\"Caso Casal: Justicia Mercedina lo conden\u00f3 a 15 a\u00f1os, pero nunca lo detuvo y ahora est\u00e1 fugado\" class=\"read-more\" href=\"https:\/\/www.hoymercedes.com.ar\/principal\/2014\/05\/22\/caso-casal-justicia-mercedina-lo-condeno-a-15-anos-pero-nunca-lo-debuto-y-ahora-esta-fugado\/\" aria-label=\"Leer m\u00e1s sobre Caso Casal: Justicia Mercedina lo conden\u00f3 a 15 a\u00f1os, pero nunca lo detuvo y ahora est\u00e1 fugado\">Leer m\u00e1s<\/a><\/p>\n","protected":false},"author":1,"featured_media":0,"comment_status":"open","ping_status":"open","sticky":false,"template":"","format":"standard","meta":{"_monsterinsights_skip_tracking":false,"_monsterinsights_sitenote_active":false,"_monsterinsights_sitenote_note":"","_monsterinsights_sitenote_category":0,"jetpack_post_was_ever_published":false,"_jetpack_newsletter_access":"","_jetpack_dont_email_post_to_subs":false,"_jetpack_newsletter_tier_id":0,"_jetpack_memberships_contains_paywalled_content":false,"_jetpack_memberships_contains_paid_content":false,"footnotes":"","jetpack_publicize_message":"","jetpack_publicize_feature_enabled":true,"jetpack_social_post_already_shared":false,"jetpack_social_options":{"image_generator_settings":{"template":"highway","default_image_id":0,"font":"","enabled":false},"version":2},"_wpas_customize_per_network":false},"categories":[85],"tags":[5295,5294],"class_list":["post-33176","post","type-post","status-publish","format-standard","hentry","category-policial","tag-caso-casal","tag-caso-checho-casal","generate-columns","tablet-grid-50","mobile-grid-100","grid-parent","grid-50"],"jetpack_publicize_connections":[],"jetpack_featured_media_url":"","wps_subtitle":"Fue el TOC N\u00b04 que lo declar\u00f3 culpable","jetpack_sharing_enabled":true,"_links":{"self":[{"href":"https:\/\/www.hoymercedes.com.ar\/principal\/wp-json\/wp\/v2\/posts\/33176","targetHints":{"allow":["GET"]}}],"collection":[{"href":"https:\/\/www.hoymercedes.com.ar\/principal\/wp-json\/wp\/v2\/posts"}],"about":[{"href":"https:\/\/www.hoymercedes.com.ar\/principal\/wp-json\/wp\/v2\/types\/post"}],"author":[{"embeddable":true,"href":"https:\/\/www.hoymercedes.com.ar\/principal\/wp-json\/wp\/v2\/users\/1"}],"replies":[{"embeddable":true,"href":"https:\/\/www.hoymercedes.com.ar\/principal\/wp-json\/wp\/v2\/comments?post=33176"}],"version-history":[{"count":0,"href":"https:\/\/www.hoymercedes.com.ar\/principal\/wp-json\/wp\/v2\/posts\/33176\/revisions"}],"wp:attachment":[{"href":"https:\/\/www.hoymercedes.com.ar\/principal\/wp-json\/wp\/v2\/media?parent=33176"}],"wp:term":[{"taxonomy":"category","embeddable":true,"href":"https:\/\/www.hoymercedes.com.ar\/principal\/wp-json\/wp\/v2\/categories?post=33176"},{"taxonomy":"post_tag","embeddable":true,"href":"https:\/\/www.hoymercedes.com.ar\/principal\/wp-json\/wp\/v2\/tags?post=33176"}],"curies":[{"name":"wp","href":"https:\/\/api.w.org\/{rel}","templated":true}]}}