{"id":33184,"date":"2014-05-23T11:17:16","date_gmt":"2014-05-23T14:17:16","guid":{"rendered":"http:\/\/www.hoymercedes.com.ar\/principal\/?p=33184"},"modified":"2014-05-23T11:17:16","modified_gmt":"2014-05-23T14:17:16","slug":"entregaron-netbook-de-conectar-igualdad-en-escuela-de-gowland","status":"publish","type":"post","link":"https:\/\/www.hoymercedes.com.ar\/principal\/2014\/05\/23\/entregaron-netbook-de-conectar-igualdad-en-escuela-de-gowland\/","title":{"rendered":"Entregaron Netbook de \u00abConectar Igualdad\u00bb en Escuela de Gowland"},"content":{"rendered":"<p><a href=\"https:\/\/www.hoymercedes.com.ar\/principal\/wp-content\/uploads\/2014\/05\/ustarroz-conectarigualdad-gowland.jpg\"><img loading=\"lazy\" decoding=\"async\" data-attachment-id=\"33186\" data-permalink=\"https:\/\/www.hoymercedes.com.ar\/principal\/2014\/05\/23\/entregaron-netbook-de-conectar-igualdad-en-escuela-de-gowland\/ustarroz-conectarigualdad-gowland\/#main\" data-orig-file=\"https:\/\/www.hoymercedes.com.ar\/principal\/wp-content\/uploads\/2014\/05\/ustarroz-conectarigualdad-gowland.jpg\" data-orig-size=\"620,412\" data-comments-opened=\"1\" data-image-meta=\"{&quot;aperture&quot;:&quot;0&quot;,&quot;credit&quot;:&quot;SEBASTIAN_AMBROSSIO&quot;,&quot;camera&quot;:&quot;&quot;,&quot;caption&quot;:&quot;&quot;,&quot;created_timestamp&quot;:&quot;0&quot;,&quot;copyright&quot;:&quot;Sebastian Ambrossio_&quot;,&quot;focal_length&quot;:&quot;0&quot;,&quot;iso&quot;:&quot;0&quot;,&quot;shutter_speed&quot;:&quot;0&quot;,&quot;title&quot;:&quot;&quot;}\" data-image-title=\"ustarroz-conectarigualdad-gowland\" data-image-description=\"\" data-image-caption=\"\" data-large-file=\"https:\/\/www.hoymercedes.com.ar\/principal\/wp-content\/uploads\/2014\/05\/ustarroz-conectarigualdad-gowland.jpg\" class=\"aligncenter size-full wp-image-33186\" src=\"https:\/\/www.hoymercedes.com.ar\/principal\/wp-content\/uploads\/2014\/05\/ustarroz-conectarigualdad-gowland.jpg\" alt=\"ustarroz-conectarigualdad-gowland\" width=\"620\" height=\"412\" \/><\/a><\/p>\n<p><em><strong>(FM) El gerente regional de la ANSES, doctor Juan Ignacio Ustarroz, asegur\u00f3 que el programa \u201cConectar Igualdad es una herramienta para tener cada d\u00eda una mejor democracia y un pa\u00eds m\u00e1s justo\u201d y, a la vez, lo consider\u00f3 \u201cuna apuesta al talento de los j\u00f3venes, que son el futuro\u201d, durante la entrega de m\u00e1s de 30 notebooks realizada en la ma\u00f1ana del jueves con los ingresantes al Secundario de la Escuela T\u00e9cnica 2 de Gowland.<\/strong><\/em><\/p>\n<p>Junto con el Secretario de Gobierno, Sergio L\u00f3pez, en representaci\u00f3n del intendente Carlos Selva; y la presidenta del Consejo Escolar, Mar\u00eda Elena Oliva; Ustarroz encabez\u00f3 el acto en la \u2018Luis Federico Leloir\u2019, de Gowland, ante directivos, docentes y alumnos.<\/p>\n<p>\u201cEstas jornadas a m\u00ed particularmente me hacen muy feliz \u2013dijo Juani Ustarroz-. Verles a los chicos esa cara de alegr\u00eda, de satisfacci\u00f3n, es muy emocionante. Para muchos es la primera oportunidad de tener una computadora. Y m\u00e1s si se hace en una escuela modelo como la T\u00e9cnica 2 de Gowland, que ha crecido en forma sostenida por el compromiso de sus directivos, de los docentes, de los padres y de los alumnos\u201d.<\/p>\n<p>\u201cEn todos los rincones de la Argentina se les est\u00e1 entregando una notebook a cada joven y a cada docente. Se les lleva una herramienta pedag\u00f3gica muy importante, porque les aporta conocimientos e integraci\u00f3n. Este programa hace realidad la igualdad, no se queda en el enunciado \u2013agreg\u00f3-. All\u00ed hay una decisi\u00f3n pol\u00edtica. Y es la igualdad lo que nos dar\u00e1 una democracia m\u00e1s justa, un pa\u00eds mejor para todos\u201d.<\/p>\n<p><a href=\"https:\/\/www.hoymercedes.com.ar\/principal\/wp-content\/uploads\/2014\/05\/ustarroz-conectarigualdad-gowland-II.jpg\"><img loading=\"lazy\" decoding=\"async\" data-attachment-id=\"33188\" data-permalink=\"https:\/\/www.hoymercedes.com.ar\/principal\/2014\/05\/23\/entregaron-netbook-de-conectar-igualdad-en-escuela-de-gowland\/ustarroz-conectarigualdad-gowland-ii\/#main\" data-orig-file=\"https:\/\/www.hoymercedes.com.ar\/principal\/wp-content\/uploads\/2014\/05\/ustarroz-conectarigualdad-gowland-II.jpg\" data-orig-size=\"620,412\" data-comments-opened=\"1\" data-image-meta=\"{&quot;aperture&quot;:&quot;0&quot;,&quot;credit&quot;:&quot;SEBASTIAN_AMBROSSIO&quot;,&quot;camera&quot;:&quot;&quot;,&quot;caption&quot;:&quot;&quot;,&quot;created_timestamp&quot;:&quot;0&quot;,&quot;copyright&quot;:&quot;Sebastian Ambrossio_&quot;,&quot;focal_length&quot;:&quot;0&quot;,&quot;iso&quot;:&quot;0&quot;,&quot;shutter_speed&quot;:&quot;0&quot;,&quot;title&quot;:&quot;&quot;}\" data-image-title=\"ustarroz-conectarigualdad-gowland-II\" data-image-description=\"\" data-image-caption=\"\" data-large-file=\"https:\/\/www.hoymercedes.com.ar\/principal\/wp-content\/uploads\/2014\/05\/ustarroz-conectarigualdad-gowland-II.jpg\" class=\"aligncenter size-full wp-image-33188\" src=\"https:\/\/www.hoymercedes.com.ar\/principal\/wp-content\/uploads\/2014\/05\/ustarroz-conectarigualdad-gowland-II.jpg\" alt=\"ustarroz-conectarigualdad-gowland-II\" width=\"620\" height=\"412\" \/><\/a><\/p>\n<p>Como cada a\u00f1o, la entrega de netbooks se hizo al curso que ingresa al Secundario, en este caso compuesto por alrededor de 30 chicos. \u201cTambi\u00e9n es para destacar que las computadoras est\u00e1n fabricadas casi totalmente en el pa\u00eds \u2013dijo Ustarroz-, por lo que a trav\u00e9s de Conectar Igualdad se ha generado empleo en empresas de San Luis, de la provincia de Buenos Aires, de Ushuaia, de varios rincones de la Argentina\u201d.<\/p>\n<p>\u201cConectar Igualdad es una apuesta al talento de los j\u00f3venes, es darles una educaci\u00f3n de calidad para que la Argentina crezca con ellos y tenga cada d\u00eda un horizonte mejor\u201d.<\/p>\n<p>Por su parte, el director de la T\u00e9cnica de Gowland, Cristian Ponce, celebr\u00f3 la llegada de las notebooks y apunt\u00f3: \u201cVenimos creciendo a\u00f1o a a\u00f1o. Desde los 14 o 15 alumnos que ten\u00edamos hace algunos a\u00f1os hoy pasamos a m\u00e1s de 140. Eso es por el compromiso que asumimos directivos y docentes y por la confianza que generamos en los padres. Estamos muy contentos y esperamos seguir por este camino\u201d.<\/p>\n<p>\u201cEstas computadoras personales vienen a afianzar nuestro desarrollo, porque ya tenemos una sala de inform\u00e1tica con computadoras de mesa, protector y una pantalla interactiva de \u00faltima tecnolog\u00eda \u2013sigui\u00f3-. Estamos muy contentos por la dimensi\u00f3n que va tomando la escuela, con el compromiso asumido de brindar una educaci\u00f3n de calidad y a la que ya vienen chicos de Olivera, de Goldney, de Mercedes, de Luj\u00e1n\u201d.<\/p>\n<p>Finalmente, la directora del Consejo Escolar, Mar\u00eda Elena Oliva, tambi\u00e9n se mostr\u00f3 muy contenta: \u201cEs un d\u00eda muy positivo, muy alegre, porque para muchos chicos \u2013y con ellos para sus familias- es la primera posibilidad de contar con una computadora\u201d.<\/p>\n","protected":false},"excerpt":{"rendered":"<p>(FM) El gerente regional de la ANSES, doctor Juan Ignacio Ustarroz, asegur\u00f3 que el programa \u201cConectar Igualdad es una herramienta &#8230; <a title=\"Entregaron Netbook de \u00abConectar Igualdad\u00bb en Escuela de Gowland\" class=\"read-more\" href=\"https:\/\/www.hoymercedes.com.ar\/principal\/2014\/05\/23\/entregaron-netbook-de-conectar-igualdad-en-escuela-de-gowland\/\" aria-label=\"Leer m\u00e1s sobre Entregaron Netbook de \u00abConectar Igualdad\u00bb en Escuela de Gowland\">Leer m\u00e1s<\/a><\/p>\n","protected":false},"author":1,"featured_media":0,"comment_status":"open","ping_status":"open","sticky":false,"template":"","format":"standard","meta":{"_monsterinsights_skip_tracking":false,"_monsterinsights_sitenote_active":false,"_monsterinsights_sitenote_note":"","_monsterinsights_sitenote_category":0,"jetpack_post_was_ever_published":false,"_jetpack_newsletter_access":"","_jetpack_dont_email_post_to_subs":false,"_jetpack_newsletter_tier_id":0,"_jetpack_memberships_contains_paywalled_content":false,"_jetpack_memberships_contains_paid_content":false,"footnotes":"","jetpack_publicize_message":"","jetpack_publicize_feature_enabled":true,"jetpack_social_post_already_shared":false,"jetpack_social_options":{"image_generator_settings":{"template":"highway","default_image_id":0,"font":"","enabled":false},"version":2},"_wpas_customize_per_network":false},"categories":[5],"tags":[5297,5296,585],"class_list":["post-33184","post","type-post","status-publish","format-standard","hentry","category-politica","tag-conectar-igualdad-merceds","tag-entregaron-netbook-de-conectar-igualdad-en-escuela-de-gowland","tag-juan-ustarroz","generate-columns","tablet-grid-50","mobile-grid-100","grid-parent","grid-50"],"jetpack_publicize_connections":[],"jetpack_featured_media_url":"","wps_subtitle":"Lo hizo el Gerente General Anses ","jetpack_sharing_enabled":true,"_links":{"self":[{"href":"https:\/\/www.hoymercedes.com.ar\/principal\/wp-json\/wp\/v2\/posts\/33184","targetHints":{"allow":["GET"]}}],"collection":[{"href":"https:\/\/www.hoymercedes.com.ar\/principal\/wp-json\/wp\/v2\/posts"}],"about":[{"href":"https:\/\/www.hoymercedes.com.ar\/principal\/wp-json\/wp\/v2\/types\/post"}],"author":[{"embeddable":true,"href":"https:\/\/www.hoymercedes.com.ar\/principal\/wp-json\/wp\/v2\/users\/1"}],"replies":[{"embeddable":true,"href":"https:\/\/www.hoymercedes.com.ar\/principal\/wp-json\/wp\/v2\/comments?post=33184"}],"version-history":[{"count":0,"href":"https:\/\/www.hoymercedes.com.ar\/principal\/wp-json\/wp\/v2\/posts\/33184\/revisions"}],"wp:attachment":[{"href":"https:\/\/www.hoymercedes.com.ar\/principal\/wp-json\/wp\/v2\/media?parent=33184"}],"wp:term":[{"taxonomy":"category","embeddable":true,"href":"https:\/\/www.hoymercedes.com.ar\/principal\/wp-json\/wp\/v2\/categories?post=33184"},{"taxonomy":"post_tag","embeddable":true,"href":"https:\/\/www.hoymercedes.com.ar\/principal\/wp-json\/wp\/v2\/tags?post=33184"}],"curies":[{"name":"wp","href":"https:\/\/api.w.org\/{rel}","templated":true}]}}