{"id":33190,"date":"2014-05-23T14:10:55","date_gmt":"2014-05-23T17:10:55","guid":{"rendered":"http:\/\/www.hoymercedes.com.ar\/principal\/?p=33190"},"modified":"2014-05-23T14:10:55","modified_gmt":"2014-05-23T17:10:55","slug":"selva-junto-a-massa-en-acto-en-hurlingham","status":"publish","type":"post","link":"https:\/\/www.hoymercedes.com.ar\/principal\/2014\/05\/23\/selva-junto-a-massa-en-acto-en-hurlingham\/","title":{"rendered":"Selva junto a Massa en acto en Hurlingham"},"content":{"rendered":"<p style=\"color: #000000;\"><a href=\"https:\/\/www.hoymercedes.com.ar\/principal\/wp-content\/uploads\/2014\/05\/selva-hurlinghan-I.jpg\"><img loading=\"lazy\" decoding=\"async\" data-attachment-id=\"33192\" data-permalink=\"https:\/\/www.hoymercedes.com.ar\/principal\/2014\/05\/23\/selva-junto-a-massa-en-acto-en-hurlingham\/selva-hurlinghan-i\/#main\" data-orig-file=\"https:\/\/www.hoymercedes.com.ar\/principal\/wp-content\/uploads\/2014\/05\/selva-hurlinghan-I.jpg\" data-orig-size=\"620,413\" data-comments-opened=\"1\" data-image-meta=\"{&quot;aperture&quot;:&quot;0&quot;,&quot;credit&quot;:&quot;&quot;,&quot;camera&quot;:&quot;&quot;,&quot;caption&quot;:&quot;&quot;,&quot;created_timestamp&quot;:&quot;0&quot;,&quot;copyright&quot;:&quot;&quot;,&quot;focal_length&quot;:&quot;0&quot;,&quot;iso&quot;:&quot;0&quot;,&quot;shutter_speed&quot;:&quot;0&quot;,&quot;title&quot;:&quot;&quot;}\" data-image-title=\"selva-hurlinghan-I\" data-image-description=\"\" data-image-caption=\"\" data-large-file=\"https:\/\/www.hoymercedes.com.ar\/principal\/wp-content\/uploads\/2014\/05\/selva-hurlinghan-I.jpg\" class=\"aligncenter size-full wp-image-33192\" src=\"https:\/\/www.hoymercedes.com.ar\/principal\/wp-content\/uploads\/2014\/05\/selva-hurlinghan-I.jpg\" alt=\"selva-hurlinghan-I\" width=\"620\" height=\"413\" \/><\/a><\/p>\n<p style=\"color: #000000;\"><em><strong><span style=\"color: #444444;\">(FR) El pasado jueves en horas de la tarde el intendente Carlos Selva particip\u00f3 del acto de presentaci\u00f3n de las 2 millones de firmas recolectadas contra la reforma al c\u00f3digo penal, iniciativa del diputado nacional Sergio Massa.<\/span><\/strong><\/em><\/p>\n<p style=\"color: #000000;\"><span style=\"color: #444444;\">El primer mandatario mercedino fue parte de un importante acto en la ciudad de Hurlingham, donde el l\u00edder dsel Frente Renovador Sergio Massa hizo la presentaci\u00f3n de m\u00e1s de 2 millones de firmas que se llevan recolectadas contra la reforma al c\u00f3digo. \u201cEs la muestra del esfuerzo que hicieron en cada distrito los militantes, concejales y dirigentes. Igualmente no nos quedamos con lo ya hecho, sino que Massa nos motiv\u00f3 para llegar a las 5 millones de firmas para agosto y desde Mercedes trabajaremos para eso\u201d,sostuvo Selva.<\/span><\/p>\n<p style=\"color: #000000;\"><span style=\"color: #444444;\">Tras el acto realizado en el microestadio de Hurlingham, Massa explic\u00f3:<\/span><span style=\"color: #444444;\">\u00a0<\/span><span style=\"color: #444444;\">\u00abLas firmas que presentamos hoy no son un n\u00famero, sino que representa la voluntad de abuelos, padres, j\u00f3venes, comerciantes, profesionales, estudiantes, que quieren vivir en un pa\u00eds donde haya premios y castigos. Donde el Estado de Derecho no s\u00f3lo sirva para proteger derechos de victimarios, sino tambi\u00e9n de las v\u00edctimas. Cuando hablamos de una condena, hablamos del trabajo organizado de v\u00edctimas, jueces, ministerios, tratando de castigar a aquel que vive al margen de la ley, para demostrar que no es todo lo mismo, que aquel que comete un delito tiene que pagar frente a la sociedad, y quien reincide, es porque decidi\u00f3 hacer de esto un estilo de vida\u00bb.<img loading=\"lazy\" decoding=\"async\" data-attachment-id=\"33193\" data-permalink=\"https:\/\/www.hoymercedes.com.ar\/principal\/2014\/05\/23\/selva-junto-a-massa-en-acto-en-hurlingham\/selva-hurlinghan-ii\/#main\" data-orig-file=\"https:\/\/www.hoymercedes.com.ar\/principal\/wp-content\/uploads\/2014\/05\/selva-hurlinghan-II.jpg\" data-orig-size=\"620,413\" data-comments-opened=\"1\" data-image-meta=\"{&quot;aperture&quot;:&quot;0&quot;,&quot;credit&quot;:&quot;&quot;,&quot;camera&quot;:&quot;&quot;,&quot;caption&quot;:&quot;&quot;,&quot;created_timestamp&quot;:&quot;0&quot;,&quot;copyright&quot;:&quot;&quot;,&quot;focal_length&quot;:&quot;0&quot;,&quot;iso&quot;:&quot;0&quot;,&quot;shutter_speed&quot;:&quot;0&quot;,&quot;title&quot;:&quot;&quot;}\" data-image-title=\"selva-hurlinghan-II\" data-image-description=\"\" data-image-caption=\"\" data-large-file=\"https:\/\/www.hoymercedes.com.ar\/principal\/wp-content\/uploads\/2014\/05\/selva-hurlinghan-II.jpg\" class=\"aligncenter size-full wp-image-33193\" src=\"https:\/\/www.hoymercedes.com.ar\/principal\/wp-content\/uploads\/2014\/05\/selva-hurlinghan-II.jpg\" alt=\"selva-hurlinghan-II\" width=\"620\" height=\"413\" \/><\/span><\/p>\n<p style=\"color: #000000;\"><span style=\"color: #444444;\">Adem\u00e1s, Massa destac\u00f3: \u00abHoy llegamos a la mitad de camino que nos propusimos hace 60 d\u00edas, para llegar a agosto con el compromiso de 5 millones de argentinos. Tenemos que seguir generando conciencia en nuestra sociedad, que este proyecto significa la eliminaci\u00f3n del principio de reincidencia\u201d, y agreg\u00f3: \u201cNecesitamos penas que le demuestren a la gente que trabajar no es lo mismo que vivir al margen de la ley. Queremos una sociedad con premios y castigos. Con el mensaje de da todo lo mismo no podemos construir el mensaje de respeto a la ley\u201d.<\/span><\/p>\n<p style=\"color: #000000;\"><span style=\"color: #444444;\">Asistieron diputados, senadores, intendentes, dirigentes, integrantes de los equipos t\u00e9cnicos del Frente Renovador y representantes de ONG\u00b4s y asociaciones contra el delito.<\/span><\/p>\n<p style=\"color: #000000;\"><span style=\"color: rgb(128, 128, 128);\">Fuente: Frente Renovador<\/span><\/p>\n","protected":false},"excerpt":{"rendered":"<p>(FR) El pasado jueves en horas de la tarde el intendente Carlos Selva particip\u00f3 del acto de presentaci\u00f3n de las &#8230; <a title=\"Selva junto a Massa en acto en Hurlingham\" class=\"read-more\" href=\"https:\/\/www.hoymercedes.com.ar\/principal\/2014\/05\/23\/selva-junto-a-massa-en-acto-en-hurlingham\/\" aria-label=\"Leer m\u00e1s sobre Selva junto a Massa en acto en Hurlingham\">Leer m\u00e1s<\/a><\/p>\n","protected":false},"author":1,"featured_media":0,"comment_status":"open","ping_status":"open","sticky":false,"template":"","format":"standard","meta":{"_monsterinsights_skip_tracking":false,"_monsterinsights_sitenote_active":false,"_monsterinsights_sitenote_note":"","_monsterinsights_sitenote_category":0,"jetpack_post_was_ever_published":false,"_jetpack_newsletter_access":"","_jetpack_dont_email_post_to_subs":false,"_jetpack_newsletter_tier_id":0,"_jetpack_memberships_contains_paywalled_content":false,"_jetpack_memberships_contains_paid_content":false,"footnotes":"","jetpack_publicize_message":"","jetpack_publicize_feature_enabled":true,"jetpack_social_post_already_shared":false,"jetpack_social_options":{"image_generator_settings":{"template":"highway","default_image_id":0,"font":"","enabled":false},"version":2},"_wpas_customize_per_network":false},"categories":[5],"tags":[39,3537],"class_list":["post-33190","post","type-post","status-publish","format-standard","hentry","category-politica","tag-carlos-selva","tag-frente-renovador","generate-columns","tablet-grid-50","mobile-grid-100","grid-parent","grid-50"],"jetpack_publicize_connections":[],"jetpack_featured_media_url":"","wps_subtitle":"Presentaron 2 millones de firmas contra el c\u00f3digo","jetpack_sharing_enabled":true,"_links":{"self":[{"href":"https:\/\/www.hoymercedes.com.ar\/principal\/wp-json\/wp\/v2\/posts\/33190","targetHints":{"allow":["GET"]}}],"collection":[{"href":"https:\/\/www.hoymercedes.com.ar\/principal\/wp-json\/wp\/v2\/posts"}],"about":[{"href":"https:\/\/www.hoymercedes.com.ar\/principal\/wp-json\/wp\/v2\/types\/post"}],"author":[{"embeddable":true,"href":"https:\/\/www.hoymercedes.com.ar\/principal\/wp-json\/wp\/v2\/users\/1"}],"replies":[{"embeddable":true,"href":"https:\/\/www.hoymercedes.com.ar\/principal\/wp-json\/wp\/v2\/comments?post=33190"}],"version-history":[{"count":0,"href":"https:\/\/www.hoymercedes.com.ar\/principal\/wp-json\/wp\/v2\/posts\/33190\/revisions"}],"wp:attachment":[{"href":"https:\/\/www.hoymercedes.com.ar\/principal\/wp-json\/wp\/v2\/media?parent=33190"}],"wp:term":[{"taxonomy":"category","embeddable":true,"href":"https:\/\/www.hoymercedes.com.ar\/principal\/wp-json\/wp\/v2\/categories?post=33190"},{"taxonomy":"post_tag","embeddable":true,"href":"https:\/\/www.hoymercedes.com.ar\/principal\/wp-json\/wp\/v2\/tags?post=33190"}],"curies":[{"name":"wp","href":"https:\/\/api.w.org\/{rel}","templated":true}]}}