{"id":33195,"date":"2014-05-23T16:13:09","date_gmt":"2014-05-23T19:13:09","guid":{"rendered":"http:\/\/www.hoymercedes.com.ar\/principal\/?p=33195"},"modified":"2014-05-23T14:16:41","modified_gmt":"2014-05-23T17:16:41","slug":"dematei-entrego-subsidio-de-20-000-a-centro-de-jubilados","status":"publish","type":"post","link":"https:\/\/www.hoymercedes.com.ar\/principal\/2014\/05\/23\/dematei-entrego-subsidio-de-20-000-a-centro-de-jubilados\/","title":{"rendered":"Dematei entreg\u00f3 subsidio de $20.000 a centro de jubilados"},"content":{"rendered":"<p><em><a href=\"https:\/\/www.hoymercedes.com.ar\/principal\/wp-content\/uploads\/2014\/05\/pami.matiasdematei.jpg\"><img loading=\"lazy\" decoding=\"async\" data-attachment-id=\"33197\" data-permalink=\"https:\/\/www.hoymercedes.com.ar\/principal\/2014\/05\/23\/dematei-entrego-subsidio-de-20-000-a-centro-de-jubilados\/pami-matiasdematei\/#main\" data-orig-file=\"https:\/\/www.hoymercedes.com.ar\/principal\/wp-content\/uploads\/2014\/05\/pami.matiasdematei.jpg\" data-orig-size=\"620,465\" data-comments-opened=\"1\" data-image-meta=\"{&quot;aperture&quot;:&quot;0&quot;,&quot;credit&quot;:&quot;&quot;,&quot;camera&quot;:&quot;&quot;,&quot;caption&quot;:&quot;&quot;,&quot;created_timestamp&quot;:&quot;0&quot;,&quot;copyright&quot;:&quot;&quot;,&quot;focal_length&quot;:&quot;0&quot;,&quot;iso&quot;:&quot;0&quot;,&quot;shutter_speed&quot;:&quot;0&quot;,&quot;title&quot;:&quot;&quot;}\" data-image-title=\"pami.matiasdematei\" data-image-description=\"\" data-image-caption=\"\" data-large-file=\"https:\/\/www.hoymercedes.com.ar\/principal\/wp-content\/uploads\/2014\/05\/pami.matiasdematei.jpg\" class=\"aligncenter size-full wp-image-33197\" src=\"https:\/\/www.hoymercedes.com.ar\/principal\/wp-content\/uploads\/2014\/05\/pami.matiasdematei.jpg\" alt=\"pami.matiasdematei\" width=\"620\" height=\"465\" \/><\/a><\/em><\/p>\n<p><em><strong>El director local del PAMI y concejal por el Frente Mercedino para la Victoria, Mat\u00edas Dematei, le entreg\u00f3 un subsidio de 20 mil pesos al Centro de Jubilados Casa de los Abuelos Mercedinos, que funciona en el Club Apolo (calle 39 entre 32 y 34) y cuyos integrantes usar\u00e1n para distintas necesidades de obras y mantenimiento del edificio.<\/strong><\/em><\/p>\n<p>\u201cEstamos muy agradecidos por el trabajo que hace Mat\u00edas al frente del PAMI y todo lo que se preocupa por nosotros \u2013dijeron desde Casa de los Abuelos Mercedinos-. Nos sentimos muy acompa\u00f1ados y contenidos y sabemos que tenemos a alguien siempre a disposici\u00f3n de nuestras necesidades, con mucho compromiso y mucho esfuerzo. Este dinero significa la posibilidad de seguir creciendo y consolid\u00e1ndonos como centro\u201d.<\/p>\n<p>El subsidio (gestionado ante el Instituto Nacional de Jubilados y Pensionados) fue recibido por el presidente del centro de jubilados, Roberto Ghigliotto, y otros integrantes de la Comisi\u00f3n Directiva, quienes le dedicaron un recuerdo especial \u201ca alguien que ya no est\u00e1 f\u00edsicamente pero que fue el motor para poner esto en marcha, que era nuestra alegr\u00eda y un gran amigo como Pablo Espinoza\u201d.<\/p>\n<p>En marzo, Dematei hab\u00eda entregado un subsidio similar a la Agrupaci\u00f3n de Jubilados, Pensionados y Retirados de Mercedes que est\u00e1 ubicada en calle 12 entre 31 y 33.<\/p>\n<p>\u201cCuando asum\u00ed, \u2018Juani\u2019 (Ustarroz, presidente del bloque de concejales del Frente Mercedino para la Victoria), me resalt\u00f3 la necesidad de trabajar y esforzarnos cada d\u00eda para cubrir las necesidades de los afiliados al PAMI. A m\u00ed me provoca una profunda alegr\u00eda esta chance de gestionarles este subsidio, porque es la satisfacci\u00f3n de cumplir con los objetivos que nos trazamos cotidianamente\u201d, explic\u00f3 Mat\u00edas Dematei.<\/p>\n<p>\u201cAdem\u00e1s, desde el PAMI debemos impulsar firmemente todas estas actividades como lo son el crecimiento de un centro de jubilados o la organizaci\u00f3n de viajes y actividades recreativas\u201d, ejemplific\u00f3.\u00a0 \u201cLa idea central es mejorar la calidad de vida de los jubilados y pensionados y llegar a todos los rincones de Mercedes\u201d, agreg\u00f3<\/p>\n<p>La Casa de los Abuelos Mercedinos, adem\u00e1s de articular con el PAMI distintas prestaciones para los afiliados, har\u00e1 mejoras en su edificio para ampliar sus servicios: ya cuenta con enfermer\u00eda, pedicur\u00eda, masoterapia y, en breve, talleres recreativos. \u201cPor eso este aporta es muy importante para seguir creciendo\u201d, explicaron.<\/p>\n<p>\u201cYo les agradezco que me abran las puertas y me den la oportunidad de trabajar con ustedes \u2013les reiter\u00f3 Dematei-. Es un orgullo y una enorme responsabilidad. Despu\u00e9s de todo lo que han trabajado, esta etapa de su vida es para disfrutar, y nosotros tenemos la obligaci\u00f3n de facilitarles ese objetivo\u201d.<\/p>\n<p><span style=\"color: #808080;\">Fuente: Prensa PAMI<\/span><\/p>\n","protected":false},"excerpt":{"rendered":"<p>El director local del PAMI y concejal por el Frente Mercedino para la Victoria, Mat\u00edas Dematei, le entreg\u00f3 un subsidio &#8230; <a title=\"Dematei entreg\u00f3 subsidio de $20.000 a centro de jubilados\" class=\"read-more\" href=\"https:\/\/www.hoymercedes.com.ar\/principal\/2014\/05\/23\/dematei-entrego-subsidio-de-20-000-a-centro-de-jubilados\/\" aria-label=\"Leer m\u00e1s sobre Dematei entreg\u00f3 subsidio de $20.000 a centro de jubilados\">Leer m\u00e1s<\/a><\/p>\n","protected":false},"author":1,"featured_media":0,"comment_status":"open","ping_status":"open","sticky":false,"template":"","format":"standard","meta":{"_monsterinsights_skip_tracking":false,"_monsterinsights_sitenote_active":false,"_monsterinsights_sitenote_note":"","_monsterinsights_sitenote_category":0,"jetpack_post_was_ever_published":false,"_jetpack_newsletter_access":"","_jetpack_dont_email_post_to_subs":false,"_jetpack_newsletter_tier_id":0,"_jetpack_memberships_contains_paywalled_content":false,"_jetpack_memberships_contains_paid_content":false,"footnotes":"","jetpack_publicize_message":"","jetpack_publicize_feature_enabled":true,"jetpack_social_post_already_shared":false,"jetpack_social_options":{"image_generator_settings":{"template":"highway","default_image_id":0,"font":"","enabled":false},"version":2},"_wpas_customize_per_network":false},"categories":[5],"tags":[5298,500],"class_list":["post-33195","post","type-post","status-publish","format-standard","hentry","category-politica","tag-matias-dematei-concejal-frente-mercedino","tag-pami-mercedes","generate-columns","tablet-grid-50","mobile-grid-100","grid-parent","grid-50"],"jetpack_publicize_connections":[],"jetpack_featured_media_url":"","wps_subtitle":"Casa de los Abuelos ","jetpack_sharing_enabled":true,"_links":{"self":[{"href":"https:\/\/www.hoymercedes.com.ar\/principal\/wp-json\/wp\/v2\/posts\/33195","targetHints":{"allow":["GET"]}}],"collection":[{"href":"https:\/\/www.hoymercedes.com.ar\/principal\/wp-json\/wp\/v2\/posts"}],"about":[{"href":"https:\/\/www.hoymercedes.com.ar\/principal\/wp-json\/wp\/v2\/types\/post"}],"author":[{"embeddable":true,"href":"https:\/\/www.hoymercedes.com.ar\/principal\/wp-json\/wp\/v2\/users\/1"}],"replies":[{"embeddable":true,"href":"https:\/\/www.hoymercedes.com.ar\/principal\/wp-json\/wp\/v2\/comments?post=33195"}],"version-history":[{"count":0,"href":"https:\/\/www.hoymercedes.com.ar\/principal\/wp-json\/wp\/v2\/posts\/33195\/revisions"}],"wp:attachment":[{"href":"https:\/\/www.hoymercedes.com.ar\/principal\/wp-json\/wp\/v2\/media?parent=33195"}],"wp:term":[{"taxonomy":"category","embeddable":true,"href":"https:\/\/www.hoymercedes.com.ar\/principal\/wp-json\/wp\/v2\/categories?post=33195"},{"taxonomy":"post_tag","embeddable":true,"href":"https:\/\/www.hoymercedes.com.ar\/principal\/wp-json\/wp\/v2\/tags?post=33195"}],"curies":[{"name":"wp","href":"https:\/\/api.w.org\/{rel}","templated":true}]}}