{"id":33206,"date":"2014-05-23T21:39:58","date_gmt":"2014-05-24T00:39:58","guid":{"rendered":"http:\/\/www.hoymercedes.com.ar\/principal\/?p=33206"},"modified":"2014-05-23T21:39:58","modified_gmt":"2014-05-24T00:39:58","slug":"festejaron-fecha-patria-en-la-unidad-n5-en-primaria-y-secundaria","status":"publish","type":"post","link":"https:\/\/www.hoymercedes.com.ar\/principal\/2014\/05\/23\/festejaron-fecha-patria-en-la-unidad-n5-en-primaria-y-secundaria\/","title":{"rendered":"Festejaron fecha patria en la Unidad N\u00b05 en Primaria y Secundaria"},"content":{"rendered":"<p>&nbsp;<\/p>\n<p><a href=\"https:\/\/www.hoymercedes.com.ar\/principal\/wp-content\/uploads\/2014\/05\/unidad5-educacion-III.jpg\"><img loading=\"lazy\" decoding=\"async\" data-attachment-id=\"33210\" data-permalink=\"https:\/\/www.hoymercedes.com.ar\/principal\/2014\/05\/23\/festejaron-fecha-patria-en-la-unidad-n5-en-primaria-y-secundaria\/unidad5-educacion-iii\/#main\" data-orig-file=\"https:\/\/www.hoymercedes.com.ar\/principal\/wp-content\/uploads\/2014\/05\/unidad5-educacion-III.jpg\" data-orig-size=\"620,413\" data-comments-opened=\"1\" data-image-meta=\"{&quot;aperture&quot;:&quot;0&quot;,&quot;credit&quot;:&quot;&quot;,&quot;camera&quot;:&quot;&quot;,&quot;caption&quot;:&quot;&quot;,&quot;created_timestamp&quot;:&quot;0&quot;,&quot;copyright&quot;:&quot;&quot;,&quot;focal_length&quot;:&quot;0&quot;,&quot;iso&quot;:&quot;0&quot;,&quot;shutter_speed&quot;:&quot;0&quot;,&quot;title&quot;:&quot;&quot;}\" data-image-title=\"unidad5-educacion III\" data-image-description=\"\" data-image-caption=\"\" data-large-file=\"https:\/\/www.hoymercedes.com.ar\/principal\/wp-content\/uploads\/2014\/05\/unidad5-educacion-III.jpg\" class=\"aligncenter size-full wp-image-33210\" src=\"https:\/\/www.hoymercedes.com.ar\/principal\/wp-content\/uploads\/2014\/05\/unidad5-educacion-III.jpg\" alt=\"unidad5-educacion III\" width=\"620\" height=\"413\" \/><\/a><\/p>\n<p><strong>\u00abEn sencillas ceremonias, ambas escuelas festejaron la fecha Patria, recordando los 204 a\u00f1os de\u00a0la Revoluci\u00f3n\u00bb, comentaron desde la Unidad carcelaria.<\/strong><\/p>\n<p>Con aulas decoradas para la ocasi\u00f3n, las Banderas, el himno y palabras alusivas fue la parte protocolar.<\/p>\n<p>En\u00a0la Escuela\u00a0Media\u00a0N\u00ba 2, el Profesor e Historiador Federico Belzunce realizo una rese\u00f1a de la \u00e9poca, con an\u00e9cdotas y an\u00e1lisis muy pr\u00e1cticos para el alumnado presente. Acompa\u00f1o este momento chocolate caliente y alfajores para los internos.<\/p>\n<p>Por su parte\u00a0la Escuela\u00a0Primaria\u00a0N\u00ba 701, termino el acto con m\u00fasica en vivo, realizada por un grupo de internos que canta y toca la guitarra de manera excelente.<\/p>\n<p>Fuente: Unidad 5<\/p>\n<p><a href=\"https:\/\/www.hoymercedes.com.ar\/principal\/wp-content\/uploads\/2014\/05\/unidad5-educacion.jpg\"><img loading=\"lazy\" decoding=\"async\" data-attachment-id=\"33211\" data-permalink=\"https:\/\/www.hoymercedes.com.ar\/principal\/2014\/05\/23\/festejaron-fecha-patria-en-la-unidad-n5-en-primaria-y-secundaria\/unidad5-educacion\/#main\" data-orig-file=\"https:\/\/www.hoymercedes.com.ar\/principal\/wp-content\/uploads\/2014\/05\/unidad5-educacion.jpg\" data-orig-size=\"620,413\" data-comments-opened=\"1\" data-image-meta=\"{&quot;aperture&quot;:&quot;0&quot;,&quot;credit&quot;:&quot;&quot;,&quot;camera&quot;:&quot;&quot;,&quot;caption&quot;:&quot;&quot;,&quot;created_timestamp&quot;:&quot;0&quot;,&quot;copyright&quot;:&quot;&quot;,&quot;focal_length&quot;:&quot;0&quot;,&quot;iso&quot;:&quot;0&quot;,&quot;shutter_speed&quot;:&quot;0&quot;,&quot;title&quot;:&quot;&quot;}\" data-image-title=\"unidad5-educacion\" data-image-description=\"\" data-image-caption=\"\" data-large-file=\"https:\/\/www.hoymercedes.com.ar\/principal\/wp-content\/uploads\/2014\/05\/unidad5-educacion.jpg\" class=\"aligncenter size-full wp-image-33211\" src=\"https:\/\/www.hoymercedes.com.ar\/principal\/wp-content\/uploads\/2014\/05\/unidad5-educacion.jpg\" alt=\"unidad5-educacion\" width=\"620\" height=\"413\" \/><\/a><\/p>\n<p>&nbsp;<\/p>\n<p><a href=\"https:\/\/www.hoymercedes.com.ar\/principal\/wp-content\/uploads\/2014\/05\/unidad5-educacion-III.jpg\"><img loading=\"lazy\" decoding=\"async\" data-attachment-id=\"33209\" data-permalink=\"https:\/\/www.hoymercedes.com.ar\/principal\/2014\/05\/23\/festejaron-fecha-patria-en-la-unidad-n5-en-primaria-y-secundaria\/unidad5-educacion-ii\/#main\" data-orig-file=\"https:\/\/www.hoymercedes.com.ar\/principal\/wp-content\/uploads\/2014\/05\/unidad5-educacion-II.jpg\" data-orig-size=\"620,413\" data-comments-opened=\"1\" data-image-meta=\"{&quot;aperture&quot;:&quot;0&quot;,&quot;credit&quot;:&quot;&quot;,&quot;camera&quot;:&quot;&quot;,&quot;caption&quot;:&quot;&quot;,&quot;created_timestamp&quot;:&quot;0&quot;,&quot;copyright&quot;:&quot;&quot;,&quot;focal_length&quot;:&quot;0&quot;,&quot;iso&quot;:&quot;0&quot;,&quot;shutter_speed&quot;:&quot;0&quot;,&quot;title&quot;:&quot;&quot;}\" data-image-title=\"unidad5-educacion II\" data-image-description=\"\" data-image-caption=\"\" data-large-file=\"https:\/\/www.hoymercedes.com.ar\/principal\/wp-content\/uploads\/2014\/05\/unidad5-educacion-II.jpg\" class=\"aligncenter size-full wp-image-33209\" src=\"https:\/\/www.hoymercedes.com.ar\/principal\/wp-content\/uploads\/2014\/05\/unidad5-educacion-II.jpg\" alt=\"unidad5-educacion II\" width=\"620\" height=\"413\" \/><\/a><\/p>\n","protected":false},"excerpt":{"rendered":"<p>&nbsp; \u00abEn sencillas ceremonias, ambas escuelas festejaron la fecha Patria, recordando los 204 a\u00f1os de\u00a0la Revoluci\u00f3n\u00bb, comentaron desde la Unidad &#8230; <a title=\"Festejaron fecha patria en la Unidad N\u00b05 en Primaria y Secundaria\" class=\"read-more\" href=\"https:\/\/www.hoymercedes.com.ar\/principal\/2014\/05\/23\/festejaron-fecha-patria-en-la-unidad-n5-en-primaria-y-secundaria\/\" aria-label=\"Leer m\u00e1s sobre Festejaron fecha patria en la Unidad N\u00b05 en Primaria y Secundaria\">Leer m\u00e1s<\/a><\/p>\n","protected":false},"author":1,"featured_media":0,"comment_status":"open","ping_status":"open","sticky":false,"template":"","format":"standard","meta":{"_monsterinsights_skip_tracking":false,"_monsterinsights_sitenote_active":false,"_monsterinsights_sitenote_note":"","_monsterinsights_sitenote_category":0,"jetpack_post_was_ever_published":false,"_jetpack_newsletter_access":"","_jetpack_dont_email_post_to_subs":false,"_jetpack_newsletter_tier_id":0,"_jetpack_memberships_contains_paywalled_content":false,"_jetpack_memberships_contains_paid_content":false,"footnotes":"","jetpack_publicize_message":"","jetpack_publicize_feature_enabled":true,"jetpack_social_post_already_shared":false,"jetpack_social_options":{"image_generator_settings":{"template":"highway","default_image_id":0,"font":"","enabled":false},"version":2},"_wpas_customize_per_network":false},"categories":[23],"tags":[5302,5301,113],"class_list":["post-33206","post","type-post","status-publish","format-standard","hentry","category-educacion","tag-primaria-unidad-5","tag-secundaria-unidad-5","tag-unidad-5","generate-columns","tablet-grid-50","mobile-grid-100","grid-parent","grid-50"],"jetpack_publicize_connections":[],"jetpack_featured_media_url":"","wps_subtitle":"Educaci\u00f3n en servicio penitenciario ","jetpack_sharing_enabled":true,"_links":{"self":[{"href":"https:\/\/www.hoymercedes.com.ar\/principal\/wp-json\/wp\/v2\/posts\/33206","targetHints":{"allow":["GET"]}}],"collection":[{"href":"https:\/\/www.hoymercedes.com.ar\/principal\/wp-json\/wp\/v2\/posts"}],"about":[{"href":"https:\/\/www.hoymercedes.com.ar\/principal\/wp-json\/wp\/v2\/types\/post"}],"author":[{"embeddable":true,"href":"https:\/\/www.hoymercedes.com.ar\/principal\/wp-json\/wp\/v2\/users\/1"}],"replies":[{"embeddable":true,"href":"https:\/\/www.hoymercedes.com.ar\/principal\/wp-json\/wp\/v2\/comments?post=33206"}],"version-history":[{"count":0,"href":"https:\/\/www.hoymercedes.com.ar\/principal\/wp-json\/wp\/v2\/posts\/33206\/revisions"}],"wp:attachment":[{"href":"https:\/\/www.hoymercedes.com.ar\/principal\/wp-json\/wp\/v2\/media?parent=33206"}],"wp:term":[{"taxonomy":"category","embeddable":true,"href":"https:\/\/www.hoymercedes.com.ar\/principal\/wp-json\/wp\/v2\/categories?post=33206"},{"taxonomy":"post_tag","embeddable":true,"href":"https:\/\/www.hoymercedes.com.ar\/principal\/wp-json\/wp\/v2\/tags?post=33206"}],"curies":[{"name":"wp","href":"https:\/\/api.w.org\/{rel}","templated":true}]}}