{"id":33230,"date":"2014-05-24T12:06:17","date_gmt":"2014-05-24T15:06:17","guid":{"rendered":"http:\/\/www.hoymercedes.com.ar\/principal\/?p=33230"},"modified":"2014-05-24T12:09:19","modified_gmt":"2014-05-24T15:09:19","slug":"accidente-que-pudo-ser-fatal-en-ruta-nacional-no5","status":"publish","type":"post","link":"https:\/\/www.hoymercedes.com.ar\/principal\/2014\/05\/24\/accidente-que-pudo-ser-fatal-en-ruta-nacional-no5\/","title":{"rendered":"Accidente que pudo ser fatal en Ruta Nacional N\u00ba5"},"content":{"rendered":"<p><a href=\"https:\/\/www.hoymercedes.com.ar\/principal\/wp-content\/uploads\/2014\/05\/acc.ruta5_.109.24.05.2014-I1.jpg\"><br \/>\n<\/a><\/p>\n<p><a href=\"https:\/\/www.hoymercedes.com.ar\/principal\/wp-content\/uploads\/2014\/05\/acc.ruta5_.109.24.05.2014-III1.jpg\"><img loading=\"lazy\" decoding=\"async\" data-attachment-id=\"33237\" data-permalink=\"https:\/\/www.hoymercedes.com.ar\/principal\/2014\/05\/24\/accidente-que-pudo-ser-fatal-en-ruta-nacional-no5\/acc-ruta5-109-24-05-2014-iii-2\/#main\" data-orig-file=\"https:\/\/www.hoymercedes.com.ar\/principal\/wp-content\/uploads\/2014\/05\/acc.ruta5_.109.24.05.2014-III1.jpg\" data-orig-size=\"620,465\" data-comments-opened=\"1\" data-image-meta=\"{&quot;aperture&quot;:&quot;0&quot;,&quot;credit&quot;:&quot;&quot;,&quot;camera&quot;:&quot;&quot;,&quot;caption&quot;:&quot;&quot;,&quot;created_timestamp&quot;:&quot;0&quot;,&quot;copyright&quot;:&quot;&quot;,&quot;focal_length&quot;:&quot;0&quot;,&quot;iso&quot;:&quot;0&quot;,&quot;shutter_speed&quot;:&quot;0&quot;,&quot;title&quot;:&quot;&quot;}\" data-image-title=\"acc.ruta5.109.24.05.2014-III\" data-image-description=\"\" data-image-caption=\"\" data-large-file=\"https:\/\/www.hoymercedes.com.ar\/principal\/wp-content\/uploads\/2014\/05\/acc.ruta5_.109.24.05.2014-III1.jpg\" class=\"aligncenter size-full wp-image-33237\" src=\"https:\/\/www.hoymercedes.com.ar\/principal\/wp-content\/uploads\/2014\/05\/acc.ruta5_.109.24.05.2014-III1.jpg\" alt=\"acc.ruta5.109.24.05.2014-III\" width=\"620\" height=\"465\" \/><\/a><\/p>\n<p>&nbsp;<\/p>\n<p><em><strong>Durante la noche del viernes, cerca de las 23.00hs, se produjo un nuevo accidente de tr\u00e1nsito en la Ruta Nacional N\u00aa5 entre Mercedes y Suipacha a la altura del kil\u00f3metro 108. El hospital de Mercedes y los Bomberos locales intervinieron en el hecho.<\/strong><\/em><\/p>\n<p>Todo se inici\u00f3 cunando un tractor con acoplado circulaba por la ruta espec\u00edficamente sobre un puente. En el lugar del siniestro se encontraron las fuerzas de seguridad y protecci\u00f3n de la vida de Mercedes y Suipacha por no saberse con claridad en un principio en qu\u00e9 lugar exacto era, entonces, ambos avisados, participaron y aunque qued\u00f3 todo bajo jurisdicci\u00f3n de Mercedes, mostr\u00f3 la celeridad y preocupaci\u00f3n de ambas localidades.<\/p>\n<p>El tractor remolcaba un acoplado rural de dos ejes por la ruta en direcci\u00f3n a Mercedes, a baja velocidad y es embestido por una camioneta Pick Up Chevrolet S-10 en la que viajaba un matrimonio de San Mart\u00edn que tras impactar recibe, tambi\u00e9n de atr\u00e1s, un golpe de un auto Renault Clio generando as\u00ed el choque entre tres.\u00a0Por los impactos el acoplado, sin luces ni para golpes trasero, qued\u00f3 montado en la baranda del puente.<\/p>\n<p>&nbsp;<\/p>\n<p><img loading=\"lazy\" decoding=\"async\" data-attachment-id=\"33239\" data-permalink=\"https:\/\/www.hoymercedes.com.ar\/principal\/2014\/05\/24\/accidente-que-pudo-ser-fatal-en-ruta-nacional-no5\/acc-ruta5-109-24-05-2014-v\/#main\" data-orig-file=\"https:\/\/www.hoymercedes.com.ar\/principal\/wp-content\/uploads\/2014\/05\/acc.ruta5_.109.24.05.2014-V.jpg\" data-orig-size=\"620,465\" data-comments-opened=\"1\" data-image-meta=\"{&quot;aperture&quot;:&quot;0&quot;,&quot;credit&quot;:&quot;&quot;,&quot;camera&quot;:&quot;&quot;,&quot;caption&quot;:&quot;&quot;,&quot;created_timestamp&quot;:&quot;0&quot;,&quot;copyright&quot;:&quot;&quot;,&quot;focal_length&quot;:&quot;0&quot;,&quot;iso&quot;:&quot;0&quot;,&quot;shutter_speed&quot;:&quot;0&quot;,&quot;title&quot;:&quot;&quot;}\" data-image-title=\"acc.ruta5.109.24.05.2014-V\" data-image-description=\"\" data-image-caption=\"\" data-large-file=\"https:\/\/www.hoymercedes.com.ar\/principal\/wp-content\/uploads\/2014\/05\/acc.ruta5_.109.24.05.2014-V.jpg\" class=\"aligncenter size-full wp-image-33239\" src=\"https:\/\/www.hoymercedes.com.ar\/principal\/wp-content\/uploads\/2014\/05\/acc.ruta5_.109.24.05.2014-V.jpg\" alt=\"acc.ruta5.109.24.05.2014-V\" width=\"620\" height=\"465\" \/><\/p>\n<p>&nbsp;<\/p>\n<p>&nbsp;<\/p>\n<p>Seg\u00fan comentaron desde Suipacha dos menores viajaban en el acoplado del tractor recibiendo las atenciones con lesiones leves en el Hospital Dubarry<\/p>\n<p>La ruta estuvo cortada entre las 23.00hs y las 01.00hs aproximadamente porque adem\u00e1s el lugar del choque era complicado para trabajar con comodidad.<br \/>\n<img loading=\"lazy\" decoding=\"async\" data-attachment-id=\"33238\" data-permalink=\"https:\/\/www.hoymercedes.com.ar\/principal\/2014\/05\/24\/accidente-que-pudo-ser-fatal-en-ruta-nacional-no5\/acc-ruta5-109-24-05-2014-iv-2\/#main\" data-orig-file=\"https:\/\/www.hoymercedes.com.ar\/principal\/wp-content\/uploads\/2014\/05\/acc.ruta5_.109.24.05.2014-IV1.jpg\" data-orig-size=\"620,465\" data-comments-opened=\"1\" data-image-meta=\"{&quot;aperture&quot;:&quot;0&quot;,&quot;credit&quot;:&quot;&quot;,&quot;camera&quot;:&quot;&quot;,&quot;caption&quot;:&quot;&quot;,&quot;created_timestamp&quot;:&quot;0&quot;,&quot;copyright&quot;:&quot;&quot;,&quot;focal_length&quot;:&quot;0&quot;,&quot;iso&quot;:&quot;0&quot;,&quot;shutter_speed&quot;:&quot;0&quot;,&quot;title&quot;:&quot;&quot;}\" data-image-title=\"acc.ruta5.109.24.05.2014-IV\" data-image-description=\"\" data-image-caption=\"\" data-large-file=\"https:\/\/www.hoymercedes.com.ar\/principal\/wp-content\/uploads\/2014\/05\/acc.ruta5_.109.24.05.2014-IV1.jpg\" class=\"aligncenter size-full wp-image-33238\" src=\"https:\/\/www.hoymercedes.com.ar\/principal\/wp-content\/uploads\/2014\/05\/acc.ruta5_.109.24.05.2014-IV1.jpg\" alt=\"acc.ruta5.109.24.05.2014-IV\" width=\"620\" height=\"465\" \/><\/p>\n<p>Im\u00e1genes y datos: Jorge Lasala y Hospital Dubarry<\/p>\n","protected":false},"excerpt":{"rendered":"<p>&nbsp; Durante la noche del viernes, cerca de las 23.00hs, se produjo un nuevo accidente de tr\u00e1nsito en la Ruta &#8230; <a title=\"Accidente que pudo ser fatal en Ruta Nacional N\u00ba5\" class=\"read-more\" href=\"https:\/\/www.hoymercedes.com.ar\/principal\/2014\/05\/24\/accidente-que-pudo-ser-fatal-en-ruta-nacional-no5\/\" aria-label=\"Leer m\u00e1s sobre Accidente que pudo ser fatal en Ruta Nacional N\u00ba5\">Leer m\u00e1s<\/a><\/p>\n","protected":false},"author":1,"featured_media":0,"comment_status":"open","ping_status":"open","sticky":false,"template":"","format":"standard","meta":{"_monsterinsights_skip_tracking":false,"_monsterinsights_sitenote_active":false,"_monsterinsights_sitenote_note":"","_monsterinsights_sitenote_category":0,"jetpack_post_was_ever_published":false,"_jetpack_newsletter_access":"","_jetpack_dont_email_post_to_subs":false,"_jetpack_newsletter_tier_id":0,"_jetpack_memberships_contains_paywalled_content":false,"_jetpack_memberships_contains_paid_content":false,"footnotes":"","jetpack_publicize_message":"","jetpack_publicize_feature_enabled":true,"jetpack_social_post_already_shared":false,"jetpack_social_options":{"image_generator_settings":{"template":"highway","default_image_id":0,"font":"","enabled":false},"version":2},"_wpas_customize_per_network":false},"categories":[8],"tags":[5305,647],"class_list":["post-33230","post","type-post","status-publish","format-standard","hentry","category-sociedad","tag-accidente-entre-mercedes-y-suipacha","tag-accidente-ruta-5","generate-columns","tablet-grid-50","mobile-grid-100","grid-parent","grid-50"],"jetpack_publicize_connections":[],"jetpack_featured_media_url":"","wps_subtitle":"Rutas: se agrava el peligro si no hay precauci\u00f3n ","jetpack_sharing_enabled":true,"_links":{"self":[{"href":"https:\/\/www.hoymercedes.com.ar\/principal\/wp-json\/wp\/v2\/posts\/33230","targetHints":{"allow":["GET"]}}],"collection":[{"href":"https:\/\/www.hoymercedes.com.ar\/principal\/wp-json\/wp\/v2\/posts"}],"about":[{"href":"https:\/\/www.hoymercedes.com.ar\/principal\/wp-json\/wp\/v2\/types\/post"}],"author":[{"embeddable":true,"href":"https:\/\/www.hoymercedes.com.ar\/principal\/wp-json\/wp\/v2\/users\/1"}],"replies":[{"embeddable":true,"href":"https:\/\/www.hoymercedes.com.ar\/principal\/wp-json\/wp\/v2\/comments?post=33230"}],"version-history":[{"count":0,"href":"https:\/\/www.hoymercedes.com.ar\/principal\/wp-json\/wp\/v2\/posts\/33230\/revisions"}],"wp:attachment":[{"href":"https:\/\/www.hoymercedes.com.ar\/principal\/wp-json\/wp\/v2\/media?parent=33230"}],"wp:term":[{"taxonomy":"category","embeddable":true,"href":"https:\/\/www.hoymercedes.com.ar\/principal\/wp-json\/wp\/v2\/categories?post=33230"},{"taxonomy":"post_tag","embeddable":true,"href":"https:\/\/www.hoymercedes.com.ar\/principal\/wp-json\/wp\/v2\/tags?post=33230"}],"curies":[{"name":"wp","href":"https:\/\/api.w.org\/{rel}","templated":true}]}}