{"id":33268,"date":"2014-05-25T14:25:14","date_gmt":"2014-05-25T17:25:14","guid":{"rendered":"http:\/\/www.hoymercedes.com.ar\/principal\/?p=33268"},"modified":"2014-05-25T14:42:46","modified_gmt":"2014-05-25T17:42:46","slug":"wado-de-pedro-el-futuro-llego-hace-rato","status":"publish","type":"post","link":"https:\/\/www.hoymercedes.com.ar\/principal\/2014\/05\/25\/wado-de-pedro-el-futuro-llego-hace-rato\/","title":{"rendered":"Wado De Pedro: \u00abEl futuro lleg\u00f3 hace rato\u00bb"},"content":{"rendered":"<p><strong>Por Eduardo Wado De Pedro &#8211; Opini\u00f3n &#8211; En P\u00e1gina\/12 \/\/<\/strong><\/p>\n<p><em><strong>\u201cQuiero convocar a todos los argentinos, a que a esta d\u00e9cada ganada le siga otra d\u00e9cada m\u00e1s en la que los argentinos sigan ganando (&#8230;) es necesario empoderar al pueblo, a la sociedad, de estas reformas y de estas conquistas, para que ya nunca nadie m\u00e1s pueda arrebat\u00e1rselas.\u201d Cristina Fern\u00e1ndez de Kirchner, 25 de mayo de 2013<\/strong><\/em><\/p>\n<p>Hace exactamente un a\u00f1o Cristina nos invitaba a celebrar los logros de la d\u00e9cada iniciada el 25 de mayo de 2003 con la llegada de N\u00e9stor Kirchner a la Casa Rosada. En el marco de un nuevo aniversario de la gesta que abri\u00f3 las puertas de nuestra independencia hace m\u00e1s de 200 a\u00f1os, la celebraci\u00f3n fue, sin embargo, una celebraci\u00f3n curiosa. Lejos del confort de la autocomplacencia y la satisfacci\u00f3n por lo realizado, el mensaje de Cristina fue profundamente movilizante: nada de lo hecho era suficiente. Mientras persistieran en nuestro pa\u00eds resquicios de desigualdad, la tarea deb\u00eda seguir adelante.<\/p>\n<p>Cargados de futuro, aquel 25 de mayo nos fuimos con la responsabilidad de estar a la altura de ese desaf\u00edo, que no es otro que el de honrar a los hombres y mujeres de una tradici\u00f3n hist\u00f3rica que hunde sus ra\u00edces en los revolucionarios de mayo, se nutre con los caudillos populares de nuestra Argentina profunda, toma forma con los liderazgos de Yrigoyen y Per\u00f3n, se hace intensamente plebeya y solidaria con el sacrificio de Evita y la militancia revolucionaria, crece con la valent\u00eda de Alfons\u00edn y retoma su capacidad de modificar la historia con N\u00e9stor y Cristina.<\/p>\n<p>La transformaci\u00f3n de nuestro pa\u00eds, durante estos \u00faltimos diez a\u00f1os, se vive en cada casa, lo experimentan los pibes en las escuelas, los cient\u00edficos en las universidades, nuestros abuelos con sus \u00faltimas travesuras y los trabajadores en los lugares de trabajo. Los enormes avances sociales, econ\u00f3micos, culturales y pol\u00edticos hacen irreconocible aquella Argentina de principios de siglo.<\/p>\n<p>Cuando en 2003 asumi\u00f3 N\u00e9stor Kirchner la Argentina estaba sumergida en la peor crisis de su historia. El panorama se compon\u00eda de un c\u00f3ctel de desconfianza ciudadana en sus instituciones y sus dirigentes, alt\u00edsimos niveles de desocupaci\u00f3n, ca\u00edda de actividad econ\u00f3mica, fuerte endeudamiento exterior y un enorme porcentaje de argentinos en situaci\u00f3n de alta vulnerabilidad social. El primer objetivo de aquel gobierno fue asegurar la paz, para inmediatamente luego reconstruir el tejido social a trav\u00e9s del fortalecimiento del Estado y la generaci\u00f3n de trabajo. En una d\u00e9cada se crearon m\u00e1s de 5 millones de nuevos puestos de trabajo y surgieron 200 mil nuevas empresas. Hoy el salario real es el m\u00e1s alto de los \u00faltimos veinte a\u00f1os.<\/p>\n<p>La ampliaci\u00f3n de la ciudadan\u00eda y la profundizaci\u00f3n de nuestra democracia se hizo a trav\u00e9s de la generaci\u00f3n de trabajo, que es el ordenador medular de nuestra sociedad, pero tambi\u00e9n se densific\u00f3 a trav\u00e9s de la pol\u00edtica de derechos humanos, del matrimonio igualitario, de la ley de medios, del acceso a las nuevas tecnolog\u00edas, de la Asignaci\u00f3n Universal por Hijo, del Plan Pro.Cre.Ar y del recientemente lanzado programa Progresar. Un Estado activo, eficiente, armonizador de las inevitables tensiones, pero no neutral, siempre del lado de los m\u00e1s vulnerables.<\/p>\n<p>Sobre el tel\u00f3n de fondo de esas decisiones de rumbo, tambi\u00e9n se sentaron las bases para el desarrollo del futuro. En estos a\u00f1os se inauguraron m\u00e1s de 12 nuevas universidades nacionales, donde m\u00e1s del 75 por ciento de los estudiantes son primera generaci\u00f3n de universitarios. Se jerarquiz\u00f3 la pol\u00edtica cient\u00edfica con la creaci\u00f3n de un Ministerio para el \u00e1rea; hoy nuestros cient\u00edficos vuelven al pa\u00eds y estamos produciendo tecnolog\u00eda de avanzada como el sat\u00e9lite Arsat-1.<\/p>\n<p>Este nuevo pa\u00eds genera ahora desaf\u00edos a\u00fan m\u00e1s complejos. Los argentinos y las argentinas somos, afortunadamente, muy inconformistas y siempre queremos m\u00e1s. Aquel desocupado de 2003 hoy es un trabajador formal: cada a\u00f1o negocia salarios y condiciones de trabajo, tiene obra social, sus hijos van a una escuela mejor y aspiran a ir a la universidad. Hoy ese ciudadano tiene diferentes preocupaciones y m\u00e1s ambiciones.<\/p>\n<p>Las rutas y las v\u00edas que durante el estancamiento econ\u00f3mico eran suficientes por la falta de actividad, hoy se vuelven un embudo que dificulta el ir y venir de los laburantes y de la riqueza producida en todos los rincones del pa\u00eds. Desde el 2003 se pavimentaron miles de kil\u00f3metros de rutas productivas, fundamentales para industrializar la ruralidad. Tambi\u00e9n hemos encarado la refundaci\u00f3n del transporte ferroviario, adem\u00e1s de recuperar la aerol\u00ednea de bandera, multiplicando los destinos. El compromiso es profundizar la tarea. Las telecomunicaciones se saturan porque nos incorporamos de a millones al uso de nuevas tecnolog\u00edas. Por ese motivo, ya se ha tendido una red de fibra \u00f3ptica de m\u00e1s de 30 mil km que permitir\u00e1 conectar a casi todo el territorio. La intensidad de la actividad econ\u00f3mica y los niveles de consumo domiciliarios nos exigen producir m\u00e1s y mejor energ\u00eda. La emblem\u00e1tica recuperaci\u00f3n de YPF y la reversi\u00f3n de los declinantes niveles de producci\u00f3n hidrocarbur\u00edfera muestran el camino a seguir. Los enormes avances en la integraci\u00f3n regional deben ser a\u00fan mejor institucionalizados para que la cooperaci\u00f3n con nuestros vecinos en la defensa de la democracia, y en la complementariedad econ\u00f3mica, ya no dependan exclusivamente de la buena sinton\u00eda personal de nuestros presidentes. La actividad de articulaci\u00f3n de la Unasur y la Celac son las referencias para cristalizar los avances.<\/p>\n<p>Los logros producen nuevos desaf\u00edos. Cuando uno sube un escal\u00f3n, se anima a intentar con el siguiente. El desaf\u00edo de las fuerzas pol\u00edticas del campo popular es acompa\u00f1ar a los argentinos y argentinas que est\u00e1n dando esos pasos.El peronismo, tal como lo entendemos y sentimos nosotros, es una pulsi\u00f3n igualitarista, profundamente rebelde, que nos obliga a ir por m\u00e1s, a ensanchar continuamente los l\u00edmites de nuestra democracia. La movilidad social ascendente es un imperativo \u00e9tico, pero tambi\u00e9n una decisi\u00f3n estrat\u00e9gica para que nuestro pa\u00eds crezca equilibradamente. Como dice Cristina, no se trata de que todos seamos iguales, sino de que todos tengamos las mismas oportunidades. La construcci\u00f3n de una patria libre, justa y soberana, que albergue a los 40 millones de argentinos no es tarea de un solo gobierno. Es el resultado de la participaci\u00f3n de un pueblo organizado, comprometido con su presente y futuro.<\/p>\n<p>La invitaci\u00f3n entonces es a organizarnos para profundizar lo hecho y asumir los desaf\u00edos de lo que falta; debatiendo apasionadamente, sin prejuicios, pero sin negociar nuestras convicciones.<\/p>\n<p>Del sue\u00f1o que nos propusieron N\u00e9stor y Cristina a este futuro que lleg\u00f3 hace rato. Este es el punto de partida para nuestra generaci\u00f3n. Nunca menos.<\/p>\n<p>* Diputado FpV. Militante de La C\u00e1mpora<\/p>\n","protected":false},"excerpt":{"rendered":"<p>Por Eduardo Wado De Pedro &#8211; Opini\u00f3n &#8211; En P\u00e1gina\/12 \/\/ \u201cQuiero convocar a todos los argentinos, a que a &#8230; <a title=\"Wado De Pedro: \u00abEl futuro lleg\u00f3 hace rato\u00bb\" class=\"read-more\" href=\"https:\/\/www.hoymercedes.com.ar\/principal\/2014\/05\/25\/wado-de-pedro-el-futuro-llego-hace-rato\/\" aria-label=\"Leer m\u00e1s sobre Wado De Pedro: \u00abEl futuro lleg\u00f3 hace rato\u00bb\">Leer m\u00e1s<\/a><\/p>\n","protected":false},"author":1,"featured_media":0,"comment_status":"open","ping_status":"open","sticky":false,"template":"","format":"standard","meta":{"_monsterinsights_skip_tracking":false,"_monsterinsights_sitenote_active":false,"_monsterinsights_sitenote_note":"","_monsterinsights_sitenote_category":0,"jetpack_post_was_ever_published":false,"_jetpack_newsletter_access":"","_jetpack_dont_email_post_to_subs":false,"_jetpack_newsletter_tier_id":0,"_jetpack_memberships_contains_paywalled_content":false,"_jetpack_memberships_contains_paid_content":false,"footnotes":"","jetpack_publicize_message":"","jetpack_publicize_feature_enabled":true,"jetpack_social_post_already_shared":false,"jetpack_social_options":{"image_generator_settings":{"template":"highway","default_image_id":0,"font":"","enabled":false},"version":2},"_wpas_customize_per_network":false},"categories":[1],"tags":[2686,281],"class_list":["post-33268","post","type-post","status-publish","format-standard","hentry","category-opinion","tag-eduardo-de-pedro","tag-wado-de-pedro","generate-columns","tablet-grid-50","mobile-grid-100","grid-parent","grid-50"],"jetpack_publicize_connections":[],"jetpack_featured_media_url":"","wps_subtitle":"Publicado en P\u00e1gina\/12","jetpack_sharing_enabled":true,"_links":{"self":[{"href":"https:\/\/www.hoymercedes.com.ar\/principal\/wp-json\/wp\/v2\/posts\/33268","targetHints":{"allow":["GET"]}}],"collection":[{"href":"https:\/\/www.hoymercedes.com.ar\/principal\/wp-json\/wp\/v2\/posts"}],"about":[{"href":"https:\/\/www.hoymercedes.com.ar\/principal\/wp-json\/wp\/v2\/types\/post"}],"author":[{"embeddable":true,"href":"https:\/\/www.hoymercedes.com.ar\/principal\/wp-json\/wp\/v2\/users\/1"}],"replies":[{"embeddable":true,"href":"https:\/\/www.hoymercedes.com.ar\/principal\/wp-json\/wp\/v2\/comments?post=33268"}],"version-history":[{"count":0,"href":"https:\/\/www.hoymercedes.com.ar\/principal\/wp-json\/wp\/v2\/posts\/33268\/revisions"}],"wp:attachment":[{"href":"https:\/\/www.hoymercedes.com.ar\/principal\/wp-json\/wp\/v2\/media?parent=33268"}],"wp:term":[{"taxonomy":"category","embeddable":true,"href":"https:\/\/www.hoymercedes.com.ar\/principal\/wp-json\/wp\/v2\/categories?post=33268"},{"taxonomy":"post_tag","embeddable":true,"href":"https:\/\/www.hoymercedes.com.ar\/principal\/wp-json\/wp\/v2\/tags?post=33268"}],"curies":[{"name":"wp","href":"https:\/\/api.w.org\/{rel}","templated":true}]}}