{"id":33302,"date":"2014-05-26T21:00:37","date_gmt":"2014-05-27T00:00:37","guid":{"rendered":"http:\/\/www.hoymercedes.com.ar\/principal\/?p=33302"},"modified":"2014-05-26T21:00:37","modified_gmt":"2014-05-27T00:00:37","slug":"los-socialistas-mercedinos-no-integraran-el-faunen","status":"publish","type":"post","link":"https:\/\/www.hoymercedes.com.ar\/principal\/2014\/05\/26\/los-socialistas-mercedinos-no-integraran-el-faunen\/","title":{"rendered":"Los Socialistas Mercedinos no integrar\u00e1n el FAUnen"},"content":{"rendered":"<p style=\"color: #000000;\"><strong>Por Socialismo Mercedes \/\/<\/strong><\/p>\n<p style=\"color: #000000;\"><em><strong><span lang=\"ES\">Frente al lanzamiento provincial del frente FAUnen, desde el Centro Socialista de Mercedes se decidi\u00f3 no formar parte de ese armado, ya que nunca existieron las correspondientes instancias partidarias de participaci\u00f3n de los delegados de los centros que discutiera y decidiera realizar dicho frente, y por otro lado, desde nuestro lugar, vemos a este frente como algo estrictamente electoralista y sin ning\u00fan tipo de programa pol\u00edtico.<\/span><\/strong><\/em><\/p>\n<p style=\"color: #000000;\"><span lang=\"ES\">Desde el Socialismo de Mercedes, siendo conscientes de nuestro lugar en la sociedad de partido chico y sin representaci\u00f3n legislativa, sin una gran estructura econ\u00f3mica ni electoral, pero con mucha humildad, trabajo militante y sobre todo con mucha firmeza ideol\u00f3gica, venimos trabajando desde hace a\u00f1os en la construcci\u00f3n de diferentes frentes pol\u00edticos que contemplen a todas las fuerzas sociales, pol\u00edticas y culturales de la izquierda popular y progresista que crean necesario avanzar hacia un verdadero movimiento capaz de generar una alternativa superadora a la dicotom\u00eda K o anti K, porque creemos que debemos ser cr\u00edticos pero a la vez constructivos, como as\u00ed tambi\u00e9n avanzar necesariamente hacia la ruptura del biapartidismo PJ-UCR, quienes, a nuestro entender, son las estructuras partidarias que forman parte de un sistema pol\u00edtico-econ\u00f3mico-cultural que generan permanentes acuerdos sobre la pol\u00edtica macro &#8211; econ\u00f3mica de nuestro pa\u00eds, como es el caso del permanente pago de la deuda externa ileg\u00edtima e ilegal<\/span><span lang=\"ES\">, como as\u00ed tambi\u00e9n,<\/span><span lang=\"ES\">\u00a0\u00a0tanto de un lado como del otro, parte de la misma clase pol\u00edtica de los \u00faltimos 20 a\u00f1os, un clase pol\u00edtica que salta de un lado a otro sin ning\u00fan tipo de verg\u00fcenza y mucho menos de coherencia, con el solo objetivo de mantenerse en los cargos y en el poder<\/span><\/p>\n<p style=\"color: #000000;\"><span lang=\"ES\">Ya desde las elecciones del a\u00f1o 2007, hemos venido tomando decisiones de estas caracter\u00edsticas, fomentando la construcci\u00f3n de frentes pol\u00edticos basados en programas y propuestas y no en el pragmatismo electoral que privilegia distribuci\u00f3n de cargos antes que el debate de ideas, diferenci\u00e1ndonos de la dirigencia que en un momento expres\u00f3 una cosa y hoy act\u00faan de manera diferente a lo que nos propusieron. Sabemos reconocer nuestros errores y limitaciones, pero no podemos dejar pasar por alto las traiciones sufridas por parte de una dirigencia partidaria provincial y nacional que ha tomado un camino distinto al que nos propusieran Juan B. Justo, Alfredo Palacios, Alicia Moreau\u00a0\u00a0y Alfredo Bravo.<\/span><\/p>\n<p style=\"color: #000000;\"><span lang=\"ES\">Por otro lado, y para aclarar las dudas respecto a nuestro compromiso de construcci\u00f3n de un espacio alternativo, recordamos que hemos formado parte de distintos frentes pol\u00edticos y electorales<\/span><span lang=\"ES\">\u00a0<\/span><span lang=\"ES\">(Encuentro Amplio en 2005, Proyecto Sur desde 2007 a 2010, FAP 2011) que fueron perdiendo su identidad y programas, y sus dirigentes fueron corri\u00e9ndose de las propuestas que les dieron nacimiento, oblig\u00e1ndonos a continuar en la b\u00fasqueda de acuerdos con otros espacios con los que coincidamos program\u00e1tica e ideol\u00f3gicamente, como fue el caso del frente electoral PODEMOS en el 2013.<\/span><\/p>\n<p style=\"color: #000000;\"><span lang=\"ES\">Hoy el conjunto de la militancia activa del Centro Socialista Leonardo Telesca, \u00a0ha decidido, una vez m\u00e1s, ratificar nuestra vocaci\u00f3n de construir una alternativa diferente a la que nos quieren obligar desde las estructuras partidarias sin ning\u00fan tipo de consulta y, mucho menos, utilizando los\u00a0 espacios de debate de base (debates que fueron una caracter\u00edstica hist\u00f3rica del socialismo), porque no queremos formar parte de una oposici\u00f3n fundada con el criterio del todos contra el gobierno y el todo vale, reeditando estrategias del rejunte y de la experiencia fracasada de la Alianza, o del Acuerdo C\u00edvico y Social de 2009, tirando por la borda todo lo construido hasta hoy. No podemos dejar de nombrar que quienes forman parte de este frente son aquellos que privilegiaron aliarse a la derecha conservadora representada en Fransisco De Narvaez como as\u00ed tambi\u00e9n cuentan en sus filas a personas expulsadas y nuevamente incorporadas solamente por una cuesti\u00f3n electoral, como es Julio Cobos.<\/span><\/p>\n<p style=\"color: #000000;\"><span lang=\"ES\">Queremos insistir en esto de que quienes tomamos esta decisi\u00f3n somos el conjunto de la militancia activa del Socialismo, ya que esto va a producir un quiebre respecto al funcionamiento nuestra organizaci\u00f3n, porque conocemos la opini\u00f3n de afiliados que desean formar parte del FAUnen como socialistas, pero que nunca participan de ninguna de todas las actividades que desarrollamos ni de los espacios de debate interno que generamos.<\/span><\/p>\n<p style=\"color: #000000;\"><span lang=\"ES\">La decisi\u00f3n tomada y fundamentada en este documento, es el puntapi\u00e9 inicial de una nueva etapa de construcci\u00f3n pol\u00edtica de nuestro Centro Socialista, etapa cargada de responsabilidades y desaf\u00edos, que contin\u00faa el rumbo tomado por esta nueva generaci\u00f3n de SOCIALISTAS.-<\/span><\/p>\n","protected":false},"excerpt":{"rendered":"<p>Por Socialismo Mercedes \/\/ Frente al lanzamiento provincial del frente FAUnen, desde el Centro Socialista de Mercedes se decidi\u00f3 no &#8230; <a title=\"Los Socialistas Mercedinos no integrar\u00e1n el FAUnen\" class=\"read-more\" href=\"https:\/\/www.hoymercedes.com.ar\/principal\/2014\/05\/26\/los-socialistas-mercedinos-no-integraran-el-faunen\/\" aria-label=\"Leer m\u00e1s sobre Los Socialistas Mercedinos no integrar\u00e1n el FAUnen\">Leer m\u00e1s<\/a><\/p>\n","protected":false},"author":1,"featured_media":0,"comment_status":"open","ping_status":"open","sticky":false,"template":"","format":"standard","meta":{"_monsterinsights_skip_tracking":false,"_monsterinsights_sitenote_active":false,"_monsterinsights_sitenote_note":"","_monsterinsights_sitenote_category":0,"jetpack_post_was_ever_published":false,"_jetpack_newsletter_access":"","_jetpack_dont_email_post_to_subs":false,"_jetpack_newsletter_tier_id":0,"_jetpack_memberships_contains_paywalled_content":false,"_jetpack_memberships_contains_paid_content":false,"footnotes":"","jetpack_publicize_message":"","jetpack_publicize_feature_enabled":true,"jetpack_social_post_already_shared":false,"jetpack_social_options":{"image_generator_settings":{"template":"highway","default_image_id":0,"font":"","enabled":false},"version":2},"_wpas_customize_per_network":false},"categories":[85],"tags":[2413],"class_list":["post-33302","post","type-post","status-publish","format-standard","hentry","category-policial","tag-socialismo-mercedes","generate-columns","tablet-grid-50","mobile-grid-100","grid-parent","grid-50"],"jetpack_publicize_connections":[],"jetpack_featured_media_url":"","wps_subtitle":"No ser\u00e1 parte del armado electoral a nivel nacional","jetpack_sharing_enabled":true,"_links":{"self":[{"href":"https:\/\/www.hoymercedes.com.ar\/principal\/wp-json\/wp\/v2\/posts\/33302","targetHints":{"allow":["GET"]}}],"collection":[{"href":"https:\/\/www.hoymercedes.com.ar\/principal\/wp-json\/wp\/v2\/posts"}],"about":[{"href":"https:\/\/www.hoymercedes.com.ar\/principal\/wp-json\/wp\/v2\/types\/post"}],"author":[{"embeddable":true,"href":"https:\/\/www.hoymercedes.com.ar\/principal\/wp-json\/wp\/v2\/users\/1"}],"replies":[{"embeddable":true,"href":"https:\/\/www.hoymercedes.com.ar\/principal\/wp-json\/wp\/v2\/comments?post=33302"}],"version-history":[{"count":0,"href":"https:\/\/www.hoymercedes.com.ar\/principal\/wp-json\/wp\/v2\/posts\/33302\/revisions"}],"wp:attachment":[{"href":"https:\/\/www.hoymercedes.com.ar\/principal\/wp-json\/wp\/v2\/media?parent=33302"}],"wp:term":[{"taxonomy":"category","embeddable":true,"href":"https:\/\/www.hoymercedes.com.ar\/principal\/wp-json\/wp\/v2\/categories?post=33302"},{"taxonomy":"post_tag","embeddable":true,"href":"https:\/\/www.hoymercedes.com.ar\/principal\/wp-json\/wp\/v2\/tags?post=33302"}],"curies":[{"name":"wp","href":"https:\/\/api.w.org\/{rel}","templated":true}]}}