{"id":33312,"date":"2014-05-26T23:16:10","date_gmt":"2014-05-27T02:16:10","guid":{"rendered":"http:\/\/www.hoymercedes.com.ar\/principal\/?p=33312"},"modified":"2014-05-26T23:16:10","modified_gmt":"2014-05-27T02:16:10","slug":"roban-kiosco-a-mano-armada-y-anciano-fuertemente-golpeado","status":"publish","type":"post","link":"https:\/\/www.hoymercedes.com.ar\/principal\/2014\/05\/26\/roban-kiosco-a-mano-armada-y-anciano-fuertemente-golpeado\/","title":{"rendered":"Roban kiosco a mano armada y anciano fuertemente golpeado"},"content":{"rendered":"<p><a href=\"https:\/\/www.hoymercedes.com.ar\/principal\/wp-content\/uploads\/2014\/05\/policia3.jpg\"><img loading=\"lazy\" decoding=\"async\" data-attachment-id=\"33314\" data-permalink=\"https:\/\/www.hoymercedes.com.ar\/principal\/2014\/05\/26\/roban-kiosco-a-mano-armada-y-anciano-fuertemente-golpeado\/policia-9\/#main\" data-orig-file=\"https:\/\/www.hoymercedes.com.ar\/principal\/wp-content\/uploads\/2014\/05\/policia3.jpg\" data-orig-size=\"620,148\" data-comments-opened=\"1\" data-image-meta=\"{&quot;aperture&quot;:&quot;0&quot;,&quot;credit&quot;:&quot;&quot;,&quot;camera&quot;:&quot;&quot;,&quot;caption&quot;:&quot;&quot;,&quot;created_timestamp&quot;:&quot;0&quot;,&quot;copyright&quot;:&quot;&quot;,&quot;focal_length&quot;:&quot;0&quot;,&quot;iso&quot;:&quot;0&quot;,&quot;shutter_speed&quot;:&quot;0&quot;,&quot;title&quot;:&quot;&quot;}\" data-image-title=\"policia\" data-image-description=\"\" data-image-caption=\"\" data-large-file=\"https:\/\/www.hoymercedes.com.ar\/principal\/wp-content\/uploads\/2014\/05\/policia3.jpg\" class=\"aligncenter size-full wp-image-33314\" src=\"https:\/\/www.hoymercedes.com.ar\/principal\/wp-content\/uploads\/2014\/05\/policia3.jpg\" alt=\"policia\" width=\"620\" height=\"148\" \/><\/a><\/p>\n<p>&nbsp;<\/p>\n<p><em><strong>Dos actos delictivos se vivieron recientemente en la ciudad. Uno sucedi\u00f3 en la noche de \u00e9ste lunes cuando a mano armada un joven asalt\u00f3 a un comerciante local y el otro durante el fin de semana cuando un anciano recibi\u00f3 una fuerte golpiza en intento de asalto.<\/strong><\/em><\/p>\n<p>&nbsp;<\/p>\n<p><strong>Robo a Kiosco<\/strong><\/p>\n<p>&nbsp;<\/p>\n<p>En calle 13 entre 106 y 106 mientras se encontraba sacando la basura el kiosquero de la cuadra se encontr\u00f3 con que un joven a mano armada lo obliga a introducirse al comercio para someterlo a un robo. El hecho sucedi\u00f3 alrededor de las 21.00hs de \u00e9ste lunes. La polic\u00eda alertada fue r\u00e1pidamente al lugar. No hubo que lamentar ni v\u00edctimas ni hechos de violencia mayor al relatado. Se cree podr\u00eda haber quedado filmado el delincuente. Investigan los acontecimientos.<\/p>\n<p>&nbsp;<\/p>\n<p><strong>Anciano golpeado, delincuente detenido<\/strong><\/p>\n<p>&nbsp;<\/p>\n<p>Durante la ma\u00f1ana del domingo un sujeto se meti\u00f3 a la vivienda de un hombre mayor en 24 entre 41 y 43. De un momento a otro se topa, el hombre de 81 a\u00f1os de apellido Villalba, con el delincuente que le empieza a pegar y golpear con una silla. Los gritos de auxilio permiten alertar a la hermana. El delincuente huye, pero, poco despu\u00e9s tras operativo policial logran capturarlo. Qued\u00f3 a disposici\u00f3n de la justicia por medio del fiscal Leandro Marchiegui. De Apellido G\u00f3mez, alias \u201cEl yaca\u201d, de 26 a\u00f1os es el detenido.<\/p>\n<p>&nbsp;<\/p>\n","protected":false},"excerpt":{"rendered":"<p>&nbsp; Dos actos delictivos se vivieron recientemente en la ciudad. Uno sucedi\u00f3 en la noche de \u00e9ste lunes cuando a &#8230; <a title=\"Roban kiosco a mano armada y anciano fuertemente golpeado\" class=\"read-more\" href=\"https:\/\/www.hoymercedes.com.ar\/principal\/2014\/05\/26\/roban-kiosco-a-mano-armada-y-anciano-fuertemente-golpeado\/\" aria-label=\"Leer m\u00e1s sobre Roban kiosco a mano armada y anciano fuertemente golpeado\">Leer m\u00e1s<\/a><\/p>\n","protected":false},"author":1,"featured_media":0,"comment_status":"open","ping_status":"open","sticky":false,"template":"","format":"standard","meta":{"_monsterinsights_skip_tracking":false,"_monsterinsights_sitenote_active":false,"_monsterinsights_sitenote_note":"","_monsterinsights_sitenote_category":0,"jetpack_post_was_ever_published":false,"_jetpack_newsletter_access":"","_jetpack_dont_email_post_to_subs":false,"_jetpack_newsletter_tier_id":0,"_jetpack_memberships_contains_paywalled_content":false,"_jetpack_memberships_contains_paid_content":false,"footnotes":"","jetpack_publicize_message":"","jetpack_publicize_feature_enabled":true,"jetpack_social_post_already_shared":false,"jetpack_social_options":{"image_generator_settings":{"template":"highway","default_image_id":0,"font":"","enabled":false},"version":2},"_wpas_customize_per_network":false},"categories":[85],"tags":[126,666],"class_list":["post-33312","post","type-post","status-publish","format-standard","hentry","category-policial","tag-policia-mercedes","tag-robos-mercedes","generate-columns","tablet-grid-50","mobile-grid-100","grid-parent","grid-50"],"jetpack_publicize_connections":[],"jetpack_featured_media_url":"","wps_subtitle":"Actu\u00f3 la polic\u00eda local","jetpack_sharing_enabled":true,"_links":{"self":[{"href":"https:\/\/www.hoymercedes.com.ar\/principal\/wp-json\/wp\/v2\/posts\/33312","targetHints":{"allow":["GET"]}}],"collection":[{"href":"https:\/\/www.hoymercedes.com.ar\/principal\/wp-json\/wp\/v2\/posts"}],"about":[{"href":"https:\/\/www.hoymercedes.com.ar\/principal\/wp-json\/wp\/v2\/types\/post"}],"author":[{"embeddable":true,"href":"https:\/\/www.hoymercedes.com.ar\/principal\/wp-json\/wp\/v2\/users\/1"}],"replies":[{"embeddable":true,"href":"https:\/\/www.hoymercedes.com.ar\/principal\/wp-json\/wp\/v2\/comments?post=33312"}],"version-history":[{"count":0,"href":"https:\/\/www.hoymercedes.com.ar\/principal\/wp-json\/wp\/v2\/posts\/33312\/revisions"}],"wp:attachment":[{"href":"https:\/\/www.hoymercedes.com.ar\/principal\/wp-json\/wp\/v2\/media?parent=33312"}],"wp:term":[{"taxonomy":"category","embeddable":true,"href":"https:\/\/www.hoymercedes.com.ar\/principal\/wp-json\/wp\/v2\/categories?post=33312"},{"taxonomy":"post_tag","embeddable":true,"href":"https:\/\/www.hoymercedes.com.ar\/principal\/wp-json\/wp\/v2\/tags?post=33312"}],"curies":[{"name":"wp","href":"https:\/\/api.w.org\/{rel}","templated":true}]}}