{"id":33346,"date":"2014-05-27T22:45:53","date_gmt":"2014-05-28T01:45:53","guid":{"rendered":"http:\/\/www.hoymercedes.com.ar\/principal\/?p=33346"},"modified":"2014-05-27T22:45:53","modified_gmt":"2014-05-28T01:45:53","slug":"la-espuma-del-rio-es-natural-segun-municipio-de-lujan","status":"publish","type":"post","link":"https:\/\/www.hoymercedes.com.ar\/principal\/2014\/05\/27\/la-espuma-del-rio-es-natural-segun-municipio-de-lujan\/","title":{"rendered":"La Espuma del R\u00edo es \u00abNatural\u00bb seg\u00fan municipio de Luj\u00e1n"},"content":{"rendered":"<p><a href=\"https:\/\/www.hoymercedes.com.ar\/principal\/wp-content\/uploads\/2014\/05\/EspumaRio.15.05.2014.I11.jpg\"><img loading=\"lazy\" decoding=\"async\" data-attachment-id=\"33347\" data-permalink=\"https:\/\/www.hoymercedes.com.ar\/principal\/2014\/05\/27\/la-espuma-del-rio-es-natural-segun-municipio-de-lujan\/espumario-15-05-2014-i1\/#main\" data-orig-file=\"https:\/\/www.hoymercedes.com.ar\/principal\/wp-content\/uploads\/2014\/05\/EspumaRio.15.05.2014.I11.jpg\" data-orig-size=\"620,460\" data-comments-opened=\"1\" data-image-meta=\"{&quot;aperture&quot;:&quot;0&quot;,&quot;credit&quot;:&quot;&quot;,&quot;camera&quot;:&quot;&quot;,&quot;caption&quot;:&quot;&quot;,&quot;created_timestamp&quot;:&quot;0&quot;,&quot;copyright&quot;:&quot;&quot;,&quot;focal_length&quot;:&quot;0&quot;,&quot;iso&quot;:&quot;0&quot;,&quot;shutter_speed&quot;:&quot;0&quot;,&quot;title&quot;:&quot;&quot;}\" data-image-title=\"EspumaRio.15.05.2014.I1\" data-image-description=\"\" data-image-caption=\"\" data-large-file=\"https:\/\/www.hoymercedes.com.ar\/principal\/wp-content\/uploads\/2014\/05\/EspumaRio.15.05.2014.I11.jpg\" class=\"aligncenter size-full wp-image-33347\" src=\"https:\/\/www.hoymercedes.com.ar\/principal\/wp-content\/uploads\/2014\/05\/EspumaRio.15.05.2014.I11.jpg\" alt=\"EspumaRio.15.05.2014.I1\" width=\"620\" height=\"460\" \/><\/a><\/p>\n<p><em><strong>La intendencia de Luj\u00e1n ha respondido al grupo \u00abInundados Luj\u00e1n\u00bb y sus denuncias respecto a la espuma blanca que aparece en el R\u00edo Luj\u00e1n sosteniendo no es contaminante y que se enmarca en un proceso \u00abnatural\u00bb. La Direcci\u00f3n de Medio Ambiente, Bromatolog\u00eda y Sanidad Animal afirm\u00f3 que no hay motivos para preocuparse.\u00a0<\/strong><\/em><\/p>\n<p>El comunicado oficial de la Municipalidad de Luj\u00e1n afirm\u00f3, sin mayores precisiones del proceso cient\u00edfico o investigativo que lo avala y simplemente haciendo una cita de autoridad de alguien con t\u00edtulo universitario que es algo natural. El comunicado es el siguiente:<\/p>\n<p style=\"padding-left: 120px;\"><em>\u00abLa Direcci\u00f3n de Medio Ambiente, Bromatolog\u00eda y Sanidad Animal, a trav\u00e9s de su titular, el Ing. Daniel Curci Castro informa que la espuma blanca y plana que se genera en todos los puntos donde hay agitaci\u00f3n del r\u00edo (resaltos, puentes y obst\u00e1culos naturales) forma parte del proceso normal de depuraci\u00f3n de la materia org\u00e1nica que arrastra el agua.<\/em><\/p>\n<p style=\"padding-left: 120px;\"><em>Si fuese una espuma de detergente adquirir\u00eda volumen, y podr\u00eda decirse que es una sustancia tensioactiva (detergente), no siendo el caso de la espuma que se observa en nuestro r\u00edo en el d\u00eda de hoy, por lo tanto, y debi\u00e9ndose a un proceso normal de autolimpieza del r\u00edo, la poblaci\u00f3n no debe preocuparse.\u00bb<\/em><\/p>\n<p>La presentaci\u00f3n la hicieron por medio del \u00e1rea de prensa de la mencionada comuna. La explicaci\u00f3n no termina de convencer, sobre todo cuando en Mercedes se vio volumen, mal olor y color met\u00e1lico. Ser\u00eda m\u00e1s valioso si explicaran con mayor precisi\u00f3n cient\u00edfica.<\/p>\n","protected":false},"excerpt":{"rendered":"<p>La intendencia de Luj\u00e1n ha respondido al grupo \u00abInundados Luj\u00e1n\u00bb y sus denuncias respecto a la espuma blanca que aparece &#8230; <a title=\"La Espuma del R\u00edo es \u00abNatural\u00bb seg\u00fan municipio de Luj\u00e1n\" class=\"read-more\" href=\"https:\/\/www.hoymercedes.com.ar\/principal\/2014\/05\/27\/la-espuma-del-rio-es-natural-segun-municipio-de-lujan\/\" aria-label=\"Leer m\u00e1s sobre La Espuma del R\u00edo es \u00abNatural\u00bb seg\u00fan municipio de Luj\u00e1n\">Leer m\u00e1s<\/a><\/p>\n","protected":false},"author":1,"featured_media":0,"comment_status":"open","ping_status":"open","sticky":false,"template":"","format":"standard","meta":{"_monsterinsights_skip_tracking":false,"_monsterinsights_sitenote_active":false,"_monsterinsights_sitenote_note":"","_monsterinsights_sitenote_category":0,"jetpack_post_was_ever_published":false,"_jetpack_newsletter_access":"","_jetpack_dont_email_post_to_subs":false,"_jetpack_newsletter_tier_id":0,"_jetpack_memberships_contains_paywalled_content":false,"_jetpack_memberships_contains_paid_content":false,"footnotes":"","jetpack_publicize_message":"","jetpack_publicize_feature_enabled":true,"jetpack_social_post_already_shared":false,"jetpack_social_options":{"image_generator_settings":{"template":"highway","default_image_id":0,"font":"","enabled":false},"version":2},"_wpas_customize_per_network":false},"categories":[8],"tags":[4877],"class_list":["post-33346","post","type-post","status-publish","format-standard","hentry","category-sociedad","tag-espuma-rio-lujan","generate-columns","tablet-grid-50","mobile-grid-100","grid-parent","grid-50"],"jetpack_publicize_connections":[],"jetpack_featured_media_url":"","wps_subtitle":"Desde Luj\u00e1n","jetpack_sharing_enabled":true,"_links":{"self":[{"href":"https:\/\/www.hoymercedes.com.ar\/principal\/wp-json\/wp\/v2\/posts\/33346","targetHints":{"allow":["GET"]}}],"collection":[{"href":"https:\/\/www.hoymercedes.com.ar\/principal\/wp-json\/wp\/v2\/posts"}],"about":[{"href":"https:\/\/www.hoymercedes.com.ar\/principal\/wp-json\/wp\/v2\/types\/post"}],"author":[{"embeddable":true,"href":"https:\/\/www.hoymercedes.com.ar\/principal\/wp-json\/wp\/v2\/users\/1"}],"replies":[{"embeddable":true,"href":"https:\/\/www.hoymercedes.com.ar\/principal\/wp-json\/wp\/v2\/comments?post=33346"}],"version-history":[{"count":0,"href":"https:\/\/www.hoymercedes.com.ar\/principal\/wp-json\/wp\/v2\/posts\/33346\/revisions"}],"wp:attachment":[{"href":"https:\/\/www.hoymercedes.com.ar\/principal\/wp-json\/wp\/v2\/media?parent=33346"}],"wp:term":[{"taxonomy":"category","embeddable":true,"href":"https:\/\/www.hoymercedes.com.ar\/principal\/wp-json\/wp\/v2\/categories?post=33346"},{"taxonomy":"post_tag","embeddable":true,"href":"https:\/\/www.hoymercedes.com.ar\/principal\/wp-json\/wp\/v2\/tags?post=33346"}],"curies":[{"name":"wp","href":"https:\/\/api.w.org\/{rel}","templated":true}]}}