{"id":33363,"date":"2014-05-27T23:41:11","date_gmt":"2014-05-28T02:41:11","guid":{"rendered":"http:\/\/www.hoymercedes.com.ar\/principal\/?p=33363"},"modified":"2014-05-27T23:41:11","modified_gmt":"2014-05-28T02:41:11","slug":"documento-con-asesoramiento-en-seguridad-de-agrupacion-arturo-jauretche","status":"publish","type":"post","link":"https:\/\/www.hoymercedes.com.ar\/principal\/2014\/05\/27\/documento-con-asesoramiento-en-seguridad-de-agrupacion-arturo-jauretche\/","title":{"rendered":"Documento con asesoramiento en seguridad de \u00abAgrupaci\u00f3n Arturo Jauretche\u00bb"},"content":{"rendered":"<p><strong><em>Con miras al 2015 la \u00abAgrupaci\u00f3n Arturo Jauretche\u00bb conducida por Mariano Castelucci contin\u00faa su b\u00fasqueda de que los mercedinos los conozcan cada d\u00eda m\u00e1s. Desde hace varios d\u00edas circula un breve documento impreso con ideas y acciones vinculadas a la seguridad y su prevenci\u00f3n. El mismo expone asuntos a tener presente.<\/em><\/strong><\/p>\n<p>Dentro de los grupos de voluntades y trabajo de <strong>Mariano Castelucci<\/strong> est\u00e1 la \u00abComisi\u00f3n de Seguridad\u00bb. La misma es la que emite el siguiente impreso con asesoramiento en seguridad para adultos mayores.<\/p>\n<p>Las cuestiones a contemplar son las siguientes, seg\u00fan expone la flamante fuerza pol\u00edtica.<\/p>\n<p><a href=\"https:\/\/www.hoymercedes.com.ar\/principal\/wp-content\/uploads\/2014\/05\/marianocasteluccivolantedorso.jpg\"><img loading=\"lazy\" decoding=\"async\" data-attachment-id=\"33365\" data-permalink=\"https:\/\/www.hoymercedes.com.ar\/principal\/2014\/05\/27\/documento-con-asesoramiento-en-seguridad-de-agrupacion-arturo-jauretche\/marianocasteluccivolantefrente\/#main\" data-orig-file=\"https:\/\/www.hoymercedes.com.ar\/principal\/wp-content\/uploads\/2014\/05\/marianocasteluccivolantefrente.jpg\" data-orig-size=\"620,877\" data-comments-opened=\"1\" data-image-meta=\"{&quot;aperture&quot;:&quot;0&quot;,&quot;credit&quot;:&quot;&quot;,&quot;camera&quot;:&quot;&quot;,&quot;caption&quot;:&quot;&quot;,&quot;created_timestamp&quot;:&quot;0&quot;,&quot;copyright&quot;:&quot;&quot;,&quot;focal_length&quot;:&quot;0&quot;,&quot;iso&quot;:&quot;0&quot;,&quot;shutter_speed&quot;:&quot;0&quot;,&quot;title&quot;:&quot;&quot;}\" data-image-title=\"marianocasteluccivolantefrente\" data-image-description=\"\" data-image-caption=\"\" data-large-file=\"https:\/\/www.hoymercedes.com.ar\/principal\/wp-content\/uploads\/2014\/05\/marianocasteluccivolantefrente.jpg\" class=\"aligncenter size-full wp-image-33365\" src=\"https:\/\/www.hoymercedes.com.ar\/principal\/wp-content\/uploads\/2014\/05\/marianocasteluccivolantefrente.jpg\" alt=\"marianocasteluccivolantefrente\" width=\"620\" height=\"877\" srcset=\"https:\/\/www.hoymercedes.com.ar\/principal\/wp-content\/uploads\/2014\/05\/marianocasteluccivolantefrente.jpg 620w, https:\/\/www.hoymercedes.com.ar\/principal\/wp-content\/uploads\/2014\/05\/marianocasteluccivolantefrente-438x620.jpg 438w\" sizes=\"auto, (max-width: 620px) 100vw, 620px\" \/><img loading=\"lazy\" decoding=\"async\" data-attachment-id=\"33364\" data-permalink=\"https:\/\/www.hoymercedes.com.ar\/principal\/2014\/05\/27\/documento-con-asesoramiento-en-seguridad-de-agrupacion-arturo-jauretche\/marianocasteluccivolantedorso\/#main\" data-orig-file=\"https:\/\/www.hoymercedes.com.ar\/principal\/wp-content\/uploads\/2014\/05\/marianocasteluccivolantedorso.jpg\" data-orig-size=\"620,877\" data-comments-opened=\"1\" data-image-meta=\"{&quot;aperture&quot;:&quot;0&quot;,&quot;credit&quot;:&quot;&quot;,&quot;camera&quot;:&quot;&quot;,&quot;caption&quot;:&quot;&quot;,&quot;created_timestamp&quot;:&quot;0&quot;,&quot;copyright&quot;:&quot;&quot;,&quot;focal_length&quot;:&quot;0&quot;,&quot;iso&quot;:&quot;0&quot;,&quot;shutter_speed&quot;:&quot;0&quot;,&quot;title&quot;:&quot;&quot;}\" data-image-title=\"marianocasteluccivolantedorso\" data-image-description=\"\" data-image-caption=\"\" data-large-file=\"https:\/\/www.hoymercedes.com.ar\/principal\/wp-content\/uploads\/2014\/05\/marianocasteluccivolantedorso.jpg\" class=\"aligncenter size-full wp-image-33364\" src=\"https:\/\/www.hoymercedes.com.ar\/principal\/wp-content\/uploads\/2014\/05\/marianocasteluccivolantedorso.jpg\" alt=\"marianocasteluccivolantedorso\" width=\"620\" height=\"877\" srcset=\"https:\/\/www.hoymercedes.com.ar\/principal\/wp-content\/uploads\/2014\/05\/marianocasteluccivolantedorso.jpg 620w, https:\/\/www.hoymercedes.com.ar\/principal\/wp-content\/uploads\/2014\/05\/marianocasteluccivolantedorso-438x620.jpg 438w\" sizes=\"auto, (max-width: 620px) 100vw, 620px\" \/><\/a><\/p>\n","protected":false},"excerpt":{"rendered":"<p>Con miras al 2015 la \u00abAgrupaci\u00f3n Arturo Jauretche\u00bb conducida por Mariano Castelucci contin\u00faa su b\u00fasqueda de que los mercedinos los &#8230; <a title=\"Documento con asesoramiento en seguridad de \u00abAgrupaci\u00f3n Arturo Jauretche\u00bb\" class=\"read-more\" href=\"https:\/\/www.hoymercedes.com.ar\/principal\/2014\/05\/27\/documento-con-asesoramiento-en-seguridad-de-agrupacion-arturo-jauretche\/\" aria-label=\"Leer m\u00e1s sobre Documento con asesoramiento en seguridad de \u00abAgrupaci\u00f3n Arturo Jauretche\u00bb\">Leer m\u00e1s<\/a><\/p>\n","protected":false},"author":1,"featured_media":0,"comment_status":"open","ping_status":"open","sticky":false,"template":"","format":"standard","meta":{"_monsterinsights_skip_tracking":false,"_monsterinsights_sitenote_active":false,"_monsterinsights_sitenote_note":"","_monsterinsights_sitenote_category":0,"jetpack_post_was_ever_published":false,"_jetpack_newsletter_access":"","_jetpack_dont_email_post_to_subs":false,"_jetpack_newsletter_tier_id":0,"_jetpack_memberships_contains_paywalled_content":false,"_jetpack_memberships_contains_paid_content":false,"footnotes":"","jetpack_publicize_message":"","jetpack_publicize_feature_enabled":true,"jetpack_social_post_already_shared":false,"jetpack_social_options":{"image_generator_settings":{"template":"highway","default_image_id":0,"font":"","enabled":false},"version":2},"_wpas_customize_per_network":false},"categories":[5],"tags":[513,5319],"class_list":["post-33363","post","type-post","status-publish","format-standard","hentry","category-politica","tag-mariano-castelucci","tag-politica-2","generate-columns","tablet-grid-50","mobile-grid-100","grid-parent","grid-50"],"jetpack_publicize_connections":[],"jetpack_featured_media_url":"","wps_subtitle":"Mariano Castelucci 2015 ","jetpack_sharing_enabled":true,"_links":{"self":[{"href":"https:\/\/www.hoymercedes.com.ar\/principal\/wp-json\/wp\/v2\/posts\/33363","targetHints":{"allow":["GET"]}}],"collection":[{"href":"https:\/\/www.hoymercedes.com.ar\/principal\/wp-json\/wp\/v2\/posts"}],"about":[{"href":"https:\/\/www.hoymercedes.com.ar\/principal\/wp-json\/wp\/v2\/types\/post"}],"author":[{"embeddable":true,"href":"https:\/\/www.hoymercedes.com.ar\/principal\/wp-json\/wp\/v2\/users\/1"}],"replies":[{"embeddable":true,"href":"https:\/\/www.hoymercedes.com.ar\/principal\/wp-json\/wp\/v2\/comments?post=33363"}],"version-history":[{"count":0,"href":"https:\/\/www.hoymercedes.com.ar\/principal\/wp-json\/wp\/v2\/posts\/33363\/revisions"}],"wp:attachment":[{"href":"https:\/\/www.hoymercedes.com.ar\/principal\/wp-json\/wp\/v2\/media?parent=33363"}],"wp:term":[{"taxonomy":"category","embeddable":true,"href":"https:\/\/www.hoymercedes.com.ar\/principal\/wp-json\/wp\/v2\/categories?post=33363"},{"taxonomy":"post_tag","embeddable":true,"href":"https:\/\/www.hoymercedes.com.ar\/principal\/wp-json\/wp\/v2\/tags?post=33363"}],"curies":[{"name":"wp","href":"https:\/\/api.w.org\/{rel}","templated":true}]}}