{"id":33380,"date":"2014-05-28T22:42:16","date_gmt":"2014-05-29T01:42:16","guid":{"rendered":"http:\/\/www.hoymercedes.com.ar\/principal\/?p=33380"},"modified":"2014-05-28T22:42:16","modified_gmt":"2014-05-29T01:42:16","slug":"carlos-selva-se-reunio-nuevamente-con-productores-rurales","status":"publish","type":"post","link":"https:\/\/www.hoymercedes.com.ar\/principal\/2014\/05\/28\/carlos-selva-se-reunio-nuevamente-con-productores-rurales\/","title":{"rendered":"Carlos Selva se reuni\u00f3 nuevamente con Productores Rurales"},"content":{"rendered":"<p><a href=\"https:\/\/www.hoymercedes.com.ar\/principal\/wp-content\/uploads\/2014\/05\/CarlosSelva-ProductoresRurales.jpg\"><img loading=\"lazy\" decoding=\"async\" data-attachment-id=\"33381\" data-permalink=\"https:\/\/www.hoymercedes.com.ar\/principal\/2014\/05\/28\/carlos-selva-se-reunio-nuevamente-con-productores-rurales\/carlosselva-productoresrurales\/#main\" data-orig-file=\"https:\/\/www.hoymercedes.com.ar\/principal\/wp-content\/uploads\/2014\/05\/CarlosSelva-ProductoresRurales.jpg\" data-orig-size=\"620,349\" data-comments-opened=\"1\" data-image-meta=\"{&quot;aperture&quot;:&quot;0&quot;,&quot;credit&quot;:&quot;&quot;,&quot;camera&quot;:&quot;&quot;,&quot;caption&quot;:&quot;&quot;,&quot;created_timestamp&quot;:&quot;0&quot;,&quot;copyright&quot;:&quot;&quot;,&quot;focal_length&quot;:&quot;0&quot;,&quot;iso&quot;:&quot;0&quot;,&quot;shutter_speed&quot;:&quot;0&quot;,&quot;title&quot;:&quot;&quot;}\" data-image-title=\"CarlosSelva-ProductoresRurales\" data-image-description=\"\" data-image-caption=\"\" data-large-file=\"https:\/\/www.hoymercedes.com.ar\/principal\/wp-content\/uploads\/2014\/05\/CarlosSelva-ProductoresRurales.jpg\" class=\"aligncenter size-full wp-image-33381\" src=\"https:\/\/www.hoymercedes.com.ar\/principal\/wp-content\/uploads\/2014\/05\/CarlosSelva-ProductoresRurales.jpg\" alt=\"CarlosSelva-ProductoresRurales\" width=\"620\" height=\"349\" \/><\/a><\/p>\n<p><em><strong>(FR) El intendente Carlos Selva este mi\u00e9rcoles por la tarde mantuvo una importante reuni\u00f3n con productores rurales en la Casa del Campo, que fue calificada de positiva y con propuestas de trabajo a futuro consensuadas.<\/strong><\/em><\/p>\n<p>Una treintena de productores rurales, acompa\u00f1ados de dirigentes de la Sociedad Rural, mantuvieron una reuni\u00f3n el primer mandatario local con un tema central: los caminos. Esta reuni\u00f3n es la continuidad de otras que se desarrollaron desde la semana pasada con los productores y vecinos y que tiene como fin organizar una agenda de trabajo conjunto para mejorar situaciones puntuales de la vida rural.<\/p>\n<p><em>\u201cFue muy positiva la reuni\u00f3n porque avanzamos en propuestas de trabajo. Queremos empezar a darle forma a una agenda concreta de labores a realizar en los caminos rurales. Hoy estamos abocados a las urgencias detectadas en varios puntos del partido, pero luego seguiremos con un pan de trabajo para que los caminos puedan soportar de mejor manera los embates de las lluvias intensas\u201d,<\/em> sostuvo el intendente Carlos Selva al t\u00e9rmino del encuentro realizado en la Casa de Campo.<\/p>\n<p>M\u00e1s all\u00e1 de dialogar con los productores, el intendente tambi\u00e9n aprovech\u00f3 para proyectar im\u00e1genes grabadas desde un helic\u00f3ptero que dimensionaban el desastre acaecido en la zona con las \u00faltimas precipitaciones. Sobre el final, acordaron seguir con las reuniones para avanzar en otros puntos de inter\u00e9s de la poblaci\u00f3n rural.<\/p>\n<p><span style=\"color: #808080;\">Fuente: Frente Renovador<\/span><\/p>\n","protected":false},"excerpt":{"rendered":"<p>(FR) El intendente Carlos Selva este mi\u00e9rcoles por la tarde mantuvo una importante reuni\u00f3n con productores rurales en la Casa &#8230; <a title=\"Carlos Selva se reuni\u00f3 nuevamente con Productores Rurales\" class=\"read-more\" href=\"https:\/\/www.hoymercedes.com.ar\/principal\/2014\/05\/28\/carlos-selva-se-reunio-nuevamente-con-productores-rurales\/\" aria-label=\"Leer m\u00e1s sobre Carlos Selva se reuni\u00f3 nuevamente con Productores Rurales\">Leer m\u00e1s<\/a><\/p>\n","protected":false},"author":1,"featured_media":0,"comment_status":"open","ping_status":"open","sticky":false,"template":"","format":"standard","meta":{"_monsterinsights_skip_tracking":false,"_monsterinsights_sitenote_active":false,"_monsterinsights_sitenote_note":"","_monsterinsights_sitenote_category":0,"jetpack_post_was_ever_published":false,"_jetpack_newsletter_access":"","_jetpack_dont_email_post_to_subs":false,"_jetpack_newsletter_tier_id":0,"_jetpack_memberships_contains_paywalled_content":false,"_jetpack_memberships_contains_paid_content":false,"footnotes":"","jetpack_publicize_message":"","jetpack_publicize_feature_enabled":true,"jetpack_social_post_already_shared":false,"jetpack_social_options":{"image_generator_settings":{"template":"highway","default_image_id":0,"font":"","enabled":false},"version":2},"_wpas_customize_per_network":false},"categories":[5],"tags":[5324,18],"class_list":["post-33380","post","type-post","status-publish","format-standard","hentry","category-politica","tag-productores-rurales","tag-selva","generate-columns","tablet-grid-50","mobile-grid-100","grid-parent","grid-50"],"jetpack_publicize_connections":[],"jetpack_featured_media_url":"","wps_subtitle":"Es el segundo encuentro ","jetpack_sharing_enabled":true,"_links":{"self":[{"href":"https:\/\/www.hoymercedes.com.ar\/principal\/wp-json\/wp\/v2\/posts\/33380","targetHints":{"allow":["GET"]}}],"collection":[{"href":"https:\/\/www.hoymercedes.com.ar\/principal\/wp-json\/wp\/v2\/posts"}],"about":[{"href":"https:\/\/www.hoymercedes.com.ar\/principal\/wp-json\/wp\/v2\/types\/post"}],"author":[{"embeddable":true,"href":"https:\/\/www.hoymercedes.com.ar\/principal\/wp-json\/wp\/v2\/users\/1"}],"replies":[{"embeddable":true,"href":"https:\/\/www.hoymercedes.com.ar\/principal\/wp-json\/wp\/v2\/comments?post=33380"}],"version-history":[{"count":0,"href":"https:\/\/www.hoymercedes.com.ar\/principal\/wp-json\/wp\/v2\/posts\/33380\/revisions"}],"wp:attachment":[{"href":"https:\/\/www.hoymercedes.com.ar\/principal\/wp-json\/wp\/v2\/media?parent=33380"}],"wp:term":[{"taxonomy":"category","embeddable":true,"href":"https:\/\/www.hoymercedes.com.ar\/principal\/wp-json\/wp\/v2\/categories?post=33380"},{"taxonomy":"post_tag","embeddable":true,"href":"https:\/\/www.hoymercedes.com.ar\/principal\/wp-json\/wp\/v2\/tags?post=33380"}],"curies":[{"name":"wp","href":"https:\/\/api.w.org\/{rel}","templated":true}]}}