{"id":33402,"date":"2014-05-29T13:30:43","date_gmt":"2014-05-29T16:30:43","guid":{"rendered":"http:\/\/www.hoymercedes.com.ar\/principal\/?p=33402"},"modified":"2014-05-29T13:34:43","modified_gmt":"2014-05-29T16:34:43","slug":"rio-lujan-se-conocen-ofertas-para-limpieza-e-iniciarian-tareas-semana-proxima","status":"publish","type":"post","link":"https:\/\/www.hoymercedes.com.ar\/principal\/2014\/05\/29\/rio-lujan-se-conocen-ofertas-para-limpieza-e-iniciarian-tareas-semana-proxima\/","title":{"rendered":"R\u00edo Luj\u00e1n: se conocen ofertas para limpieza e iniciar\u00edan tareas semana pr\u00f3xima"},"content":{"rendered":"<p><a href=\"https:\/\/www.hoymercedes.com.ar\/principal\/wp-content\/uploads\/2014\/05\/Arlia-Lucciani.jpg\"><img loading=\"lazy\" decoding=\"async\" data-attachment-id=\"33403\" data-permalink=\"https:\/\/www.hoymercedes.com.ar\/principal\/2014\/05\/29\/rio-lujan-se-conocen-ofertas-para-limpieza-e-iniciarian-tareas-semana-proxima\/arlia-lucciani\/#main\" data-orig-file=\"https:\/\/www.hoymercedes.com.ar\/principal\/wp-content\/uploads\/2014\/05\/Arlia-Lucciani.jpg\" data-orig-size=\"620,349\" data-comments-opened=\"1\" data-image-meta=\"{&quot;aperture&quot;:&quot;0&quot;,&quot;credit&quot;:&quot;&quot;,&quot;camera&quot;:&quot;&quot;,&quot;caption&quot;:&quot;&quot;,&quot;created_timestamp&quot;:&quot;0&quot;,&quot;copyright&quot;:&quot;&quot;,&quot;focal_length&quot;:&quot;0&quot;,&quot;iso&quot;:&quot;0&quot;,&quot;shutter_speed&quot;:&quot;0&quot;,&quot;title&quot;:&quot;&quot;}\" data-image-title=\"Arlia-Lucciani\" data-image-description=\"\" data-image-caption=\"\" data-large-file=\"https:\/\/www.hoymercedes.com.ar\/principal\/wp-content\/uploads\/2014\/05\/Arlia-Lucciani.jpg\" class=\"aligncenter size-full wp-image-33403\" src=\"https:\/\/www.hoymercedes.com.ar\/principal\/wp-content\/uploads\/2014\/05\/Arlia-Lucciani.jpg\" alt=\"Arlia-Lucciani\" width=\"620\" height=\"349\" \/><\/a><\/p>\n<p><em><strong>Durante la ma\u00f1ana de \u00e9ste jueves\u00a0el Ministro de Infraestructura de la Provincia de Buenos Aires y el intendente de Luj\u00e1n, Oscar Lucciani, procedieron a la apertura de sobres de las empresas presentadas a la licitaci\u00f3n para limpiar el R\u00edo Luj\u00e1n<\/strong><\/em>.<\/p>\n<div class=\"pullquote\">\u00abHoy licitamos la obra de limpieza del rio Lujan. La semana pr\u00f3xima empiezan las obras\u00bb, manifest\u00f3 Alejandro Arl\u00eda por su cuenta de Twitter, algo habitual en el Ministro.<\/div>\n<p>La obra ser\u00e1 para el <strong>tramo Luj\u00e1n \u2013 Pilar<\/strong>, uno de los m\u00e1s castigados, indudablemente, por las inundaciones. Se espera que las mejoras en la cuenca<strong> beneficien<\/strong>\u00a0tambi\u00e9n la realidad de <strong>Mercedes<\/strong> dado que facilitar\u00e1 el escurrimiento y circulaci\u00f3n general del r\u00edo.<\/p>\n<p>Tiempo atr\u00e1s cuando Selva mostr\u00f3 im\u00e1genes a\u00e9reas de la cuenca del r\u00edo destac\u00f3 que la zona de Pilar es una de las m\u00e1s necesitadas de obras.<\/p>\n<p>El acto se llev\u00f3 a cabo en La Plata, en la Sede del Ministerio. Estuvo Lucciani, Ariel Notta y Juan Carlos Ju\u00e1rez junto al Ministro.<\/p>\n<p>De los pliegos se desprende que ser\u00e1 una obra de 70 millones de pesos. Algunas de las empresas superaron el monto ante lo cual deber\u00e1 la gobernaci\u00f3n ver a qui\u00e9n se le adjudica, pero, seg\u00fan Arl\u00eda:<em> \u201cla semana pr\u00f3xima se inician las obras\u201d.<\/em><\/p>\n<p>&nbsp;<\/p>\n<p>&nbsp;<\/p>\n<p>&nbsp;<\/p>\n<p>&nbsp;<\/p>\n","protected":false},"excerpt":{"rendered":"<p>Durante la ma\u00f1ana de \u00e9ste jueves\u00a0el Ministro de Infraestructura de la Provincia de Buenos Aires y el intendente de Luj\u00e1n, &#8230; <a title=\"R\u00edo Luj\u00e1n: se conocen ofertas para limpieza e iniciar\u00edan tareas semana pr\u00f3xima\" class=\"read-more\" href=\"https:\/\/www.hoymercedes.com.ar\/principal\/2014\/05\/29\/rio-lujan-se-conocen-ofertas-para-limpieza-e-iniciarian-tareas-semana-proxima\/\" aria-label=\"Leer m\u00e1s sobre R\u00edo Luj\u00e1n: se conocen ofertas para limpieza e iniciar\u00edan tareas semana pr\u00f3xima\">Leer m\u00e1s<\/a><\/p>\n","protected":false},"author":1,"featured_media":0,"comment_status":"open","ping_status":"open","sticky":false,"template":"","format":"standard","meta":{"_monsterinsights_skip_tracking":false,"_monsterinsights_sitenote_active":false,"_monsterinsights_sitenote_note":"","_monsterinsights_sitenote_category":0,"jetpack_post_was_ever_published":false,"_jetpack_newsletter_access":"","_jetpack_dont_email_post_to_subs":false,"_jetpack_newsletter_tier_id":0,"_jetpack_memberships_contains_paywalled_content":false,"_jetpack_memberships_contains_paid_content":false,"footnotes":"","jetpack_publicize_message":"","jetpack_publicize_feature_enabled":true,"jetpack_social_post_already_shared":false,"jetpack_social_options":{"image_generator_settings":{"template":"highway","default_image_id":0,"font":"","enabled":false},"version":2},"_wpas_customize_per_network":false},"categories":[5],"tags":[5309,5330,5057,3619],"class_list":["post-33402","post","type-post","status-publish","format-standard","hentry","category-politica","tag-alejandro-arlia","tag-ministerio-infraestructura-mercedes","tag-obras-rio-lujan","tag-oscar-lucciani","generate-columns","tablet-grid-50","mobile-grid-100","grid-parent","grid-50"],"jetpack_publicize_connections":[],"jetpack_featured_media_url":"","wps_subtitle":"Buscan evitar inundaciones ","jetpack_sharing_enabled":true,"_links":{"self":[{"href":"https:\/\/www.hoymercedes.com.ar\/principal\/wp-json\/wp\/v2\/posts\/33402","targetHints":{"allow":["GET"]}}],"collection":[{"href":"https:\/\/www.hoymercedes.com.ar\/principal\/wp-json\/wp\/v2\/posts"}],"about":[{"href":"https:\/\/www.hoymercedes.com.ar\/principal\/wp-json\/wp\/v2\/types\/post"}],"author":[{"embeddable":true,"href":"https:\/\/www.hoymercedes.com.ar\/principal\/wp-json\/wp\/v2\/users\/1"}],"replies":[{"embeddable":true,"href":"https:\/\/www.hoymercedes.com.ar\/principal\/wp-json\/wp\/v2\/comments?post=33402"}],"version-history":[{"count":0,"href":"https:\/\/www.hoymercedes.com.ar\/principal\/wp-json\/wp\/v2\/posts\/33402\/revisions"}],"wp:attachment":[{"href":"https:\/\/www.hoymercedes.com.ar\/principal\/wp-json\/wp\/v2\/media?parent=33402"}],"wp:term":[{"taxonomy":"category","embeddable":true,"href":"https:\/\/www.hoymercedes.com.ar\/principal\/wp-json\/wp\/v2\/categories?post=33402"},{"taxonomy":"post_tag","embeddable":true,"href":"https:\/\/www.hoymercedes.com.ar\/principal\/wp-json\/wp\/v2\/tags?post=33402"}],"curies":[{"name":"wp","href":"https:\/\/api.w.org\/{rel}","templated":true}]}}