{"id":33421,"date":"2014-05-29T23:08:18","date_gmt":"2014-05-30T02:08:18","guid":{"rendered":"http:\/\/www.hoymercedes.com.ar\/principal\/?p=33421"},"modified":"2014-06-16T13:03:33","modified_gmt":"2014-06-16T16:03:33","slug":"de-pedro-el-acuerdo-es-un-paso-importante-para-la-apertura-de-financiamiento-a-empresarios-nacionales","status":"publish","type":"post","link":"https:\/\/www.hoymercedes.com.ar\/principal\/2014\/05\/29\/de-pedro-el-acuerdo-es-un-paso-importante-para-la-apertura-de-financiamiento-a-empresarios-nacionales\/","title":{"rendered":"De Pedro: \u00abEl acuerdo es un paso importante para la apertura de financiamiento a empresarios nacionales\u00bb"},"content":{"rendered":"<p><a href=\"https:\/\/www.hoymercedes.com.ar\/principal\/wp-content\/uploads\/2014\/05\/WadodePedro-2.jpg\"><img loading=\"lazy\" decoding=\"async\" data-attachment-id=\"33423\" data-permalink=\"https:\/\/www.hoymercedes.com.ar\/principal\/2014\/05\/29\/de-pedro-el-acuerdo-es-un-paso-importante-para-la-apertura-de-financiamiento-a-empresarios-nacionales\/wadodepedro-2-2\/#main\" data-orig-file=\"https:\/\/www.hoymercedes.com.ar\/principal\/wp-content\/uploads\/2014\/05\/WadodePedro-2.jpg\" data-orig-size=\"600,399\" data-comments-opened=\"1\" data-image-meta=\"{&quot;aperture&quot;:&quot;0&quot;,&quot;credit&quot;:&quot;&quot;,&quot;camera&quot;:&quot;&quot;,&quot;caption&quot;:&quot;&quot;,&quot;created_timestamp&quot;:&quot;0&quot;,&quot;copyright&quot;:&quot;&quot;,&quot;focal_length&quot;:&quot;0&quot;,&quot;iso&quot;:&quot;0&quot;,&quot;shutter_speed&quot;:&quot;0&quot;,&quot;title&quot;:&quot;&quot;}\" data-image-title=\"Wado De Pedro\" data-image-description=\"\" data-image-caption=\"\" data-large-file=\"https:\/\/www.hoymercedes.com.ar\/principal\/wp-content\/uploads\/2014\/05\/WadodePedro-2.jpg\" class=\"aligncenter wp-image-33423\" src=\"https:\/\/www.hoymercedes.com.ar\/principal\/wp-content\/uploads\/2014\/05\/WadodePedro-2.jpg\" alt=\"Wado De Pedro\" width=\"620\" height=\"412\" \/><\/a><\/p>\n<p><em><strong>Tras el acuerdo de Argentina con el denominado \u00abClub de Par\u00eds\u00bb para empezar a pagar una deuda contra\u00edda d\u00e9cadas atr\u00e1s el Diputado Nacional y mercedino Eduardo \u00abWado\u00bb De Pedro manifest\u00f3 su satisfacci\u00f3n por el hecho remarcando que: \u00abNuestro gobierno volvi\u00f3 a negociar con autonom\u00eda y defendiendo los intereses del pueblo. Hay que reconocer la tarea de Axel y su equipo\u00bb.<\/strong><\/em><\/p>\n<p>El mercedino aprovech\u00f3 las redes sociales para expresarse. Twitter su el canal por el cual coment\u00f3 que: <em>\u00abEl acuerdo es un paso importante para promover la inversi\u00f3n en el pa\u00eds y abre el financiamiento para los empresarios nacionales\u00bb<\/em> y que<em>: \u00abprofundizamos as\u00ed el proceso de desendeudamiento iniciado en 2003\u00bb.<\/em><\/p>\n<p>Tuvo tambi\u00e9n expresiones respecto al rol de la pol\u00edtica y su penetraci\u00f3n en la sociedad actual, donde a d\u00edas del mundial estamos hablado m\u00e1s de los temas sociales que deportivos, eso, sin dejar de desear que Argentina gane el mundial.<\/p>\n<p>Dijo <strong>De Pedro<\/strong>:<em> \u00abA 14 d\u00edas del mundial se habla y se discute mas de pol\u00edtica que de Messi. (&#8230;)\u00a0Un gran indicador de como se ha instalado para bien la pol\u00edtica en la sociedad. Estamos creciendo\u00bb<\/em> y recalc\u00f3:<em> \u00abOjo! Quiero que arranque ya el Mundial. Creo que este a\u00f1o se nos puede dar&#8230;\u00bb<\/em><\/p>\n<p>Los Twitts de De Pedro:<\/p>\n<p>&nbsp;<\/p>\n<blockquote class=\"twitter-tweet\" lang=\"es\">\n<p style=\"text-align: center;\">Nuestro gobierno volvi\u00f3 a negociar con autonom\u00eda y defendiendo los intereses del pueblo. Hay que reconocer la tarea de Axel y su equipo<\/p>\n<p style=\"text-align: center;\">\u2014 Wado de Pedro (@wadodecorrido) <a href=\"https:\/\/twitter.com\/wadodecorrido\/statuses\/471985961212313600\" target=\"_blank\" rel=\"noopener\">Mayo 29, 2014<\/a><\/p>\n<\/blockquote>\n<p style=\"text-align: center;\"><script src=\"\/\/platform.twitter.com\/widgets.js\" async=\"\" charset=\"utf-8\"><\/script><\/p>\n<blockquote class=\"twitter-tweet\" lang=\"es\"><p>\nCerramos de esta manera un cap\u00edtulo mas de la triste historia iniciada con el default del 2001<\/p>\n<p>\u2014 Wado de Pedro (@wadodecorrido) <a href=\"https:\/\/twitter.com\/wadodecorrido\/statuses\/471986946168725507\" target=\"_blank\" rel=\"noopener\">Mayo 29, 2014<\/a>\n<\/p><\/blockquote>\n<p><script src=\"\/\/platform.twitter.com\/widgets.js\" async=\"\" charset=\"utf-8\"><\/script><\/p>\n<blockquote class=\"twitter-tweet\" lang=\"es\"><p>Un gran indicador de como se ha instalado para bien la pol\u00edtica en la sociedad. Estamos creciendo&#8230;<\/p>\n<p>\u2014 Wado de Pedro (@wadodecorrido) <a href=\"https:\/\/twitter.com\/wadodecorrido\/statuses\/472041891689955328\" target=\"_blank\" rel=\"noopener\">Mayo 29, 2014<\/a><\/p><\/blockquote>\n<p style=\"text-align: center;\"><script src=\"\/\/platform.twitter.com\/widgets.js\" async=\"\" charset=\"utf-8\"><\/script><\/p>\n<blockquote class=\"twitter-tweet\" lang=\"es\"><p>\nOjo! Quiero que arranque ya el Mundial. Creo que este a\u00f1o se nos puede dar&#8230;<\/p>\n<p>\u2014 Wado de Pedro (@wadodecorrido) <a href=\"https:\/\/twitter.com\/wadodecorrido\/statuses\/472042212520652800\" target=\"_blank\" rel=\"noopener\">Mayo 29, 2014<\/a>\n<\/p><\/blockquote>\n<p><script src=\"\/\/platform.twitter.com\/widgets.js\" async=\"\" charset=\"utf-8\"><\/script><\/p>\n<blockquote class=\"twitter-tweet\" lang=\"es\">\n<p style=\"text-align: center;\">Aumentamos la AUH, compramos trenes, llenamos la plaza el 25, cerramos el Club de Paris. Adem\u00e1s ya se viene el mundial&#8230;<a href=\"https:\/\/twitter.com\/search?q=%23ElFuturoYaLlego&amp;src=hash\" target=\"_blank\" rel=\"noopener\">#ElFuturoYaLlego<\/a>!<\/p>\n<p style=\"text-align: center;\">\u2014 Wado de Pedro (@wadodecorrido) <a href=\"https:\/\/twitter.com\/wadodecorrido\/statuses\/472031125343186945\" target=\"_blank\" rel=\"noopener\">Mayo 29, 2014<\/a><\/p>\n<\/blockquote>\n<p><script src=\"\/\/platform.twitter.com\/widgets.js\" async=\"\" charset=\"utf-8\"><\/script><\/p>\n","protected":false},"excerpt":{"rendered":"<p>Tras el acuerdo de Argentina con el denominado \u00abClub de Par\u00eds\u00bb para empezar a pagar una deuda contra\u00edda d\u00e9cadas atr\u00e1s &#8230; <a title=\"De Pedro: \u00abEl acuerdo es un paso importante para la apertura de financiamiento a empresarios nacionales\u00bb\" class=\"read-more\" href=\"https:\/\/www.hoymercedes.com.ar\/principal\/2014\/05\/29\/de-pedro-el-acuerdo-es-un-paso-importante-para-la-apertura-de-financiamiento-a-empresarios-nacionales\/\" aria-label=\"Leer m\u00e1s sobre De Pedro: \u00abEl acuerdo es un paso importante para la apertura de financiamiento a empresarios nacionales\u00bb\">Leer m\u00e1s<\/a><\/p>\n","protected":false},"author":1,"featured_media":0,"comment_status":"open","ping_status":"open","sticky":false,"template":"","format":"standard","meta":{"_monsterinsights_skip_tracking":false,"_monsterinsights_sitenote_active":false,"_monsterinsights_sitenote_note":"","_monsterinsights_sitenote_category":0,"jetpack_post_was_ever_published":false,"_jetpack_newsletter_access":"","_jetpack_dont_email_post_to_subs":false,"_jetpack_newsletter_tier_id":0,"_jetpack_memberships_contains_paywalled_content":false,"_jetpack_memberships_contains_paid_content":false,"footnotes":"","jetpack_publicize_message":"","jetpack_publicize_feature_enabled":true,"jetpack_social_post_already_shared":false,"jetpack_social_options":{"image_generator_settings":{"template":"highway","default_image_id":0,"font":"","enabled":false},"version":2},"_wpas_customize_per_network":false},"categories":[5],"tags":[5335,2686,281],"class_list":["post-33421","post","type-post","status-publish","format-standard","hentry","category-politica","tag-club-de-paris","tag-eduardo-de-pedro","tag-wado-de-pedro","generate-columns","tablet-grid-50","mobile-grid-100","grid-parent","grid-50"],"jetpack_publicize_connections":[],"jetpack_featured_media_url":"","wps_subtitle":"","jetpack_sharing_enabled":true,"_links":{"self":[{"href":"https:\/\/www.hoymercedes.com.ar\/principal\/wp-json\/wp\/v2\/posts\/33421","targetHints":{"allow":["GET"]}}],"collection":[{"href":"https:\/\/www.hoymercedes.com.ar\/principal\/wp-json\/wp\/v2\/posts"}],"about":[{"href":"https:\/\/www.hoymercedes.com.ar\/principal\/wp-json\/wp\/v2\/types\/post"}],"author":[{"embeddable":true,"href":"https:\/\/www.hoymercedes.com.ar\/principal\/wp-json\/wp\/v2\/users\/1"}],"replies":[{"embeddable":true,"href":"https:\/\/www.hoymercedes.com.ar\/principal\/wp-json\/wp\/v2\/comments?post=33421"}],"version-history":[{"count":0,"href":"https:\/\/www.hoymercedes.com.ar\/principal\/wp-json\/wp\/v2\/posts\/33421\/revisions"}],"wp:attachment":[{"href":"https:\/\/www.hoymercedes.com.ar\/principal\/wp-json\/wp\/v2\/media?parent=33421"}],"wp:term":[{"taxonomy":"category","embeddable":true,"href":"https:\/\/www.hoymercedes.com.ar\/principal\/wp-json\/wp\/v2\/categories?post=33421"},{"taxonomy":"post_tag","embeddable":true,"href":"https:\/\/www.hoymercedes.com.ar\/principal\/wp-json\/wp\/v2\/tags?post=33421"}],"curies":[{"name":"wp","href":"https:\/\/api.w.org\/{rel}","templated":true}]}}