{"id":33468,"date":"2014-06-02T00:12:27","date_gmt":"2014-06-02T03:12:27","guid":{"rendered":"http:\/\/www.hoymercedes.com.ar\/principal\/?p=33468"},"modified":"2014-06-02T00:12:27","modified_gmt":"2014-06-02T03:12:27","slug":"ezequiel-manzano-conducira-sociedad-de-fomento-de-tomas-jofre","status":"publish","type":"post","link":"https:\/\/www.hoymercedes.com.ar\/principal\/2014\/06\/02\/ezequiel-manzano-conducira-sociedad-de-fomento-de-tomas-jofre\/","title":{"rendered":"Ezequiel Manzano conducir\u00e1 Sociedad de Fomento de Tom\u00e1s Jofr\u00e9"},"content":{"rendered":"<p><a href=\"https:\/\/www.hoymercedes.com.ar\/principal\/wp-content\/uploads\/2014\/06\/Lista2-Jofr\u00e9-I.jpg\"><img loading=\"lazy\" decoding=\"async\" data-attachment-id=\"33469\" data-permalink=\"https:\/\/www.hoymercedes.com.ar\/principal\/2014\/06\/02\/ezequiel-manzano-conducira-sociedad-de-fomento-de-tomas-jofre\/lista2-jofre-i\/#main\" data-orig-file=\"https:\/\/www.hoymercedes.com.ar\/principal\/wp-content\/uploads\/2014\/06\/Lista2-Jofr\u00e9-I.jpg\" data-orig-size=\"620,465\" data-comments-opened=\"1\" data-image-meta=\"{&quot;aperture&quot;:&quot;0&quot;,&quot;credit&quot;:&quot;&quot;,&quot;camera&quot;:&quot;&quot;,&quot;caption&quot;:&quot;&quot;,&quot;created_timestamp&quot;:&quot;0&quot;,&quot;copyright&quot;:&quot;&quot;,&quot;focal_length&quot;:&quot;0&quot;,&quot;iso&quot;:&quot;0&quot;,&quot;shutter_speed&quot;:&quot;0&quot;,&quot;title&quot;:&quot;&quot;}\" data-image-title=\"Lista2-Jofr\u00e9-I\" data-image-description=\"\" data-image-caption=\"\" data-large-file=\"https:\/\/www.hoymercedes.com.ar\/principal\/wp-content\/uploads\/2014\/06\/Lista2-Jofr\u00e9-I.jpg\" class=\"aligncenter size-full wp-image-33469\" src=\"https:\/\/www.hoymercedes.com.ar\/principal\/wp-content\/uploads\/2014\/06\/Lista2-Jofr\u00e9-I.jpg\" alt=\"Lista2-Jofr\u00e9-I\" width=\"620\" height=\"465\" \/><\/a><\/p>\n<p><em><strong>Tom\u00e1s Jofr\u00e9 vivi\u00f3 sus elecciones para la conducci\u00f3n de la Sociedad de Fomento del pueblo venciendo la lista conducida por Ezequiel Manzano, dentro de lo que se puede entender es la l\u00ednea opositora o, al menos, cr\u00edtica de la actual conducci\u00f3n del Municipio.<\/strong><\/em><\/p>\n<p>El pasado 31 en el SUM del pueblo se llev\u00f3 a cabo la elecci\u00f3n de renovaci\u00f3n de autoridades de la Sociedad de Fomento. Fue desde las 16.00hs hasta las 18.00hs donde votaron <strong>129 vecinos.<\/strong><\/p>\n<p>Los veedores del Municipio fueron Hugo Zunini y Roberto Flores. Estuvo tambi\u00e9n el concejal Roberto M\u00e9ndez.<\/p>\n<p><img loading=\"lazy\" decoding=\"async\" data-attachment-id=\"33470\" data-permalink=\"https:\/\/www.hoymercedes.com.ar\/principal\/2014\/06\/02\/ezequiel-manzano-conducira-sociedad-de-fomento-de-tomas-jofre\/lista2-jofre-ii\/#main\" data-orig-file=\"https:\/\/www.hoymercedes.com.ar\/principal\/wp-content\/uploads\/2014\/06\/Lista2-Jofr\u00e9-II.jpg\" data-orig-size=\"620,465\" data-comments-opened=\"1\" data-image-meta=\"{&quot;aperture&quot;:&quot;0&quot;,&quot;credit&quot;:&quot;&quot;,&quot;camera&quot;:&quot;&quot;,&quot;caption&quot;:&quot;&quot;,&quot;created_timestamp&quot;:&quot;0&quot;,&quot;copyright&quot;:&quot;&quot;,&quot;focal_length&quot;:&quot;0&quot;,&quot;iso&quot;:&quot;0&quot;,&quot;shutter_speed&quot;:&quot;0&quot;,&quot;title&quot;:&quot;&quot;}\" data-image-title=\"Lista2-Jofr\u00e9-II\" data-image-description=\"\" data-image-caption=\"\" data-large-file=\"https:\/\/www.hoymercedes.com.ar\/principal\/wp-content\/uploads\/2014\/06\/Lista2-Jofr\u00e9-II.jpg\" class=\"aligncenter size-full wp-image-33470\" src=\"https:\/\/www.hoymercedes.com.ar\/principal\/wp-content\/uploads\/2014\/06\/Lista2-Jofr\u00e9-II.jpg\" alt=\"Lista2-Jofr\u00e9-II\" width=\"620\" height=\"465\" \/><\/p>\n<p>&nbsp;<\/p>\n<p>Dentro del a Lista de Manzano estuvo trabajando la ex presidenta de la Federaci\u00f3n de Sociedades de Fomento, Alejandra Santana que fue tambi\u00e9n part\u00edcipe de la jornada.<\/p>\n<p>El proceso incluy\u00f3 una campa\u00f1a con cr\u00edticas al estado actual del pueblo.<\/p>\n<p>La conducci\u00f3n ser\u00e1 de uno de los due\u00f1os de Don Quico, \u00a0comercio y restaurante del lugar.<\/p>\n<p>Hubo dos listas:<\/p>\n<div style=\"color: #222222;\">Lista 1 encabezada \u00a0por Mary Diaz \u00a0 \u00a0 \u00a0 \u00a0 \u00a0 \u00a0 \u00a0 \u00a0 \u00a0 \u00a0 \u00a0 \u00a0 \u00a0 \u00a0 \u00a0 \u00a0 \u00a0 \u00a0 \u00a0 \u00a0 \u00a0 \u00a0 \u00a0 \u00a0 \u00a0 \u00a0 \u00a0 \u00a0 \u00a0 \u00a0 \u00a0 \u00a0 \u00a0 \u00a0 \u00a0 \u00a0 \u00a0 \u00a0 \u00a0 \u00a0 \u00a0 \u00a0 \u00a0 \u00a0 \u00a0 \u00a0 \u00a0 \u00a0 \u00a0 \u00a0 \u00a0 \u00a0 \u00a0 \u00a0 \u00a0 \u00a0 \u00a0 \u00a0 \u00a0 \u00a0 \u00a0 \u00a0 \u00a0 \u00a0 \u00a0 \u00a0 \u00a0 \u00a0 \u00a0 \u00a0 \u00a0 \u00a0 \u00a0 \u00a0 \u00a0 \u00a0 \u00a0 \u00a0 \u00a0 \u00a0 \u00a0 \u00a0 \u00a0 \u00a0 \u00a0 \u00a0 \u00a0 \u00a0 \u00a0 \u00a0 \u00a0 \u00a0 \u00a0 \u00a0 \u00a0 \u00a0 \u00a0 \u00a0 \u00a0 Lista 2 \u00a0Ezequiel \u00a0Manzano<\/div>\n<div style=\"color: #222222;\"><\/div>\n<div style=\"color: #222222;\">\u00a0Votos:<\/div>\n<div style=\"color: #222222;\">Lista 1: 57 votos.<\/div>\n<div style=\"color: #222222;\">Lista 2: 66 votos<\/div>\n<div style=\"color: #222222;\">Observados: 5<\/div>\n<div style=\"color: #222222;\">En blanco: 1<\/div>\n<div style=\"color: #222222;\"><\/div>\n<div style=\"color: #222222;\">La lista ganadora est\u00e1 conformada de la siguiente manera<\/div>\n<div style=\"color: #222222;\"><\/div>\n<div style=\"color: #222222;\">EZEQUIEL MANZANO<br \/>\nPRESIDENTE<br \/>\nROSA ESTER SUAREZ<br \/>\nSECRETARIA GENERAL<br \/>\nSECRETARIA DE ACTAS: NADIA HORODESKI<br \/>\nTESORERO : JUAN VALDEZ<\/p>\n<p>VOCALES TITULARES<br \/>\n1.VOCAL TITULAR : JUAN CARLOS ACOSTA<br \/>\n2.VOCAL TITULAR : CARLOS VALDEZ<br \/>\n3.VOCAL TITULAR: MARCELO FERREIRA<br \/>\nVOCALES SUPLENTES<br \/>\n1.VOCAL SUPLENTE: SEBASTIAN GONZALEZ<br \/>\n2. VOCAL SUPLENTE: OLGA BASUALDO<br \/>\n3. VOCAL SUPLENTE ELENA FERNANDEZ<br \/>\nREVISORES DE CUENTAS<br \/>\n1. REVISOR DE CUENTA TITULAR: GUSTAVO BENEDETTI<br \/>\n2. REVISOR DE CUENTA TITULAR: ALCIDES PIRIS<br \/>\n1 REVISOR DE CUENTA: SUPLENTE: NATALIA BIGATTI<br \/>\n2. REVISOR DE CUENTA SUPLENTE: ANDREA HIDALGO<\/p><\/div>\n","protected":false},"excerpt":{"rendered":"<p>Tom\u00e1s Jofr\u00e9 vivi\u00f3 sus elecciones para la conducci\u00f3n de la Sociedad de Fomento del pueblo venciendo la lista conducida por &#8230; <a title=\"Ezequiel Manzano conducir\u00e1 Sociedad de Fomento de Tom\u00e1s Jofr\u00e9\" class=\"read-more\" href=\"https:\/\/www.hoymercedes.com.ar\/principal\/2014\/06\/02\/ezequiel-manzano-conducira-sociedad-de-fomento-de-tomas-jofre\/\" aria-label=\"Leer m\u00e1s sobre Ezequiel Manzano conducir\u00e1 Sociedad de Fomento de Tom\u00e1s Jofr\u00e9\">Leer m\u00e1s<\/a><\/p>\n","protected":false},"author":1,"featured_media":0,"comment_status":"open","ping_status":"open","sticky":false,"template":"","format":"standard","meta":{"_monsterinsights_skip_tracking":false,"_monsterinsights_sitenote_active":false,"_monsterinsights_sitenote_note":"","_monsterinsights_sitenote_category":0,"jetpack_post_was_ever_published":false,"_jetpack_newsletter_access":"","_jetpack_dont_email_post_to_subs":false,"_jetpack_newsletter_tier_id":0,"_jetpack_memberships_contains_paywalled_content":false,"_jetpack_memberships_contains_paid_content":false,"footnotes":"","jetpack_publicize_message":"","jetpack_publicize_feature_enabled":true,"jetpack_social_post_already_shared":false,"jetpack_social_options":{"image_generator_settings":{"template":"highway","default_image_id":0,"font":"","enabled":false},"version":2},"_wpas_customize_per_network":false},"categories":[5],"tags":[5343,231,594],"class_list":["post-33468","post","type-post","status-publish","format-standard","hentry","category-politica","tag-ezequiel-manzano-conducira-sociedad-de-fomento-de-tomas-jofre","tag-sociedades-de-fomento","tag-tomas-jofre","generate-columns","tablet-grid-50","mobile-grid-100","grid-parent","grid-50"],"jetpack_publicize_connections":[],"jetpack_featured_media_url":"","wps_subtitle":"Elecciones barriales ","jetpack_sharing_enabled":true,"_links":{"self":[{"href":"https:\/\/www.hoymercedes.com.ar\/principal\/wp-json\/wp\/v2\/posts\/33468","targetHints":{"allow":["GET"]}}],"collection":[{"href":"https:\/\/www.hoymercedes.com.ar\/principal\/wp-json\/wp\/v2\/posts"}],"about":[{"href":"https:\/\/www.hoymercedes.com.ar\/principal\/wp-json\/wp\/v2\/types\/post"}],"author":[{"embeddable":true,"href":"https:\/\/www.hoymercedes.com.ar\/principal\/wp-json\/wp\/v2\/users\/1"}],"replies":[{"embeddable":true,"href":"https:\/\/www.hoymercedes.com.ar\/principal\/wp-json\/wp\/v2\/comments?post=33468"}],"version-history":[{"count":0,"href":"https:\/\/www.hoymercedes.com.ar\/principal\/wp-json\/wp\/v2\/posts\/33468\/revisions"}],"wp:attachment":[{"href":"https:\/\/www.hoymercedes.com.ar\/principal\/wp-json\/wp\/v2\/media?parent=33468"}],"wp:term":[{"taxonomy":"category","embeddable":true,"href":"https:\/\/www.hoymercedes.com.ar\/principal\/wp-json\/wp\/v2\/categories?post=33468"},{"taxonomy":"post_tag","embeddable":true,"href":"https:\/\/www.hoymercedes.com.ar\/principal\/wp-json\/wp\/v2\/tags?post=33468"}],"curies":[{"name":"wp","href":"https:\/\/api.w.org\/{rel}","templated":true}]}}