{"id":33498,"date":"2014-06-02T19:09:39","date_gmt":"2014-06-02T22:09:39","guid":{"rendered":"http:\/\/www.hoymercedes.com.ar\/principal\/?p=33498"},"modified":"2014-06-02T19:12:50","modified_gmt":"2014-06-02T22:12:50","slug":"ucr-local-con-mucha-actividad-donaciones-con-cobos-pariticpacion-legislativa","status":"publish","type":"post","link":"https:\/\/www.hoymercedes.com.ar\/principal\/2014\/06\/02\/ucr-local-con-mucha-actividad-donaciones-con-cobos-pariticpacion-legislativa\/","title":{"rendered":"UCR local con mucha actividad: Donaciones, con Cobos y Participaci\u00f3n Legislativa"},"content":{"rendered":"<div dir=\"ltr\">\n<figure id=\"attachment_33499\" aria-describedby=\"caption-attachment-33499\" style=\"width: 651px\" class=\"wp-caption aligncenter\"><a href=\"https:\/\/www.hoymercedes.com.ar\/principal\/wp-content\/uploads\/2014\/06\/Albini-UCR.jpg\"><img loading=\"lazy\" decoding=\"async\" data-attachment-id=\"33499\" data-permalink=\"https:\/\/www.hoymercedes.com.ar\/principal\/2014\/06\/02\/ucr-local-con-mucha-actividad-donaciones-con-cobos-pariticpacion-legislativa\/albini-ucr-2\/#main\" data-orig-file=\"https:\/\/www.hoymercedes.com.ar\/principal\/wp-content\/uploads\/2014\/06\/Albini-UCR.jpg\" data-orig-size=\"661,496\" data-comments-opened=\"1\" data-image-meta=\"{&quot;aperture&quot;:&quot;0&quot;,&quot;credit&quot;:&quot;&quot;,&quot;camera&quot;:&quot;&quot;,&quot;caption&quot;:&quot;&quot;,&quot;created_timestamp&quot;:&quot;0&quot;,&quot;copyright&quot;:&quot;&quot;,&quot;focal_length&quot;:&quot;0&quot;,&quot;iso&quot;:&quot;0&quot;,&quot;shutter_speed&quot;:&quot;0&quot;,&quot;title&quot;:&quot;&quot;}\" data-image-title=\"Albini-UCR\" data-image-description=\"\" data-image-caption=\"\" data-large-file=\"https:\/\/www.hoymercedes.com.ar\/principal\/wp-content\/uploads\/2014\/06\/Albini-UCR.jpg\" class=\"wp-image-33499 size-full\" src=\"https:\/\/www.hoymercedes.com.ar\/principal\/wp-content\/uploads\/2014\/06\/Albini-UCR.jpg\" alt=\"Oscar Albini, Maria Luisa Storani y Liliana Go\u00f1i\" width=\"661\" height=\"496\" srcset=\"https:\/\/www.hoymercedes.com.ar\/principal\/wp-content\/uploads\/2014\/06\/Albini-UCR.jpg 661w, https:\/\/www.hoymercedes.com.ar\/principal\/wp-content\/uploads\/2014\/06\/Albini-UCR-630x472.jpg 630w\" sizes=\"auto, (max-width: 661px) 100vw, 661px\" \/><\/a><figcaption id=\"caption-attachment-33499\" class=\"wp-caption-text\">Oscar Albini, Maria Luisa Storani y Liliana Go\u00f1i<\/figcaption><\/figure>\n<p><em><strong><span style=\"color: #222222;\">(UCR) La Uni\u00f3n C\u00edvica Radical contin\u00faa en su\u00a0construcci\u00f3n\u00a0pol\u00edtica y ciudadana, tanto a nivel local como a nivel provincial ya\u00a0que sus principales referentes se muestran activos y participativos, siendo una de las fuerzas pol\u00edticas m\u00e1s longevas de nuestro pa\u00eds. Tambi\u00e9n contin\u00faan repartiendo las donaciones en distintas barriadas locales que en su comit\u00e9 efect\u00faan vecinos y voluntades.\u00a0<\/span><\/strong><\/em><\/p>\n<p>Desde el Comit\u00e9 local, presidido por Oscar Albini, efectuaron un balance de los \u00faltimos d\u00edas:<\/p>\n<p style=\"color: #222222;\">Las donaciones recibidas de ropa y pa\u00f1ales fueron entregadas en esta semana al geri\u00e1trico \u00abNueva Esperanza\u00bb de calle 31 e\/ 16 y 18 (ropa para abuelos y pa\u00f1ales), al Comedor \u00abArca de Noe\u00bb (frazadas y ropas) y al ropero comunitario de las Hermanas de San Antonio tambi\u00e9n se les entreg\u00f3 ropa.<\/p>\n<p style=\"color: #222222;\">El Instituto Moises Lebenshon, confirmo la charla debate del Senador Provincial Carlos Fernandez, con el t\u00edtulo \u00abComo combatir la inseguridad desde pol\u00edticas municipales\u00bb, para el pr\u00f3ximo martes 10 de junio a las 19.30 hs en el club del progreso calle 25 entre 22 y 24. La entrada el libre y gratuita y la charla esta orientada a toda la comunidad.<\/p>\n<p style=\"color: #222222;\">A ra\u00edz de la invitaci\u00f3n a la inauguraci\u00f3n del \u00abObservatorio de Derechos Humanos y Genero del interbloque de Senadores y Diputados Nacionales de la UCR\u00bb, para el d\u00eda jueves a las 16 hs en la biblioteca del Congreso de la Naci\u00f3n, se decidi\u00f3 asistir y acompa\u00f1ar a la Diputada Nacional mandato cumplido Mar\u00eda Luisa Storani, qui\u00e9n asumi\u00f3 al frente del Observatorio. Representando a nuestro partido estuvieron presente su presidente Oscar Albini \u00a0junto a la asistente social Liliana Go\u00f1i. De dicho acto participaron tambi\u00e9n los Pte. de bloques de la UCR Mario Negri y Gerardo Morales, como as\u00ed tambi\u00e9n el ex fiscal Julio Strazerra, Carmen Aguiar Madre de plaza de Mayo L\u00ednea Fundadora, Mar\u00eda Eugenia Stensoro, Nito Artaza, Norma Morandini, Laura Montero, Hipolito Solari Irigoyen, entre otros.<\/p>\n<p style=\"color: #222222;\">Tambi\u00e9n se recibi\u00f3 invitaci\u00f3n al lanzamiento de uno de los precandidatos a presidente por el espacio UNEN. El ingeniero Julio Cobos lo hace el jueves en la Federaci\u00f3n de Box, donde afiliados y simpatizantes mercedinos participaron con su presencia.<\/p>\n<p style=\"color: #222222;\">Se realiz\u00f3 un informe sobre la sesi\u00f3n del concejo deliberante realizada en Agote el pasado d\u00eda lunes. En dicha sesi\u00f3n ingresaron cuatro proyectos de nuestro partido relacionados a bicisendas, sendas peatonales y mejoras de caminos en zona del Barrio Eva Duarte.<\/p>\n<p style=\"color: #222222;\">Se recabaron distintas inquietudes, las que ser\u00e1n plasmadas en los siguientes proyectos a presentar:<\/p>\n<p style=\"color: #222222;\">* Se\u00f1alizaci\u00f3n de lomos de burro, con carteles preventivos y pintura en los accesos y avenidas de la ciudad.<\/p>\n<p style=\"color: #222222;\">* Pedido para que los agentes de tr\u00e1nsito realicen los controles correspondientes en toda la cuidad y no solamente en el radio de estacionamiento medido.<\/p>\n<p style=\"color: #222222;\">* Debido a las distintas actividades que se vienen desarrollando de manera peri\u00f3dica, solicitamos al HCD que se dirija ante quien corresponda con el fin de entubar y\/ o vallar el zanj\u00f3n de calle 40 desde calles 23 a 27, (predio Estaci\u00f3n de la Trocha), debido al peligro por su profundidad.<\/p>\n<p style=\"color: #222222;\">* Pedido de construcci\u00f3n de vereda en la calle 57, entre 30 y 32<\/p>\n<p style=\"color: #222222;\"><span style=\"color: #808080;\">Fuente: UCR<\/span><\/p>\n<p style=\"color: #222222;\">\n<\/div>\n<div style=\"color: #222222;\"><\/div>\n","protected":false},"excerpt":{"rendered":"<p>(UCR) La Uni\u00f3n C\u00edvica Radical contin\u00faa en su\u00a0construcci\u00f3n\u00a0pol\u00edtica y ciudadana, tanto a nivel local como a nivel provincial ya\u00a0que sus &#8230; <a title=\"UCR local con mucha actividad: Donaciones, con Cobos y Participaci\u00f3n Legislativa\" class=\"read-more\" href=\"https:\/\/www.hoymercedes.com.ar\/principal\/2014\/06\/02\/ucr-local-con-mucha-actividad-donaciones-con-cobos-pariticpacion-legislativa\/\" aria-label=\"Leer m\u00e1s sobre UCR local con mucha actividad: Donaciones, con Cobos y Participaci\u00f3n Legislativa\">Leer m\u00e1s<\/a><\/p>\n","protected":false},"author":1,"featured_media":0,"comment_status":"open","ping_status":"open","sticky":false,"template":"","format":"standard","meta":{"_monsterinsights_skip_tracking":false,"_monsterinsights_sitenote_active":false,"_monsterinsights_sitenote_note":"","_monsterinsights_sitenote_category":0,"jetpack_post_was_ever_published":false,"_jetpack_newsletter_access":"","_jetpack_dont_email_post_to_subs":false,"_jetpack_newsletter_tier_id":0,"_jetpack_memberships_contains_paywalled_content":false,"_jetpack_memberships_contains_paid_content":false,"footnotes":"","jetpack_publicize_message":"","jetpack_publicize_feature_enabled":true,"jetpack_social_post_already_shared":false,"jetpack_social_options":{"image_generator_settings":{"template":"highway","default_image_id":0,"font":"","enabled":false},"version":2},"_wpas_customize_per_network":false},"categories":[5],"tags":[2834,2836],"class_list":["post-33498","post","type-post","status-publish","format-standard","hentry","category-politica","tag-oscar-albini","tag-union-civica-radical-mercedes","generate-columns","tablet-grid-50","mobile-grid-100","grid-parent","grid-50"],"jetpack_publicize_connections":[],"jetpack_featured_media_url":"","wps_subtitle":"Conducido por Oscar Albini ","jetpack_sharing_enabled":true,"_links":{"self":[{"href":"https:\/\/www.hoymercedes.com.ar\/principal\/wp-json\/wp\/v2\/posts\/33498","targetHints":{"allow":["GET"]}}],"collection":[{"href":"https:\/\/www.hoymercedes.com.ar\/principal\/wp-json\/wp\/v2\/posts"}],"about":[{"href":"https:\/\/www.hoymercedes.com.ar\/principal\/wp-json\/wp\/v2\/types\/post"}],"author":[{"embeddable":true,"href":"https:\/\/www.hoymercedes.com.ar\/principal\/wp-json\/wp\/v2\/users\/1"}],"replies":[{"embeddable":true,"href":"https:\/\/www.hoymercedes.com.ar\/principal\/wp-json\/wp\/v2\/comments?post=33498"}],"version-history":[{"count":0,"href":"https:\/\/www.hoymercedes.com.ar\/principal\/wp-json\/wp\/v2\/posts\/33498\/revisions"}],"wp:attachment":[{"href":"https:\/\/www.hoymercedes.com.ar\/principal\/wp-json\/wp\/v2\/media?parent=33498"}],"wp:term":[{"taxonomy":"category","embeddable":true,"href":"https:\/\/www.hoymercedes.com.ar\/principal\/wp-json\/wp\/v2\/categories?post=33498"},{"taxonomy":"post_tag","embeddable":true,"href":"https:\/\/www.hoymercedes.com.ar\/principal\/wp-json\/wp\/v2\/tags?post=33498"}],"curies":[{"name":"wp","href":"https:\/\/api.w.org\/{rel}","templated":true}]}}