{"id":33545,"date":"2014-06-03T22:30:06","date_gmt":"2014-06-04T01:30:06","guid":{"rendered":"http:\/\/www.hoymercedes.com.ar\/principal\/?p=33545"},"modified":"2014-06-03T22:44:58","modified_gmt":"2014-06-04T01:44:58","slug":"ustarroz-y-denapole-entregaron-notebook-en-escuela-agrotecnica","status":"publish","type":"post","link":"https:\/\/www.hoymercedes.com.ar\/principal\/2014\/06\/03\/ustarroz-y-denapole-entregaron-notebook-en-escuela-agrotecnica\/","title":{"rendered":"Ustarroz y Den\u00e1pole entregaron Netbooks en Escuela Agrot\u00e9cnica"},"content":{"rendered":"<p><a href=\"https:\/\/www.hoymercedes.com.ar\/principal\/wp-content\/uploads\/2014\/06\/ustarroz-denapole-conectarigualdad.jpg\"><img loading=\"lazy\" decoding=\"async\" data-attachment-id=\"33546\" data-permalink=\"https:\/\/www.hoymercedes.com.ar\/principal\/2014\/06\/03\/ustarroz-y-denapole-entregaron-notebook-en-escuela-agrotecnica\/ustarroz-denapole-conectarigualdad\/#main\" data-orig-file=\"https:\/\/www.hoymercedes.com.ar\/principal\/wp-content\/uploads\/2014\/06\/ustarroz-denapole-conectarigualdad.jpg\" data-orig-size=\"620,413\" data-comments-opened=\"1\" data-image-meta=\"{&quot;aperture&quot;:&quot;0&quot;,&quot;credit&quot;:&quot;SEBASTIAN_AMBROSSIO&quot;,&quot;camera&quot;:&quot;&quot;,&quot;caption&quot;:&quot;&quot;,&quot;created_timestamp&quot;:&quot;0&quot;,&quot;copyright&quot;:&quot;Sebastian Ambrossio_&quot;,&quot;focal_length&quot;:&quot;0&quot;,&quot;iso&quot;:&quot;0&quot;,&quot;shutter_speed&quot;:&quot;0&quot;,&quot;title&quot;:&quot;&quot;}\" data-image-title=\"ustarroz-denapole-conectarigualdad\" data-image-description=\"\" data-image-caption=\"\" data-large-file=\"https:\/\/www.hoymercedes.com.ar\/principal\/wp-content\/uploads\/2014\/06\/ustarroz-denapole-conectarigualdad.jpg\" class=\"Img2014 aligncenter wp-image-33546 size-full\" src=\"https:\/\/www.hoymercedes.com.ar\/principal\/wp-content\/uploads\/2014\/06\/ustarroz-denapole-conectarigualdad.jpg\" alt=\"ustarroz-denapole-conectarigualdad\" width=\"620\" height=\"413\" \/><\/a><\/p>\n<p><em><strong>(FR) El gerente regional de la ANSES, Juan Ignacio Ustarroz, y el presidente del Honorable Concejo Deliberante, Marcelo Den\u00e1pole, encabezaron hoy un nuevo acto de entrega de netbooks del programa \u201cConectar Igualdad\u201d, realizado esta vez en la escuela de educaci\u00f3n agraria n\u00famero 1, el \u201cagrot\u00e9cnico\u201d Ingeniero Hugo Miatello.<\/strong><\/em><\/p>\n<p>Junto con el doctor Juani Ustarroz y el ingeniero Den\u00e1pole (este \u00faltimo en representaci\u00f3n del intendente de la ciudad, Carlos Selva), tambi\u00e9n se hicieron presentes la directora del establecimiento, Sandra Almada; la inspectora distrital, Elsa Capurro; y la jefa de inspectores de Educaci\u00f3n F\u00edsica, Gabriela Solari.<\/p>\n<p>\u201cComo venimos diciendo en estos actos, el programa Conectar Igualdad no se queda en el enunciado sino que hace realidad la igualdad: de oportunidades, de educaci\u00f3n, de acceso a la tecnolog\u00eda y a las nuevas herramientas \u2013dijo Juani Ustarroz-. Es un placer hacer esta entrega junto al ingeniero Den\u00e1pole y directivos y docentes de la escuela, porque es un momento muy grato para todos\u201d.<\/p>\n<p>El programa Conectar Igualdad, una pol\u00edtica impulsada por el gobierno nacional que se gestiona a trav\u00e9s de la ANSES, entrega computadoras personales a todos los alumnos de las escuelas p\u00fablicas que son ingresantes al nivel secundario.<img loading=\"lazy\" decoding=\"async\" data-attachment-id=\"33547\" data-permalink=\"https:\/\/www.hoymercedes.com.ar\/principal\/2014\/06\/03\/ustarroz-y-denapole-entregaron-notebook-en-escuela-agrotecnica\/ustarroz-denapole-conectarigualdad-ii\/#main\" data-orig-file=\"https:\/\/www.hoymercedes.com.ar\/principal\/wp-content\/uploads\/2014\/06\/ustarroz-denapole-conectarigualdad-II.jpg\" data-orig-size=\"620,413\" data-comments-opened=\"1\" data-image-meta=\"{&quot;aperture&quot;:&quot;0&quot;,&quot;credit&quot;:&quot;SEBASTIAN_AMBROSSIO&quot;,&quot;camera&quot;:&quot;&quot;,&quot;caption&quot;:&quot;&quot;,&quot;created_timestamp&quot;:&quot;0&quot;,&quot;copyright&quot;:&quot;Sebastian Ambrossio_&quot;,&quot;focal_length&quot;:&quot;0&quot;,&quot;iso&quot;:&quot;0&quot;,&quot;shutter_speed&quot;:&quot;0&quot;,&quot;title&quot;:&quot;&quot;}\" data-image-title=\"ustarroz-denapole-conectarigualdad-II\" data-image-description=\"\" data-image-caption=\"\" data-large-file=\"https:\/\/www.hoymercedes.com.ar\/principal\/wp-content\/uploads\/2014\/06\/ustarroz-denapole-conectarigualdad-II.jpg\" class=\"Img2014 aligncenter wp-image-33547 size-full\" src=\"https:\/\/www.hoymercedes.com.ar\/principal\/wp-content\/uploads\/2014\/06\/ustarroz-denapole-conectarigualdad-II.jpg\" alt=\"ustarroz-denapole-conectarigualdad-II\" width=\"620\" height=\"413\" \/><\/p>\n<p>En los \u00faltimos d\u00edas, Ustarroz \u2013en compa\u00f1\u00eda del secretario de Gobierno, Sergio L\u00f3pez; y de los respectivos directores-, entreg\u00f3 netbooks en la escuela t\u00e9cnica n\u00famero 2 Luis Federico Leloir, de Gowland; y en el Colegio Nacional Florentino Ameghino.<\/p>\n<p>\u201cAdem\u00e1s \u2013record\u00f3 el tambi\u00e9n presidente del bloque de concejales del Frente Mercedino para la Victoria-, las netbooks tienen cada vez m\u00e1s partes fabricadas en el pa\u00eds, lo que genera m\u00e1s puestos de empleo para los argentinos, m\u00e1s valor agregado y m\u00e1s capacitaci\u00f3n para todos los ciudadanos de nuestra patria\u201d.<\/p>\n<p>-SOBRE EL PROGRAMA-<\/p>\n<p>Conectar Igualdad fue creado en abril de 2010 a trav\u00e9s del Decreto N\u00ba 459\/10 de la Presidenta de la Naci\u00f3n, Cristina Fern\u00e1ndez de Kirchner, y tiene el objetivo de entregar una netbook a todos los estudiantes y docentes de las escuelas p\u00fablicas secundarias, de educaci\u00f3n especial, y de los institutos de formaci\u00f3n docente.<\/p>\n<p>Se propone, adem\u00e1s, capacitar a los docentes en el uso de esta herramienta, y elaborar propuestas educativas que favorezcan su incorporaci\u00f3n en los procesos de ense\u00f1anza y aprendizaje.<\/p>\n<p><strong>Principales metas<\/strong><\/p>\n<p>Promover la igualdad de oportunidades entre todos los j\u00f3venes del pa\u00eds, al brindarles un instrumento que permita achicar la brecha digital.<\/p>\n<p>Construir una pol\u00edtica universal de inclusi\u00f3n digital de alcance federal.<\/p>\n<p>Garantizar el acceso de todos a los mejores recursos tecnol\u00f3gicos y a la informaci\u00f3n.<\/p>\n<p>Formar sujetos responsables, capaces de utilizar el conocimiento como herramienta para comprender y transformar constructivamente su entorno social, econ\u00f3mico, ambiental y cultural, y de situarse como participantes activos en un mundo en permanente cambio.<\/p>\n<p>Desarrollar las competencias necesarias para el manejo de los nuevos lenguajes producidos por las tecnolog\u00edas de la informaci\u00f3n y la comunicaci\u00f3n. En este sentido, brindarles a los alumnos las mayores posibilidades de inserci\u00f3n laboral.<\/p>\n<p>Mejorar los procesos de ense\u00f1anza y aprendizaje a trav\u00e9s de la modificaci\u00f3n de las formas de trabajo en el aula y en la escuela a partir del uso de las TIC.<\/p>\n<p>Incorporar y comprometer a las familias para que participen activamente del proceso de aprendizaje de los alumnos.<\/p>\n<p>Promover el fortalecimiento de la formaci\u00f3n de los docentes para el aprovechamiento de las TIC en el aula.<\/p>\n<p><span style=\"color: #808080;\">Fuente: Frente Renovador\u00a0<\/span><\/p>\n","protected":false},"excerpt":{"rendered":"<p>(FR) El gerente regional de la ANSES, Juan Ignacio Ustarroz, y el presidente del Honorable Concejo Deliberante, Marcelo Den\u00e1pole, encabezaron &#8230; <a title=\"Ustarroz y Den\u00e1pole entregaron Netbooks en Escuela Agrot\u00e9cnica\" class=\"read-more\" href=\"https:\/\/www.hoymercedes.com.ar\/principal\/2014\/06\/03\/ustarroz-y-denapole-entregaron-notebook-en-escuela-agrotecnica\/\" aria-label=\"Leer m\u00e1s sobre Ustarroz y Den\u00e1pole entregaron Netbooks en Escuela Agrot\u00e9cnica\">Leer m\u00e1s<\/a><\/p>\n","protected":false},"author":1,"featured_media":0,"comment_status":"open","ping_status":"open","sticky":false,"template":"","format":"standard","meta":{"_monsterinsights_skip_tracking":false,"_monsterinsights_sitenote_active":false,"_monsterinsights_sitenote_note":"","_monsterinsights_sitenote_category":0,"jetpack_post_was_ever_published":false,"_jetpack_newsletter_access":"","_jetpack_dont_email_post_to_subs":false,"_jetpack_newsletter_tier_id":0,"_jetpack_memberships_contains_paywalled_content":false,"_jetpack_memberships_contains_paid_content":false,"footnotes":"","jetpack_publicize_message":"","jetpack_publicize_feature_enabled":true,"jetpack_social_post_already_shared":false,"jetpack_social_options":{"image_generator_settings":{"template":"highway","default_image_id":0,"font":"","enabled":false},"version":2},"_wpas_customize_per_network":false},"categories":[5],"tags":[5354],"class_list":["post-33545","post","type-post","status-publish","format-standard","hentry","category-politica","tag-ustarroz-y-denapole-entregaron-notebook-en-escuela-agrotecnica","generate-columns","tablet-grid-50","mobile-grid-100","grid-parent","grid-50"],"jetpack_publicize_connections":[],"jetpack_featured_media_url":"","wps_subtitle":"Educaci\u00f3n y bienestar social ","jetpack_sharing_enabled":true,"_links":{"self":[{"href":"https:\/\/www.hoymercedes.com.ar\/principal\/wp-json\/wp\/v2\/posts\/33545","targetHints":{"allow":["GET"]}}],"collection":[{"href":"https:\/\/www.hoymercedes.com.ar\/principal\/wp-json\/wp\/v2\/posts"}],"about":[{"href":"https:\/\/www.hoymercedes.com.ar\/principal\/wp-json\/wp\/v2\/types\/post"}],"author":[{"embeddable":true,"href":"https:\/\/www.hoymercedes.com.ar\/principal\/wp-json\/wp\/v2\/users\/1"}],"replies":[{"embeddable":true,"href":"https:\/\/www.hoymercedes.com.ar\/principal\/wp-json\/wp\/v2\/comments?post=33545"}],"version-history":[{"count":0,"href":"https:\/\/www.hoymercedes.com.ar\/principal\/wp-json\/wp\/v2\/posts\/33545\/revisions"}],"wp:attachment":[{"href":"https:\/\/www.hoymercedes.com.ar\/principal\/wp-json\/wp\/v2\/media?parent=33545"}],"wp:term":[{"taxonomy":"category","embeddable":true,"href":"https:\/\/www.hoymercedes.com.ar\/principal\/wp-json\/wp\/v2\/categories?post=33545"},{"taxonomy":"post_tag","embeddable":true,"href":"https:\/\/www.hoymercedes.com.ar\/principal\/wp-json\/wp\/v2\/tags?post=33545"}],"curies":[{"name":"wp","href":"https:\/\/api.w.org\/{rel}","templated":true}]}}