{"id":33563,"date":"2014-06-04T00:09:18","date_gmt":"2014-06-04T03:09:18","guid":{"rendered":"http:\/\/www.hoymercedes.com.ar\/principal\/?p=33563"},"modified":"2014-06-04T00:09:18","modified_gmt":"2014-06-04T03:09:18","slug":"2014-el-mas-lluvioso-de-los-ultimos-26-anos","status":"publish","type":"post","link":"https:\/\/www.hoymercedes.com.ar\/principal\/2014\/06\/04\/2014-el-mas-lluvioso-de-los-ultimos-26-anos\/","title":{"rendered":"2014: el m\u00e1s lluvioso de los \u00faltimos 26 a\u00f1os"},"content":{"rendered":"<p><a href=\"https:\/\/www.hoymercedes.com.ar\/principal\/wp-content\/uploads\/2014\/06\/Estacion-Metereologica-UNLu.jpg\"><img loading=\"lazy\" decoding=\"async\" data-attachment-id=\"33564\" data-permalink=\"https:\/\/www.hoymercedes.com.ar\/principal\/2014\/06\/04\/2014-el-mas-lluvioso-de-los-ultimos-26-anos\/estacion-metereologica-unlu\/#main\" data-orig-file=\"https:\/\/www.hoymercedes.com.ar\/principal\/wp-content\/uploads\/2014\/06\/Estacion-Metereologica-UNLu.jpg\" data-orig-size=\"620,465\" data-comments-opened=\"1\" data-image-meta=\"{&quot;aperture&quot;:&quot;0&quot;,&quot;credit&quot;:&quot;&quot;,&quot;camera&quot;:&quot;&quot;,&quot;caption&quot;:&quot;&quot;,&quot;created_timestamp&quot;:&quot;0&quot;,&quot;copyright&quot;:&quot;&quot;,&quot;focal_length&quot;:&quot;0&quot;,&quot;iso&quot;:&quot;0&quot;,&quot;shutter_speed&quot;:&quot;0&quot;,&quot;title&quot;:&quot;&quot;}\" data-image-title=\"Estacion-Metereologica-UNLu\" data-image-description=\"\" data-image-caption=\"\" data-large-file=\"https:\/\/www.hoymercedes.com.ar\/principal\/wp-content\/uploads\/2014\/06\/Estacion-Metereologica-UNLu.jpg\" class=\"Img2014 aligncenter wp-image-33564 size-full\" src=\"https:\/\/www.hoymercedes.com.ar\/principal\/wp-content\/uploads\/2014\/06\/Estacion-Metereologica-UNLu.jpg\" alt=\"Estacion-Metereologica-UNLu\" width=\"620\" height=\"465\" \/><\/a><\/p>\n<p><em><strong>Seg\u00fan un estudio realizado por la Universidad Nacional de Luj\u00e1n el per\u00edodo reciente es el m\u00e1s lluvioso de los \u00faltimos 26 a\u00f1os. \u00a0La Estaci\u00f3n Agrometeorol\u00f3gica de la UNLu determin\u00f3, al comparar los primeros cinco meses de cada a\u00f1o desde 1988 a la fecha que el 2014 es, en Luj\u00e1n, y con ello se pueden otear las implicancias regionales por compartir la cuenca del R\u00edo, el peor en cantidad de agua ca\u00edda. Si bien centraron el estudio en Luj\u00e1n claramente afect\u00f3 a toda la regi\u00f3n.<\/strong><\/em><\/p>\n<p>Entre enero y mayo cayeron en el vecino distrito 950 mil\u00edmetros, cifra que significa apenas 122 mil\u00edmetros menos que el promedio anual del per\u00edodo 1988-2013, calculado en 1.072 mil\u00edmetros.<\/p>\n<p>Se manifest\u00f3 que tanta agua gener\u00f3 la \u201csaturaci\u00f3n de los suelos\u201d, que es ni m\u00e1s ni menos que la incapacidad de poder absorber siendo un fen\u00f3meno observado en toda la regi\u00f3n, tal como se pudo retratar incluso en Mercedes y Suipacha con los registros fotogr\u00e1ficos a\u00e9reos recientes.<\/p>\n<p>En febrero, por ejemplo, cayeron 350 mil\u00edmetros, una cifra tambi\u00e9n r\u00e9cord para un mes.<\/p>\n<p>Desde la universidad sostienen que no se debe hablar livianamente de cambio clim\u00e1tico, sino de fen\u00f3meno, pues, para sostener la idea del cambio los estudios deben remitirse a muchos m\u00e1s a\u00f1os y d\u00e9cadas en comparaci\u00f3n para poder generar patrones m\u00e1s s\u00f3lidos y extensos.<\/p>\n<p><em>\u00abSistema de alerta de inundaciones de la Ciudad Luj\u00e1n\u00bb,<\/em> es uno de los programas de extensi\u00f3n de la Casa de Altos estudios cuyo responsable es la Ing. Isabel Cirera y viene trabajando la problem\u00e1tica.<\/p>\n<p>&nbsp;<\/p>\n<p>&nbsp;<\/p>\n<p>&nbsp;<\/p>\n","protected":false},"excerpt":{"rendered":"<p>Seg\u00fan un estudio realizado por la Universidad Nacional de Luj\u00e1n el per\u00edodo reciente es el m\u00e1s lluvioso de los \u00faltimos &#8230; <a title=\"2014: el m\u00e1s lluvioso de los \u00faltimos 26 a\u00f1os\" class=\"read-more\" href=\"https:\/\/www.hoymercedes.com.ar\/principal\/2014\/06\/04\/2014-el-mas-lluvioso-de-los-ultimos-26-anos\/\" aria-label=\"Leer m\u00e1s sobre 2014: el m\u00e1s lluvioso de los \u00faltimos 26 a\u00f1os\">Leer m\u00e1s<\/a><\/p>\n","protected":false},"author":1,"featured_media":0,"comment_status":"open","ping_status":"open","sticky":false,"template":"","format":"standard","meta":{"_monsterinsights_skip_tracking":false,"_monsterinsights_sitenote_active":false,"_monsterinsights_sitenote_note":"","_monsterinsights_sitenote_category":0,"jetpack_post_was_ever_published":false,"_jetpack_newsletter_access":"","_jetpack_dont_email_post_to_subs":false,"_jetpack_newsletter_tier_id":0,"_jetpack_memberships_contains_paywalled_content":false,"_jetpack_memberships_contains_paid_content":false,"footnotes":"","jetpack_publicize_message":"","jetpack_publicize_feature_enabled":true,"jetpack_social_post_already_shared":false,"jetpack_social_options":{"image_generator_settings":{"template":"highway","default_image_id":0,"font":"","enabled":false},"version":2},"_wpas_customize_per_network":false},"categories":[8],"tags":[5358,10,559,120,54],"class_list":["post-33563","post","type-post","status-publish","format-standard","hentry","category-sociedad","tag-lluvia-lujan","tag-mercedes","tag-suipacha","tag-universidad-nacional-de-lujan","tag-unlu","generate-columns","tablet-grid-50","mobile-grid-100","grid-parent","grid-50"],"jetpack_publicize_connections":[],"jetpack_featured_media_url":"","wps_subtitle":"Estudios meteorol\u00f3gicos ","jetpack_sharing_enabled":true,"_links":{"self":[{"href":"https:\/\/www.hoymercedes.com.ar\/principal\/wp-json\/wp\/v2\/posts\/33563","targetHints":{"allow":["GET"]}}],"collection":[{"href":"https:\/\/www.hoymercedes.com.ar\/principal\/wp-json\/wp\/v2\/posts"}],"about":[{"href":"https:\/\/www.hoymercedes.com.ar\/principal\/wp-json\/wp\/v2\/types\/post"}],"author":[{"embeddable":true,"href":"https:\/\/www.hoymercedes.com.ar\/principal\/wp-json\/wp\/v2\/users\/1"}],"replies":[{"embeddable":true,"href":"https:\/\/www.hoymercedes.com.ar\/principal\/wp-json\/wp\/v2\/comments?post=33563"}],"version-history":[{"count":0,"href":"https:\/\/www.hoymercedes.com.ar\/principal\/wp-json\/wp\/v2\/posts\/33563\/revisions"}],"wp:attachment":[{"href":"https:\/\/www.hoymercedes.com.ar\/principal\/wp-json\/wp\/v2\/media?parent=33563"}],"wp:term":[{"taxonomy":"category","embeddable":true,"href":"https:\/\/www.hoymercedes.com.ar\/principal\/wp-json\/wp\/v2\/categories?post=33563"},{"taxonomy":"post_tag","embeddable":true,"href":"https:\/\/www.hoymercedes.com.ar\/principal\/wp-json\/wp\/v2\/tags?post=33563"}],"curies":[{"name":"wp","href":"https:\/\/api.w.org\/{rel}","templated":true}]}}