{"id":33574,"date":"2014-06-04T22:20:29","date_gmt":"2014-06-05T01:20:29","guid":{"rendered":"http:\/\/www.hoymercedes.com.ar\/principal\/?p=33574"},"modified":"2014-06-04T22:20:29","modified_gmt":"2014-06-05T01:20:29","slug":"biglia-sera-homenajeado-y-firmara-camisetas-a-los-mercedinos","status":"publish","type":"post","link":"https:\/\/www.hoymercedes.com.ar\/principal\/2014\/06\/04\/biglia-sera-homenajeado-y-firmara-camisetas-a-los-mercedinos\/","title":{"rendered":"Biglia ser\u00e1 homenajeado y firmar\u00e1 camisetas a los mercedinos"},"content":{"rendered":"<p><a href=\"https:\/\/www.hoymercedes.com.ar\/principal\/wp-content\/uploads\/2014\/06\/bligia-rpm-2.jpg\"><img loading=\"lazy\" decoding=\"async\" data-attachment-id=\"33575\" data-permalink=\"https:\/\/www.hoymercedes.com.ar\/principal\/2014\/06\/04\/biglia-sera-homenajeado-y-firmara-camisetas-a-los-mercedinos\/bligia-rpm-2-2\/#main\" data-orig-file=\"https:\/\/www.hoymercedes.com.ar\/principal\/wp-content\/uploads\/2014\/06\/bligia-rpm-2.jpg\" data-orig-size=\"351,496\" data-comments-opened=\"1\" data-image-meta=\"{&quot;aperture&quot;:&quot;0&quot;,&quot;credit&quot;:&quot;&quot;,&quot;camera&quot;:&quot;&quot;,&quot;caption&quot;:&quot;&quot;,&quot;created_timestamp&quot;:&quot;0&quot;,&quot;copyright&quot;:&quot;&quot;,&quot;focal_length&quot;:&quot;0&quot;,&quot;iso&quot;:&quot;0&quot;,&quot;shutter_speed&quot;:&quot;0&quot;,&quot;title&quot;:&quot;&quot;}\" data-image-title=\"bligia-rpm-2\" data-image-description=\"\" data-image-caption=\"\" data-large-file=\"https:\/\/www.hoymercedes.com.ar\/principal\/wp-content\/uploads\/2014\/06\/bligia-rpm-2.jpg\" class=\"Img2014  aligncenter wp-image-33575\" src=\"https:\/\/www.hoymercedes.com.ar\/principal\/wp-content\/uploads\/2014\/06\/bligia-rpm-2.jpg\" alt=\"bligia-rpm-2\" width=\"620\" height=\"876\" \/><\/a><\/p>\n<p><em><strong>Este jueves 5 de junio\u00a0se producir\u00e1 un encuentro con Lucas Biglia en el espacio del Teatro Argentino donde el mediocampista nacido en nuestra ciudad ser\u00e1 homenajeado por la comuna a la vez que firmar\u00e1 camisetas a todos los vecinos que deseen ser parte del encuentro.<\/strong><\/em><\/p>\n<p>La actividad ha sido programada por la Municipalidad de Mercedes y se buscar\u00e1 dar un reconocimiento el deportista mercedino que por primera vez en la historia local arribar\u00e1 a un mundial de m\u00e1xima categor\u00eda.<\/p>\n<p>Ser\u00e1 desde las 20.00hs \u00e9ste jueves 5 en calle 27 entre 24 y 26, en el Teatro Argentino.<\/p>\n<p>Habr\u00e1 sorpresas y atractivos en una noche pensada para los mercedinos y para el jugador que se encuentra con el seleccionado entrenando con miras a Brasil 2014<\/p>\n<p><strong>Autoridades y visita<\/strong><\/p>\n<p>Se espera la participaci\u00f3n del p\u00fablico, pero, tambi\u00e9n de autoridades y vistitas como ser\u00eda el posible arribo del Diputado Provincial Sergio Massa para ser parte de la fiesta.<\/p>\n","protected":false},"excerpt":{"rendered":"<p>Este jueves 5 de junio\u00a0se producir\u00e1 un encuentro con Lucas Biglia en el espacio del Teatro Argentino donde el mediocampista &#8230; <a title=\"Biglia ser\u00e1 homenajeado y firmar\u00e1 camisetas a los mercedinos\" class=\"read-more\" href=\"https:\/\/www.hoymercedes.com.ar\/principal\/2014\/06\/04\/biglia-sera-homenajeado-y-firmara-camisetas-a-los-mercedinos\/\" aria-label=\"Leer m\u00e1s sobre Biglia ser\u00e1 homenajeado y firmar\u00e1 camisetas a los mercedinos\">Leer m\u00e1s<\/a><\/p>\n","protected":false},"author":1,"featured_media":0,"comment_status":"open","ping_status":"open","sticky":false,"template":"","format":"standard","meta":{"_monsterinsights_skip_tracking":false,"_monsterinsights_sitenote_active":false,"_monsterinsights_sitenote_note":"","_monsterinsights_sitenote_category":0,"jetpack_post_was_ever_published":false,"_jetpack_newsletter_access":"","_jetpack_dont_email_post_to_subs":false,"_jetpack_newsletter_tier_id":0,"_jetpack_memberships_contains_paywalled_content":false,"_jetpack_memberships_contains_paid_content":false,"footnotes":"","jetpack_publicize_message":"","jetpack_publicize_feature_enabled":true,"jetpack_social_post_already_shared":false,"jetpack_social_options":{"image_generator_settings":{"template":"highway","default_image_id":0,"font":"","enabled":false},"version":2},"_wpas_customize_per_network":false},"categories":[30],"tags":[305,5361,5362],"class_list":["post-33574","post","type-post","status-publish","format-standard","hentry","category-municipio","tag-lucas-biglia","tag-mercedes-mundial","tag-rpm-mercedes","generate-columns","tablet-grid-50","mobile-grid-100","grid-parent","grid-50"],"jetpack_publicize_connections":[],"jetpack_featured_media_url":"","wps_subtitle":"Un mercedino en Brasil 2014","jetpack_sharing_enabled":true,"_links":{"self":[{"href":"https:\/\/www.hoymercedes.com.ar\/principal\/wp-json\/wp\/v2\/posts\/33574","targetHints":{"allow":["GET"]}}],"collection":[{"href":"https:\/\/www.hoymercedes.com.ar\/principal\/wp-json\/wp\/v2\/posts"}],"about":[{"href":"https:\/\/www.hoymercedes.com.ar\/principal\/wp-json\/wp\/v2\/types\/post"}],"author":[{"embeddable":true,"href":"https:\/\/www.hoymercedes.com.ar\/principal\/wp-json\/wp\/v2\/users\/1"}],"replies":[{"embeddable":true,"href":"https:\/\/www.hoymercedes.com.ar\/principal\/wp-json\/wp\/v2\/comments?post=33574"}],"version-history":[{"count":0,"href":"https:\/\/www.hoymercedes.com.ar\/principal\/wp-json\/wp\/v2\/posts\/33574\/revisions"}],"wp:attachment":[{"href":"https:\/\/www.hoymercedes.com.ar\/principal\/wp-json\/wp\/v2\/media?parent=33574"}],"wp:term":[{"taxonomy":"category","embeddable":true,"href":"https:\/\/www.hoymercedes.com.ar\/principal\/wp-json\/wp\/v2\/categories?post=33574"},{"taxonomy":"post_tag","embeddable":true,"href":"https:\/\/www.hoymercedes.com.ar\/principal\/wp-json\/wp\/v2\/tags?post=33574"}],"curies":[{"name":"wp","href":"https:\/\/api.w.org\/{rel}","templated":true}]}}