{"id":33585,"date":"2014-06-05T19:15:43","date_gmt":"2014-06-05T22:15:43","guid":{"rendered":"http:\/\/www.hoymercedes.com.ar\/principal\/?p=33585"},"modified":"2014-06-05T19:15:43","modified_gmt":"2014-06-05T22:15:43","slug":"se-brindara-una-charla-informativa-sobre-programas-en-el-area-de-discapacidad","status":"publish","type":"post","link":"https:\/\/www.hoymercedes.com.ar\/principal\/2014\/06\/05\/se-brindara-una-charla-informativa-sobre-programas-en-el-area-de-discapacidad\/","title":{"rendered":"Se brindar\u00e1 una charla informativa sobre programas en el \u00e1rea de discapacidad"},"content":{"rendered":"<p><a href=\"https:\/\/www.hoymercedes.com.ar\/principal\/wp-content\/uploads\/2014\/06\/DesarrolloSocialNacionMercedes.jpg\"><img loading=\"lazy\" decoding=\"async\" data-attachment-id=\"33586\" data-permalink=\"https:\/\/www.hoymercedes.com.ar\/principal\/2014\/06\/05\/se-brindara-una-charla-informativa-sobre-programas-en-el-area-de-discapacidad\/desarrollosocialnacionmercedes\/#main\" data-orig-file=\"https:\/\/www.hoymercedes.com.ar\/principal\/wp-content\/uploads\/2014\/06\/DesarrolloSocialNacionMercedes.jpg\" data-orig-size=\"620,465\" data-comments-opened=\"1\" data-image-meta=\"{&quot;aperture&quot;:&quot;2.8&quot;,&quot;credit&quot;:&quot;&quot;,&quot;camera&quot;:&quot;LG-E451g&quot;,&quot;caption&quot;:&quot;&quot;,&quot;created_timestamp&quot;:&quot;1397758102&quot;,&quot;copyright&quot;:&quot;&quot;,&quot;focal_length&quot;:&quot;3.5&quot;,&quot;iso&quot;:&quot;132&quot;,&quot;shutter_speed&quot;:&quot;0.010005&quot;,&quot;title&quot;:&quot;&quot;}\" data-image-title=\"DesarrolloSocialNacionMercedes\" data-image-description=\"\" data-image-caption=\"\" data-large-file=\"https:\/\/www.hoymercedes.com.ar\/principal\/wp-content\/uploads\/2014\/06\/DesarrolloSocialNacionMercedes.jpg\" class=\"aligncenter size-full wp-image-33586\" src=\"https:\/\/www.hoymercedes.com.ar\/principal\/wp-content\/uploads\/2014\/06\/DesarrolloSocialNacionMercedes.jpg\" alt=\"DesarrolloSocialNacionMercedes\" width=\"620\" height=\"465\" \/><\/a><\/p>\n<p><em><strong>El Ministerio de Desarrollo Social de la Naci\u00f3n invita a participar de un encuentro sobre los programas y pol\u00edticas impulsadas por la Comisi\u00f3n Nacional Asesora para la Integraci\u00f3n de las Personas con Discapacidad \u2013CONADIS-<\/strong><\/em><\/p>\n<p>El encuentro se realizar\u00e1 el d\u00eda martes 10 a las 13.00hss y contar\u00e1 con la presencia de Alejandra Bazzallo de la CONADIS quien brindar\u00e1 informaci\u00f3n respecto a los programas y las pol\u00edticas implementadas para las personas con discapacidad.<\/p>\n<p>La charla organizada por el Ministerio de Desarrollo Social a trav\u00e9s del Centro de Referencia local est\u00e1 dirigida a instituciones y particulares interesados en la tem\u00e1tica.<\/p>\n<p>Para inscribirse comunicarse al 426-226. Email: cdrmercedes@gmail.com.<\/p>\n<p><span style=\"color: #808080;\">Fuente. MDS Mercedes\u00a0<\/span><\/p>\n","protected":false},"excerpt":{"rendered":"<p>El Ministerio de Desarrollo Social de la Naci\u00f3n invita a participar de un encuentro sobre los programas y pol\u00edticas impulsadas &#8230; <a title=\"Se brindar\u00e1 una charla informativa sobre programas en el \u00e1rea de discapacidad\" class=\"read-more\" href=\"https:\/\/www.hoymercedes.com.ar\/principal\/2014\/06\/05\/se-brindara-una-charla-informativa-sobre-programas-en-el-area-de-discapacidad\/\" aria-label=\"Leer m\u00e1s sobre Se brindar\u00e1 una charla informativa sobre programas en el \u00e1rea de discapacidad\">Leer m\u00e1s<\/a><\/p>\n","protected":false},"author":1,"featured_media":0,"comment_status":"open","ping_status":"open","sticky":false,"template":"","format":"standard","meta":{"_monsterinsights_skip_tracking":false,"_monsterinsights_sitenote_active":false,"_monsterinsights_sitenote_note":"","_monsterinsights_sitenote_category":0,"jetpack_post_was_ever_published":false,"_jetpack_newsletter_access":"","_jetpack_dont_email_post_to_subs":false,"_jetpack_newsletter_tier_id":0,"_jetpack_memberships_contains_paywalled_content":false,"_jetpack_memberships_contains_paid_content":false,"footnotes":"","jetpack_publicize_message":"","jetpack_publicize_feature_enabled":true,"jetpack_social_post_already_shared":false,"jetpack_social_options":{"image_generator_settings":{"template":"highway","default_image_id":0,"font":"","enabled":false},"version":2},"_wpas_customize_per_network":false},"categories":[5],"tags":[5365],"class_list":["post-33585","post","type-post","status-publish","format-standard","hentry","category-politica","tag-ministerio-desarrollo-social-mercedes","generate-columns","tablet-grid-50","mobile-grid-100","grid-parent","grid-50"],"jetpack_publicize_connections":[],"jetpack_featured_media_url":"","wps_subtitle":"Invitaci\u00f3n a los mercedinos ","jetpack_sharing_enabled":true,"_links":{"self":[{"href":"https:\/\/www.hoymercedes.com.ar\/principal\/wp-json\/wp\/v2\/posts\/33585","targetHints":{"allow":["GET"]}}],"collection":[{"href":"https:\/\/www.hoymercedes.com.ar\/principal\/wp-json\/wp\/v2\/posts"}],"about":[{"href":"https:\/\/www.hoymercedes.com.ar\/principal\/wp-json\/wp\/v2\/types\/post"}],"author":[{"embeddable":true,"href":"https:\/\/www.hoymercedes.com.ar\/principal\/wp-json\/wp\/v2\/users\/1"}],"replies":[{"embeddable":true,"href":"https:\/\/www.hoymercedes.com.ar\/principal\/wp-json\/wp\/v2\/comments?post=33585"}],"version-history":[{"count":0,"href":"https:\/\/www.hoymercedes.com.ar\/principal\/wp-json\/wp\/v2\/posts\/33585\/revisions"}],"wp:attachment":[{"href":"https:\/\/www.hoymercedes.com.ar\/principal\/wp-json\/wp\/v2\/media?parent=33585"}],"wp:term":[{"taxonomy":"category","embeddable":true,"href":"https:\/\/www.hoymercedes.com.ar\/principal\/wp-json\/wp\/v2\/categories?post=33585"},{"taxonomy":"post_tag","embeddable":true,"href":"https:\/\/www.hoymercedes.com.ar\/principal\/wp-json\/wp\/v2\/tags?post=33585"}],"curies":[{"name":"wp","href":"https:\/\/api.w.org\/{rel}","templated":true}]}}