{"id":33616,"date":"2014-06-06T20:20:46","date_gmt":"2014-06-06T23:20:46","guid":{"rendered":"http:\/\/www.hoymercedes.com.ar\/principal\/?p=33616"},"modified":"2014-06-06T20:20:46","modified_gmt":"2014-06-06T23:20:46","slug":"barrio-favaloro-se-firmo-convenio-para-finalizar-obras-de-infraestructura","status":"publish","type":"post","link":"https:\/\/www.hoymercedes.com.ar\/principal\/2014\/06\/06\/barrio-favaloro-se-firmo-convenio-para-finalizar-obras-de-infraestructura\/","title":{"rendered":"Barrio Favaloro: se firm\u00f3 convenio para finalizar obras de infraestructura"},"content":{"rendered":"<p><a href=\"https:\/\/www.hoymercedes.com.ar\/principal\/wp-content\/uploads\/2014\/06\/Salomone-Gustavo.jpg\"><img loading=\"lazy\" decoding=\"async\" data-attachment-id=\"33617\" data-permalink=\"https:\/\/www.hoymercedes.com.ar\/principal\/2014\/06\/06\/barrio-favaloro-se-firmo-convenio-para-finalizar-obras-de-infraestructura\/sanyo-digital-camera-25\/#main\" data-orig-file=\"https:\/\/www.hoymercedes.com.ar\/principal\/wp-content\/uploads\/2014\/06\/Salomone-Gustavo.jpg\" data-orig-size=\"620,216\" data-comments-opened=\"1\" data-image-meta=\"{&quot;aperture&quot;:&quot;2.8&quot;,&quot;credit&quot;:&quot;&quot;,&quot;camera&quot;:&quot;S770&quot;,&quot;caption&quot;:&quot;&quot;,&quot;created_timestamp&quot;:&quot;1202949894&quot;,&quot;copyright&quot;:&quot;&quot;,&quot;focal_length&quot;:&quot;5.8&quot;,&quot;iso&quot;:&quot;200&quot;,&quot;shutter_speed&quot;:&quot;0.025&quot;,&quot;title&quot;:&quot;SANYO DIGITAL CAMERA&quot;}\" data-image-title=\"SANYO DIGITAL CAMERA\" data-image-description=\"\" data-image-caption=\"\" data-large-file=\"https:\/\/www.hoymercedes.com.ar\/principal\/wp-content\/uploads\/2014\/06\/Salomone-Gustavo.jpg\" class=\"aligncenter size-full wp-image-33617\" src=\"https:\/\/www.hoymercedes.com.ar\/principal\/wp-content\/uploads\/2014\/06\/Salomone-Gustavo.jpg\" alt=\"SANYO DIGITAL CAMERA\" width=\"620\" height=\"216\" \/><\/a><\/p>\n<p><em><strong>La Secretar\u00eda de Obras P\u00fablicas de la Municipalidad de Mercedes cuyo responsable es el Ing. Gustavo Salomone confirm\u00f3 a HoyMercedes la firma de un convenio de importancia para obras de infraestructuras en el Barrio Favaloro que ve as\u00ed paso a paso avanzar en su finalizaci\u00f3n total, siendo un claro anhelo de todos los vecinos de la ciudad y en especial de los beneficiarios.<\/strong><\/em><\/p>\n<p>Desde el \u00e1rea, Gustavo Salomone, nos coment\u00f3:<\/p>\n<p><em>\u201cEn los \u00faltimos d\u00edas hemos logrado firmar el convenio necesario para terminar las obras del Barrio Favaloro. Son excelente noticias. Hemos obtenido el convenio espec\u00edfico para obras de infraestructura para el barrio, por un total de $ 5.000.000 para construir la ca\u00f1er\u00eda de dotaci\u00f3n y distribuci\u00f3n de agua corriente desde Acceso San Mart\u00edn y 110 a Acceso San Mart\u00edn y 136, con ca\u00f1er\u00eda de pvc y la construcci\u00f3n de 2 tomas de agua subterr\u00e1nea (pozos de extracci\u00f3n). El Gobierno Nacional junto al Municipio de Mercedes sigue trabajando para obtener adem\u00e1s las obras el\u00e9ctricas y de gas natural ya licitadas por el Municipio y elevadas al estamento nacional para su concreci\u00f3n\u201d.<\/em><\/p>\n<p>De esta manera, las obras en el tan deseado barrio Favaloro est\u00e1n prontas a concretarse avanzando en el deseo de todos que es su finalizaci\u00f3n plena.<\/p>\n<p>&nbsp;<\/p>\n<p>&nbsp;<\/p>\n<p>&nbsp;<\/p>\n","protected":false},"excerpt":{"rendered":"<p>La Secretar\u00eda de Obras P\u00fablicas de la Municipalidad de Mercedes cuyo responsable es el Ing. Gustavo Salomone confirm\u00f3 a HoyMercedes &#8230; <a title=\"Barrio Favaloro: se firm\u00f3 convenio para finalizar obras de infraestructura\" class=\"read-more\" href=\"https:\/\/www.hoymercedes.com.ar\/principal\/2014\/06\/06\/barrio-favaloro-se-firmo-convenio-para-finalizar-obras-de-infraestructura\/\" aria-label=\"Leer m\u00e1s sobre Barrio Favaloro: se firm\u00f3 convenio para finalizar obras de infraestructura\">Leer m\u00e1s<\/a><\/p>\n","protected":false},"author":1,"featured_media":0,"comment_status":"open","ping_status":"open","sticky":false,"template":"","format":"standard","meta":{"_monsterinsights_skip_tracking":false,"_monsterinsights_sitenote_active":false,"_monsterinsights_sitenote_note":"","_monsterinsights_sitenote_category":0,"jetpack_post_was_ever_published":false,"_jetpack_newsletter_access":"","_jetpack_dont_email_post_to_subs":false,"_jetpack_newsletter_tier_id":0,"_jetpack_memberships_contains_paywalled_content":false,"_jetpack_memberships_contains_paid_content":false,"footnotes":"","jetpack_publicize_message":"","jetpack_publicize_feature_enabled":true,"jetpack_social_post_already_shared":false,"jetpack_social_options":{"image_generator_settings":{"template":"highway","default_image_id":0,"font":"","enabled":false},"version":2},"_wpas_customize_per_network":false},"categories":[30],"tags":[2063,5370,229],"class_list":["post-33616","post","type-post","status-publish","format-standard","hentry","category-municipio","tag-barrio-favaloro","tag-barrio-favaloro-se-firmo-convenio-para-finalizar-obras-de-infraestructura","tag-gustavo-salomone","generate-columns","tablet-grid-50","mobile-grid-100","grid-parent","grid-50"],"jetpack_publicize_connections":[],"jetpack_featured_media_url":"","wps_subtitle":"Obras P\u00fablicas Mercedes ","jetpack_sharing_enabled":true,"_links":{"self":[{"href":"https:\/\/www.hoymercedes.com.ar\/principal\/wp-json\/wp\/v2\/posts\/33616","targetHints":{"allow":["GET"]}}],"collection":[{"href":"https:\/\/www.hoymercedes.com.ar\/principal\/wp-json\/wp\/v2\/posts"}],"about":[{"href":"https:\/\/www.hoymercedes.com.ar\/principal\/wp-json\/wp\/v2\/types\/post"}],"author":[{"embeddable":true,"href":"https:\/\/www.hoymercedes.com.ar\/principal\/wp-json\/wp\/v2\/users\/1"}],"replies":[{"embeddable":true,"href":"https:\/\/www.hoymercedes.com.ar\/principal\/wp-json\/wp\/v2\/comments?post=33616"}],"version-history":[{"count":0,"href":"https:\/\/www.hoymercedes.com.ar\/principal\/wp-json\/wp\/v2\/posts\/33616\/revisions"}],"wp:attachment":[{"href":"https:\/\/www.hoymercedes.com.ar\/principal\/wp-json\/wp\/v2\/media?parent=33616"}],"wp:term":[{"taxonomy":"category","embeddable":true,"href":"https:\/\/www.hoymercedes.com.ar\/principal\/wp-json\/wp\/v2\/categories?post=33616"},{"taxonomy":"post_tag","embeddable":true,"href":"https:\/\/www.hoymercedes.com.ar\/principal\/wp-json\/wp\/v2\/tags?post=33616"}],"curies":[{"name":"wp","href":"https:\/\/api.w.org\/{rel}","templated":true}]}}