{"id":33624,"date":"2014-06-07T14:40:05","date_gmt":"2014-06-07T17:40:05","guid":{"rendered":"http:\/\/www.hoymercedes.com.ar\/principal\/?p=33624"},"modified":"2014-06-08T21:34:23","modified_gmt":"2014-06-09T00:34:23","slug":"ustarroz-se-reunio-con-selva-para-trabajar-en-conjunto-predio-de-la-trocha","status":"publish","type":"post","link":"https:\/\/www.hoymercedes.com.ar\/principal\/2014\/06\/07\/ustarroz-se-reunio-con-selva-para-trabajar-en-conjunto-predio-de-la-trocha\/","title":{"rendered":"Ustarroz se reuni\u00f3 con Selva para trabajar en conjunto predio de \u00abLa Trocha\u00bb"},"content":{"rendered":"<p><a href=\"https:\/\/www.hoymercedes.com.ar\/principal\/wp-content\/uploads\/2014\/06\/Selva-Ustarroz.jpg\"><img loading=\"lazy\" decoding=\"async\" data-attachment-id=\"33629\" data-permalink=\"https:\/\/www.hoymercedes.com.ar\/principal\/2014\/06\/07\/ustarroz-se-reunio-con-selva-para-trabajar-en-conjunto-predio-de-la-trocha\/selva-ustarroz\/#main\" data-orig-file=\"https:\/\/www.hoymercedes.com.ar\/principal\/wp-content\/uploads\/2014\/06\/Selva-Ustarroz.jpg\" data-orig-size=\"620,393\" data-comments-opened=\"1\" data-image-meta=\"{&quot;aperture&quot;:&quot;0&quot;,&quot;credit&quot;:&quot;&quot;,&quot;camera&quot;:&quot;&quot;,&quot;caption&quot;:&quot;&quot;,&quot;created_timestamp&quot;:&quot;0&quot;,&quot;copyright&quot;:&quot;&quot;,&quot;focal_length&quot;:&quot;0&quot;,&quot;iso&quot;:&quot;0&quot;,&quot;shutter_speed&quot;:&quot;0&quot;,&quot;title&quot;:&quot;&quot;}\" data-image-title=\"Selva-Ustarroz\" data-image-description=\"\" data-image-caption=\"\" data-large-file=\"https:\/\/www.hoymercedes.com.ar\/principal\/wp-content\/uploads\/2014\/06\/Selva-Ustarroz.jpg\" class=\"Img2014 aligncenter wp-image-33629 size-full\" src=\"https:\/\/www.hoymercedes.com.ar\/principal\/wp-content\/uploads\/2014\/06\/Selva-Ustarroz.jpg\" alt=\"Selva-Ustarroz\" width=\"620\" height=\"393\" \/><\/a><\/p>\n<p><em><strong>(FM) El presidente del bloque de concejales del Frente Mercedino para la Victoria, Juan Ignacio Ustarroz, se reuni\u00f3 el viernes con el intendente Carlos Selva, a quien le llev\u00f3 una propuesta para trabajar juntos en el predio de la Trocha.<\/strong><\/em><\/p>\n<p>La reuni\u00f3n, de la que tambi\u00e9n particip\u00f3 el <span style=\"color: #808080;\">concejal<\/span> Juan Pablo L\u00f3pez Baggio (FMPV), se desarroll\u00f3 en el despacho del propio intendente.<\/p>\n<p>\u201cDel mismo modo que sucedi\u00f3 d\u00edas atr\u00e1s, cuando pudimos sumar cuatro mil dosis de vacunas antigripales para articular un programa con el municipio a trav\u00e9s de los CAPS, la reuni\u00f3n fue muy amena y encontramos de parte del intendente una gran predisposici\u00f3n a trabajar juntos, ahora en este proyecto de recuperaci\u00f3n definitiva del predio de La Trocha\u201d, explic\u00f3 Ustarroz.<\/p>\n<p>\u201cDesde el momento en que pudimos aportar una soluci\u00f3n al municipio en el tema de la Trocha con lo que fue la recuperaci\u00f3n inicial del predio \u2013sigui\u00f3 Juani-, planteamos la necesidad de la incorporaci\u00f3n de todos los sectores para planificar qu\u00e9 hacer en ese predio, porque es un patrimonio hist\u00f3rico, cultural y natural de todos los vecinos de Mercedes\u201d.<\/p>\n<p>En efecto, y a trav\u00e9s del esfuerzo de las cooperativas de Argentina Trabaja, el predio \u2013que estaba en gran parte abandonado y era un foco de inseguridad y de basura- se fue recuperando paso a paso: primero a trav\u00e9s de una fuerte tarea de desmalezamiento y limpieza; y posteriormente con la instalaci\u00f3n de 14 torres de iluminaci\u00f3n y la presencia permanente de una custodia policial.<\/p>\n<p>\u201cGracias a la Asociaci\u00f3n Amigos del Belgrano y de Fernando Luna con su radio Vida, el predio conserv\u00f3 algo de vida, y sobre esa base empezamos a trabajar \u2013aport\u00f3 L\u00f3pez Baggio-. Se fueron sumando distintas voluntades a trav\u00e9s de instituciones, ONGs y vecinos en general, y el resultado inicial qued\u00f3 reflejado en dos fiestas populares, inolvidables y masivas. Por eso queremos que se sume el municipio y se sumen todas las agrupaciones pol\u00edticas que tienen representaci\u00f3n en la ciudad; hay que dejar de lado las diferencias\u201d.<\/p>\n<p>La primera fue el 12 de octubre del a\u00f1o pasado, con un festival musical que se cerr\u00f3 con la presentaci\u00f3n de La Bomba de Tiempo. La m\u00e1s cercana, el reciente 1 de mayo, una gran celebraci\u00f3n del D\u00eda del Trabajador con la presencia estelar del legendario Horacio \u2018Pueblo\u2019 Guarany. En ambas ocasiones hubo una exitosa feria de artesanos, la participaci\u00f3n de representantes culturales de Mercedes y una cantina a beneficio de los Bomberos Voluntarios de la ciudad.<\/p>\n<p>Abierto a toda la comunidad, tambi\u00e9n se organiz\u00f3 una feria de mascotas del Grupo Amigo Animal, un festival de bandas de hardcore y otras actividades.<\/p>\n<p>\u201cEs un predio hermoso, ubicado en un sector estrat\u00e9gico de la ciudad y en el que se pueden hacer un mont\u00f3n de cosas. La incorporaci\u00f3n de los equipos t\u00e9cnicos de la municipalidad ser\u00e1 de gran utilidad en el aporte de ideas y proyectos, y eso es lo que le fuimos a proponer al intendente: un trabajo en conjunto en beneficio de todos los vecinos. Pensando en la cultura, en la educaci\u00f3n, en el turismo, en el medio ambiente, en todos los aspectos que influyen directamente en nuestra calidad de vida. Y deseamos de coraz\u00f3n que este proyecto se pueda llevar adelante\u201d, concluy\u00f3 Ustarroz.<\/p>\n<p>Fuente: FMpV<\/p>\n","protected":false},"excerpt":{"rendered":"<p>(FM) El presidente del bloque de concejales del Frente Mercedino para la Victoria, Juan Ignacio Ustarroz, se reuni\u00f3 el viernes &#8230; <a title=\"Ustarroz se reuni\u00f3 con Selva para trabajar en conjunto predio de \u00abLa Trocha\u00bb\" class=\"read-more\" href=\"https:\/\/www.hoymercedes.com.ar\/principal\/2014\/06\/07\/ustarroz-se-reunio-con-selva-para-trabajar-en-conjunto-predio-de-la-trocha\/\" aria-label=\"Leer m\u00e1s sobre Ustarroz se reuni\u00f3 con Selva para trabajar en conjunto predio de \u00abLa Trocha\u00bb\">Leer m\u00e1s<\/a><\/p>\n","protected":false},"author":1,"featured_media":0,"comment_status":"open","ping_status":"open","sticky":false,"template":"","format":"standard","meta":{"_monsterinsights_skip_tracking":false,"_monsterinsights_sitenote_active":false,"_monsterinsights_sitenote_note":"","_monsterinsights_sitenote_category":0,"jetpack_post_was_ever_published":false,"_jetpack_newsletter_access":"","_jetpack_dont_email_post_to_subs":false,"_jetpack_newsletter_tier_id":0,"_jetpack_memberships_contains_paywalled_content":false,"_jetpack_memberships_contains_paid_content":false,"footnotes":"","jetpack_publicize_message":"","jetpack_publicize_feature_enabled":true,"jetpack_social_post_already_shared":false,"jetpack_social_options":{"image_generator_settings":{"template":"highway","default_image_id":0,"font":"","enabled":false},"version":2},"_wpas_customize_per_network":false},"categories":[5],"tags":[1007,379],"class_list":["post-33624","post","type-post","status-publish","format-standard","hentry","category-politica","tag-frente-mercedino","tag-frente-mercedino-para-la-victoria","generate-columns","tablet-grid-50","mobile-grid-100","grid-parent","grid-50"],"jetpack_publicize_connections":[],"jetpack_featured_media_url":"","wps_subtitle":"Pol\u00edtica local ","jetpack_sharing_enabled":true,"_links":{"self":[{"href":"https:\/\/www.hoymercedes.com.ar\/principal\/wp-json\/wp\/v2\/posts\/33624","targetHints":{"allow":["GET"]}}],"collection":[{"href":"https:\/\/www.hoymercedes.com.ar\/principal\/wp-json\/wp\/v2\/posts"}],"about":[{"href":"https:\/\/www.hoymercedes.com.ar\/principal\/wp-json\/wp\/v2\/types\/post"}],"author":[{"embeddable":true,"href":"https:\/\/www.hoymercedes.com.ar\/principal\/wp-json\/wp\/v2\/users\/1"}],"replies":[{"embeddable":true,"href":"https:\/\/www.hoymercedes.com.ar\/principal\/wp-json\/wp\/v2\/comments?post=33624"}],"version-history":[{"count":0,"href":"https:\/\/www.hoymercedes.com.ar\/principal\/wp-json\/wp\/v2\/posts\/33624\/revisions"}],"wp:attachment":[{"href":"https:\/\/www.hoymercedes.com.ar\/principal\/wp-json\/wp\/v2\/media?parent=33624"}],"wp:term":[{"taxonomy":"category","embeddable":true,"href":"https:\/\/www.hoymercedes.com.ar\/principal\/wp-json\/wp\/v2\/categories?post=33624"},{"taxonomy":"post_tag","embeddable":true,"href":"https:\/\/www.hoymercedes.com.ar\/principal\/wp-json\/wp\/v2\/tags?post=33624"}],"curies":[{"name":"wp","href":"https:\/\/api.w.org\/{rel}","templated":true}]}}