{"id":33698,"date":"2014-06-08T20:57:16","date_gmt":"2014-06-08T23:57:16","guid":{"rendered":"http:\/\/www.hoymercedes.com.ar\/principal\/?p=33698"},"modified":"2014-06-08T20:57:16","modified_gmt":"2014-06-08T23:57:16","slug":"diego-bossio-411-familias-de-mercedes-participaran-del-noveno-sorteo-de-pro-crear","status":"publish","type":"post","link":"https:\/\/www.hoymercedes.com.ar\/principal\/2014\/06\/08\/diego-bossio-411-familias-de-mercedes-participaran-del-noveno-sorteo-de-pro-crear\/","title":{"rendered":"Diego Bossio: \u201c411 familias de Mercedes participar\u00e1n del noveno sorteo de Pro.CreAr\u00bb"},"content":{"rendered":"<p><a href=\"https:\/\/www.hoymercedes.com.ar\/principal\/wp-content\/uploads\/2014\/06\/DiegoBossio.jpg\"><img loading=\"lazy\" decoding=\"async\" data-attachment-id=\"33699\" data-permalink=\"https:\/\/www.hoymercedes.com.ar\/principal\/2014\/06\/08\/diego-bossio-411-familias-de-mercedes-participaran-del-noveno-sorteo-de-pro-crear\/diegobossio-4\/#main\" data-orig-file=\"https:\/\/www.hoymercedes.com.ar\/principal\/wp-content\/uploads\/2014\/06\/DiegoBossio.jpg\" data-orig-size=\"620,379\" data-comments-opened=\"1\" data-image-meta=\"{&quot;aperture&quot;:&quot;0&quot;,&quot;credit&quot;:&quot;&quot;,&quot;camera&quot;:&quot;&quot;,&quot;caption&quot;:&quot;&quot;,&quot;created_timestamp&quot;:&quot;0&quot;,&quot;copyright&quot;:&quot;&quot;,&quot;focal_length&quot;:&quot;0&quot;,&quot;iso&quot;:&quot;0&quot;,&quot;shutter_speed&quot;:&quot;0&quot;,&quot;title&quot;:&quot;&quot;}\" data-image-title=\"DiegoBossio\" data-image-description=\"\" data-image-caption=\"\" data-large-file=\"https:\/\/www.hoymercedes.com.ar\/principal\/wp-content\/uploads\/2014\/06\/DiegoBossio.jpg\" class=\"Img2014 aligncenter wp-image-33699 size-full\" src=\"https:\/\/www.hoymercedes.com.ar\/principal\/wp-content\/uploads\/2014\/06\/DiegoBossio.jpg\" alt=\"DiegoBossio\" width=\"620\" height=\"379\" \/><\/a><\/p>\n<p><em><strong>El\u00a0pr\u00f3ximo\u00a0sorteo\u00a0de ProCre Ar se realizar\u00e1 en Loter\u00eda Nacional y ser\u00e1 transmitido en vivo a trav\u00e9s de la Televisi\u00f3n\u00a0P\u00fablica y las webs de la ANSES y T\u00e9lam a partir las 8 de la ma\u00f1ana.<\/strong><\/em><\/p>\n<p>El pr\u00f3ximo martes 10 de junio se llevar\u00e1 a cabo el noveno sorteo de PRO.CRE.AR. BICENTENARIO. En esta oportunidad, 411 familias de la localidad bonaerense de Mercedes tendr\u00e1n la posibilidad de acceder al sue\u00f1o de la casa propia as\u00ed como refaccionar, ampliar o terminar su vivienda actual. Tambi\u00e9n habr\u00e1 una instancia de repechaje para aquellos que no salieron sorteados anteriormente.<\/p>\n<p>Del total de familias de la localidad que participar\u00e1n, 204 lo har\u00e1n en la l\u00ednea de \u201cConstrucci\u00f3n\u201d y 123 en las l\u00edneas restantes. Por otro lado, 84 acceder\u00e1n a la instancia de repechaje, ya que no salieron sorteadas en las anteriores ediciones.<\/p>\n<p>El Director Ejecutivo de la ANSES, Diego Bossio, expres\u00f3: \u201cUna vez m\u00e1s se renuevan las esperanzas de muchos argentinos de llegar a su primer hogar. El sorteo de PRO.CRE.AR., a trav\u00e9s de Loter\u00eda Nacional, garantiza la absoluta transparencia en el acceso a los cr\u00e9ditos, brindando las mismas oportunidades para todos\u201d.<\/p>\n<p>El sorteo se realizar\u00e1 en Loter\u00eda Nacional y ser\u00e1 transmitido en vivo a trav\u00e9s de la Televisi\u00f3n P\u00fablica y de los sitios web de la ANSES (www.anses.gob.ar) y T\u00e9lam (http:\/\/www.telam.com.ar) a partir de las 8 de la ma\u00f1ana. Desde las 12.20 hs, la TV P\u00fablica continuar\u00e1 con su transmisi\u00f3n por http:\/\/www.tvpublica.com.ar\/.<\/p>\n<p>Cabe recordar que aquellos que participan est\u00e1n recibiendo por correo electr\u00f3nico los datos correspondientes para su identificaci\u00f3n. Luego del sorteo, se comunicar\u00e1 el resultado a cada uno de los inscriptos por correo electr\u00f3nico, o bien, se podr\u00e1 consultar en la p\u00e1gina web de PROCREAR: http:\/\/procrear.anses.gob.ar.<\/p>\n<p>PRO.CRE.AR. no solo cumple el sue\u00f1o de la casa propia, sino que tambi\u00e9n dinamiza la econom\u00eda y genera miles de puestos de trabajos. As\u00ed, por cada casa que se construye a trav\u00e9s de PRO.CRE.AR., se generan m\u00e1s de 3 puestos de trabajo directos y adem\u00e1s se crean m\u00e1s de 6 puestos indirectos aproximadamente cada 10 viviendas. Esto representa aproximadamente 184.311 puestos de trabajo directos y m\u00e1s de 39.621 puestos en forma indirecta.<\/p>\n<p>PRO.CRE.AR. es la oportunidad que brinda el Estado para que las familias puedan planificar su futuro con esfuerzo y trabajo. Permiti\u00f3 recuperar la tradici\u00f3n del proyecto familiar de ahorro y la esencia del Plan Eva Per\u00f3n, con el que miles de familias de clase media y popular pudieron acceder a su primera casa.<\/p>\n<p>Este c\u00edrculo virtuoso solo es posible gracias a que hoy tenemos un Estado activo y con capacidad de acci\u00f3n, un Estado que acompa\u00f1a a quienes m\u00e1s lo necesitan.<\/p>\n<p><span style=\"color: rgb(128, 128, 128);\">Fuente: Anses<\/span><\/p>\n","protected":false},"excerpt":{"rendered":"<p>El\u00a0pr\u00f3ximo\u00a0sorteo\u00a0de ProCre Ar se realizar\u00e1 en Loter\u00eda Nacional y ser\u00e1 transmitido en vivo a trav\u00e9s de la Televisi\u00f3n\u00a0P\u00fablica y las &#8230; <a title=\"Diego Bossio: \u201c411 familias de Mercedes participar\u00e1n del noveno sorteo de Pro.CreAr\u00bb\" class=\"read-more\" href=\"https:\/\/www.hoymercedes.com.ar\/principal\/2014\/06\/08\/diego-bossio-411-familias-de-mercedes-participaran-del-noveno-sorteo-de-pro-crear\/\" aria-label=\"Leer m\u00e1s sobre Diego Bossio: \u201c411 familias de Mercedes participar\u00e1n del noveno sorteo de Pro.CreAr\u00bb\">Leer m\u00e1s<\/a><\/p>\n","protected":false},"author":1,"featured_media":0,"comment_status":"open","ping_status":"open","sticky":false,"template":"","format":"standard","meta":{"_monsterinsights_skip_tracking":false,"_monsterinsights_sitenote_active":false,"_monsterinsights_sitenote_note":"","_monsterinsights_sitenote_category":0,"jetpack_post_was_ever_published":false,"_jetpack_newsletter_access":"","_jetpack_dont_email_post_to_subs":false,"_jetpack_newsletter_tier_id":0,"_jetpack_memberships_contains_paywalled_content":false,"_jetpack_memberships_contains_paid_content":false,"footnotes":"","jetpack_publicize_message":"","jetpack_publicize_feature_enabled":true,"jetpack_social_post_already_shared":false,"jetpack_social_options":{"image_generator_settings":{"template":"highway","default_image_id":0,"font":"","enabled":false},"version":2},"_wpas_customize_per_network":false},"categories":[5],"tags":[3702,3392],"class_list":["post-33698","post","type-post","status-publish","format-standard","hentry","category-politica","tag-diego-bossio","tag-procrear-mercedes","generate-columns","tablet-grid-50","mobile-grid-100","grid-parent","grid-50"],"jetpack_publicize_connections":[],"jetpack_featured_media_url":"","wps_subtitle":"Beneficio social ","jetpack_sharing_enabled":true,"_links":{"self":[{"href":"https:\/\/www.hoymercedes.com.ar\/principal\/wp-json\/wp\/v2\/posts\/33698","targetHints":{"allow":["GET"]}}],"collection":[{"href":"https:\/\/www.hoymercedes.com.ar\/principal\/wp-json\/wp\/v2\/posts"}],"about":[{"href":"https:\/\/www.hoymercedes.com.ar\/principal\/wp-json\/wp\/v2\/types\/post"}],"author":[{"embeddable":true,"href":"https:\/\/www.hoymercedes.com.ar\/principal\/wp-json\/wp\/v2\/users\/1"}],"replies":[{"embeddable":true,"href":"https:\/\/www.hoymercedes.com.ar\/principal\/wp-json\/wp\/v2\/comments?post=33698"}],"version-history":[{"count":0,"href":"https:\/\/www.hoymercedes.com.ar\/principal\/wp-json\/wp\/v2\/posts\/33698\/revisions"}],"wp:attachment":[{"href":"https:\/\/www.hoymercedes.com.ar\/principal\/wp-json\/wp\/v2\/media?parent=33698"}],"wp:term":[{"taxonomy":"category","embeddable":true,"href":"https:\/\/www.hoymercedes.com.ar\/principal\/wp-json\/wp\/v2\/categories?post=33698"},{"taxonomy":"post_tag","embeddable":true,"href":"https:\/\/www.hoymercedes.com.ar\/principal\/wp-json\/wp\/v2\/tags?post=33698"}],"curies":[{"name":"wp","href":"https:\/\/api.w.org\/{rel}","templated":true}]}}