{"id":33711,"date":"2014-06-08T21:55:58","date_gmt":"2014-06-09T00:55:58","guid":{"rendered":"http:\/\/www.hoymercedes.com.ar\/principal\/?p=33711"},"modified":"2014-06-16T13:00:26","modified_gmt":"2014-06-16T16:00:26","slug":"entregaron-antenas-y-decodificadores-de-television-digital-abierta","status":"publish","type":"post","link":"https:\/\/www.hoymercedes.com.ar\/principal\/2014\/06\/08\/entregaron-antenas-y-decodificadores-de-television-digital-abierta\/","title":{"rendered":"Entregaron antenas y decodificadores de Televisi\u00f3n Digital Abierta"},"content":{"rendered":"<p><a href=\"https:\/\/www.hoymercedes.com.ar\/principal\/wp-content\/uploads\/2014\/06\/televisiondigitalabierta-barriosanjose.jpg\"><img loading=\"lazy\" decoding=\"async\" data-attachment-id=\"33713\" data-permalink=\"https:\/\/www.hoymercedes.com.ar\/principal\/2014\/06\/08\/entregaron-antenas-y-decodificadores-de-television-digital-abierta\/televisiondigitalabierta-barriosanjose\/#main\" data-orig-file=\"https:\/\/www.hoymercedes.com.ar\/principal\/wp-content\/uploads\/2014\/06\/televisiondigitalabierta-barriosanjose.jpg\" data-orig-size=\"620,465\" data-comments-opened=\"1\" data-image-meta=\"{&quot;aperture&quot;:&quot;0&quot;,&quot;credit&quot;:&quot;&quot;,&quot;camera&quot;:&quot;&quot;,&quot;caption&quot;:&quot;&quot;,&quot;created_timestamp&quot;:&quot;0&quot;,&quot;copyright&quot;:&quot;&quot;,&quot;focal_length&quot;:&quot;0&quot;,&quot;iso&quot;:&quot;0&quot;,&quot;shutter_speed&quot;:&quot;0&quot;,&quot;title&quot;:&quot;&quot;}\" data-image-title=\"televisiondigitalabierta-barriosanjose\" data-image-description=\"\" data-image-caption=\"\" data-large-file=\"https:\/\/www.hoymercedes.com.ar\/principal\/wp-content\/uploads\/2014\/06\/televisiondigitalabierta-barriosanjose.jpg\" class=\"Img2014 aligncenter wp-image-33713 size-full\" src=\"https:\/\/www.hoymercedes.com.ar\/principal\/wp-content\/uploads\/2014\/06\/televisiondigitalabierta-barriosanjose.jpg\" alt=\"televisiondigitalabierta-barriosanjose\" width=\"620\" height=\"465\" \/><\/a><\/p>\n<p><em><strong>Durante la tarde del s\u00e1bado en el \u00e1mbito de la Sociedad de Fomento del Barrio San Jos\u00e9 se llev\u00f3 a cabo una nueva entrega de antenas y decodificadores de la Televisi\u00f3n Digital Abierta de nuestro pa\u00eds que se encuentra en plena expansi\u00f3n siendo un gran beneficio para poder evitar quedar atado a las empresas de televisi\u00f3n por cable, adem\u00e1s de contar con mayor calidad sonora y de imagen.<\/strong><\/em><\/p>\n<p>Una importante cantidad de vecinos recibieron la antena y el decodificador que les permitir\u00e1 ahorrar un dinero mensual si efectivamente utilizan la antena y el decodificador provisto por el Gobierno Nacional. Es una valiosa manera de no quedar atrapado en los oligopolios comerciales de las empresas de cable que terminan imponiendo el servicio y las prestaciones sin mediar<\/p>\n<p>Un cami\u00f3n y una camioneta fueron los veh\u00edculos que arribaron y transportaban los materiales para los mercedinos<\/p>\n<p>En el siguiente enlace se podr\u00e1n ver todas las se\u00f1ales y coberturas nacionales:<a href=\"%20http:\/\/www.tda.gob.ar\/programacion\/guia-seniales.html\">\u00a0http:\/\/www.tda.gob.ar\/programacion\/guia-seniales.html<\/a><\/p>\n<p>&nbsp;<\/p>\n<p>&nbsp;<\/p>\n<p>&nbsp;<\/p>\n<p>&nbsp;<\/p>\n","protected":false},"excerpt":{"rendered":"<p>Durante la tarde del s\u00e1bado en el \u00e1mbito de la Sociedad de Fomento del Barrio San Jos\u00e9 se llev\u00f3 a &#8230; <a title=\"Entregaron antenas y decodificadores de Televisi\u00f3n Digital Abierta\" class=\"read-more\" href=\"https:\/\/www.hoymercedes.com.ar\/principal\/2014\/06\/08\/entregaron-antenas-y-decodificadores-de-television-digital-abierta\/\" aria-label=\"Leer m\u00e1s sobre Entregaron antenas y decodificadores de Televisi\u00f3n Digital Abierta\">Leer m\u00e1s<\/a><\/p>\n","protected":false},"author":1,"featured_media":0,"comment_status":"open","ping_status":"open","sticky":false,"template":"","format":"standard","meta":{"_monsterinsights_skip_tracking":false,"_monsterinsights_sitenote_active":false,"_monsterinsights_sitenote_note":"","_monsterinsights_sitenote_category":0,"jetpack_post_was_ever_published":false,"_jetpack_newsletter_access":"","_jetpack_dont_email_post_to_subs":false,"_jetpack_newsletter_tier_id":0,"_jetpack_memberships_contains_paywalled_content":false,"_jetpack_memberships_contains_paid_content":false,"footnotes":"","jetpack_publicize_message":"","jetpack_publicize_feature_enabled":true,"jetpack_social_post_already_shared":false,"jetpack_social_options":{"image_generator_settings":{"template":"highway","default_image_id":0,"font":"","enabled":false},"version":2},"_wpas_customize_per_network":false},"categories":[5],"tags":[5382,5384,5381,5383],"class_list":["post-33711","post","type-post","status-publish","format-standard","hentry","category-politica","tag-barrio-san-jose-tda","tag-tda-mercedes","tag-television-abierta","tag-television-abierta-barrio-sanjose","generate-columns","tablet-grid-50","mobile-grid-100","grid-parent","grid-50"],"jetpack_publicize_connections":[],"jetpack_featured_media_url":"","wps_subtitle":"En Barrio San Jos\u00e9 ","jetpack_sharing_enabled":true,"_links":{"self":[{"href":"https:\/\/www.hoymercedes.com.ar\/principal\/wp-json\/wp\/v2\/posts\/33711","targetHints":{"allow":["GET"]}}],"collection":[{"href":"https:\/\/www.hoymercedes.com.ar\/principal\/wp-json\/wp\/v2\/posts"}],"about":[{"href":"https:\/\/www.hoymercedes.com.ar\/principal\/wp-json\/wp\/v2\/types\/post"}],"author":[{"embeddable":true,"href":"https:\/\/www.hoymercedes.com.ar\/principal\/wp-json\/wp\/v2\/users\/1"}],"replies":[{"embeddable":true,"href":"https:\/\/www.hoymercedes.com.ar\/principal\/wp-json\/wp\/v2\/comments?post=33711"}],"version-history":[{"count":0,"href":"https:\/\/www.hoymercedes.com.ar\/principal\/wp-json\/wp\/v2\/posts\/33711\/revisions"}],"wp:attachment":[{"href":"https:\/\/www.hoymercedes.com.ar\/principal\/wp-json\/wp\/v2\/media?parent=33711"}],"wp:term":[{"taxonomy":"category","embeddable":true,"href":"https:\/\/www.hoymercedes.com.ar\/principal\/wp-json\/wp\/v2\/categories?post=33711"},{"taxonomy":"post_tag","embeddable":true,"href":"https:\/\/www.hoymercedes.com.ar\/principal\/wp-json\/wp\/v2\/tags?post=33711"}],"curies":[{"name":"wp","href":"https:\/\/api.w.org\/{rel}","templated":true}]}}