{"id":33734,"date":"2014-06-09T21:56:09","date_gmt":"2014-06-10T00:56:09","guid":{"rendered":"http:\/\/www.hoymercedes.com.ar\/principal\/?p=33734"},"modified":"2014-06-16T12:47:49","modified_gmt":"2014-06-16T15:47:49","slug":"unidad-n5-pablo-guiraud-en-concierto-para-los-internos","status":"publish","type":"post","link":"https:\/\/www.hoymercedes.com.ar\/principal\/2014\/06\/09\/unidad-n5-pablo-guiraud-en-concierto-para-los-internos\/","title":{"rendered":"Unidad N\u00b05: Pablo Guiraud en concierto para los internos"},"content":{"rendered":"<p><a href=\"https:\/\/www.hoymercedes.com.ar\/principal\/wp-content\/uploads\/2014\/06\/pablogiraud-11.jpg\"><img loading=\"lazy\" decoding=\"async\" data-attachment-id=\"33735\" data-permalink=\"https:\/\/www.hoymercedes.com.ar\/principal\/2014\/06\/09\/unidad-n5-pablo-guiraud-en-concierto-para-los-internos\/pablogiraud-1-2\/#main\" data-orig-file=\"https:\/\/www.hoymercedes.com.ar\/principal\/wp-content\/uploads\/2014\/06\/pablogiraud-11.jpg\" data-orig-size=\"620,413\" data-comments-opened=\"1\" data-image-meta=\"{&quot;aperture&quot;:&quot;0&quot;,&quot;credit&quot;:&quot;&quot;,&quot;camera&quot;:&quot;&quot;,&quot;caption&quot;:&quot;&quot;,&quot;created_timestamp&quot;:&quot;0&quot;,&quot;copyright&quot;:&quot;&quot;,&quot;focal_length&quot;:&quot;0&quot;,&quot;iso&quot;:&quot;0&quot;,&quot;shutter_speed&quot;:&quot;0&quot;,&quot;title&quot;:&quot;&quot;}\" data-image-title=\"pablogiraud-1\" data-image-description=\"\" data-image-caption=\"\" data-large-file=\"https:\/\/www.hoymercedes.com.ar\/principal\/wp-content\/uploads\/2014\/06\/pablogiraud-11.jpg\" class=\"Img2014 aligncenter wp-image-33735 size-full\" src=\"https:\/\/www.hoymercedes.com.ar\/principal\/wp-content\/uploads\/2014\/06\/pablogiraud-11.jpg\" alt=\"pablogiraud-1\" width=\"620\" height=\"413\" \/><\/a><\/p>\n<p>&nbsp;<\/p>\n<p><em><strong>El pianista y\u00a0\u00a0compositor Pablo Guiraud, el pasado viernes a la tarde, dio un concierto de piano, de temas propios que cautivo a los m\u00e1s de 90 internos presentes.<\/strong><\/em><\/p>\n<p>Cada tema que tocaba, contaba a quien o porque lo hab\u00eda escrito, generando un ida y vuelta con el publico que muy atento sigui\u00f3 las historias y cada canci\u00f3n.<\/p>\n<p>De un estilo de m\u00fasica cl\u00e1sico, de manera excelente llego con sus interpretaciones a cada uno de ellos.<\/p>\n<p>Consultado por la experiencia, ya que era la primera vez que lo hacia en una Unidad Carcelaria Guiraud, dijo \u201cme sent\u00ed muy c\u00f3modo, y me alegro que hallan escuchado con tanto respeto y silencio. Fue una gran funci\u00f3n\u201d.<\/p>\n<p>Estuvieron autoridades de la Unidad,\u00a0y los docentes de las Escuelas Primarias y Secundaria los cuales les expresaron su agradecimiento a Pablo Guiraud.<\/p>\n<p><img loading=\"lazy\" decoding=\"async\" data-attachment-id=\"33736\" data-permalink=\"https:\/\/www.hoymercedes.com.ar\/principal\/2014\/06\/09\/unidad-n5-pablo-guiraud-en-concierto-para-los-internos\/pablogiraud21-2\/#main\" data-orig-file=\"https:\/\/www.hoymercedes.com.ar\/principal\/wp-content\/uploads\/2014\/06\/pablogiraud211.jpg\" data-orig-size=\"620,413\" data-comments-opened=\"1\" data-image-meta=\"{&quot;aperture&quot;:&quot;0&quot;,&quot;credit&quot;:&quot;&quot;,&quot;camera&quot;:&quot;&quot;,&quot;caption&quot;:&quot;&quot;,&quot;created_timestamp&quot;:&quot;0&quot;,&quot;copyright&quot;:&quot;&quot;,&quot;focal_length&quot;:&quot;0&quot;,&quot;iso&quot;:&quot;0&quot;,&quot;shutter_speed&quot;:&quot;0&quot;,&quot;title&quot;:&quot;&quot;}\" data-image-title=\"pablogiraud21\" data-image-description=\"\" data-image-caption=\"\" data-large-file=\"https:\/\/www.hoymercedes.com.ar\/principal\/wp-content\/uploads\/2014\/06\/pablogiraud211.jpg\" class=\"Img2014 aligncenter wp-image-33736 size-full\" src=\"https:\/\/www.hoymercedes.com.ar\/principal\/wp-content\/uploads\/2014\/06\/pablogiraud211.jpg\" alt=\"pablogiraud21\" width=\"620\" height=\"413\" \/><\/p>\n","protected":false},"excerpt":{"rendered":"<p>&nbsp; El pianista y\u00a0\u00a0compositor Pablo Guiraud, el pasado viernes a la tarde, dio un concierto de piano, de temas propios &#8230; <a title=\"Unidad N\u00b05: Pablo Guiraud en concierto para los internos\" class=\"read-more\" href=\"https:\/\/www.hoymercedes.com.ar\/principal\/2014\/06\/09\/unidad-n5-pablo-guiraud-en-concierto-para-los-internos\/\" aria-label=\"Leer m\u00e1s sobre Unidad N\u00b05: Pablo Guiraud en concierto para los internos\">Leer m\u00e1s<\/a><\/p>\n","protected":false},"author":1,"featured_media":0,"comment_status":"open","ping_status":"open","sticky":false,"template":"","format":"standard","meta":{"_monsterinsights_skip_tracking":false,"_monsterinsights_sitenote_active":false,"_monsterinsights_sitenote_note":"","_monsterinsights_sitenote_category":0,"jetpack_post_was_ever_published":false,"_jetpack_newsletter_access":"","_jetpack_dont_email_post_to_subs":false,"_jetpack_newsletter_tier_id":0,"_jetpack_memberships_contains_paywalled_content":false,"_jetpack_memberships_contains_paid_content":false,"footnotes":"","jetpack_publicize_message":"","jetpack_publicize_feature_enabled":true,"jetpack_social_post_already_shared":false,"jetpack_social_options":{"image_generator_settings":{"template":"highway","default_image_id":0,"font":"","enabled":false},"version":2},"_wpas_customize_per_network":false},"categories":[8],"tags":[113,5389],"class_list":["post-33734","post","type-post","status-publish","format-standard","hentry","category-sociedad","tag-unidad-5","tag-unidad-n5-pablo-guiraud-en-concierto-para-los-internos","generate-columns","tablet-grid-50","mobile-grid-100","grid-parent","grid-50"],"jetpack_publicize_connections":[],"jetpack_featured_media_url":"","wps_subtitle":"M\u00fasica para los internos","jetpack_sharing_enabled":true,"_links":{"self":[{"href":"https:\/\/www.hoymercedes.com.ar\/principal\/wp-json\/wp\/v2\/posts\/33734","targetHints":{"allow":["GET"]}}],"collection":[{"href":"https:\/\/www.hoymercedes.com.ar\/principal\/wp-json\/wp\/v2\/posts"}],"about":[{"href":"https:\/\/www.hoymercedes.com.ar\/principal\/wp-json\/wp\/v2\/types\/post"}],"author":[{"embeddable":true,"href":"https:\/\/www.hoymercedes.com.ar\/principal\/wp-json\/wp\/v2\/users\/1"}],"replies":[{"embeddable":true,"href":"https:\/\/www.hoymercedes.com.ar\/principal\/wp-json\/wp\/v2\/comments?post=33734"}],"version-history":[{"count":0,"href":"https:\/\/www.hoymercedes.com.ar\/principal\/wp-json\/wp\/v2\/posts\/33734\/revisions"}],"wp:attachment":[{"href":"https:\/\/www.hoymercedes.com.ar\/principal\/wp-json\/wp\/v2\/media?parent=33734"}],"wp:term":[{"taxonomy":"category","embeddable":true,"href":"https:\/\/www.hoymercedes.com.ar\/principal\/wp-json\/wp\/v2\/categories?post=33734"},{"taxonomy":"post_tag","embeddable":true,"href":"https:\/\/www.hoymercedes.com.ar\/principal\/wp-json\/wp\/v2\/tags?post=33734"}],"curies":[{"name":"wp","href":"https:\/\/api.w.org\/{rel}","templated":true}]}}