{"id":33780,"date":"2014-06-11T23:39:08","date_gmt":"2014-06-12T02:39:08","guid":{"rendered":"http:\/\/www.hoymercedes.com.ar\/principal\/?p=33780"},"modified":"2014-06-11T23:39:08","modified_gmt":"2014-06-12T02:39:08","slug":"ustarroz-propuso-construir-viviendas-de-procrear-en-45-y-10","status":"publish","type":"post","link":"https:\/\/www.hoymercedes.com.ar\/principal\/2014\/06\/11\/ustarroz-propuso-construir-viviendas-de-procrear-en-45-y-10\/","title":{"rendered":"Ustarroz propuso construir viviendas de ProCreAr en 45 y 10"},"content":{"rendered":"<p style=\"color: #000000;\"><a href=\"https:\/\/www.hoymercedes.com.ar\/principal\/wp-content\/uploads\/2014\/06\/ProCreAr.jpg\"><img loading=\"lazy\" decoding=\"async\" data-attachment-id=\"33781\" data-permalink=\"https:\/\/www.hoymercedes.com.ar\/principal\/2014\/06\/11\/ustarroz-propuso-construir-viviendas-de-procrear-en-45-y-10\/procrear-6\/#main\" data-orig-file=\"https:\/\/www.hoymercedes.com.ar\/principal\/wp-content\/uploads\/2014\/06\/ProCreAr.jpg\" data-orig-size=\"620,366\" data-comments-opened=\"1\" data-image-meta=\"{&quot;aperture&quot;:&quot;0&quot;,&quot;credit&quot;:&quot;&quot;,&quot;camera&quot;:&quot;&quot;,&quot;caption&quot;:&quot;&quot;,&quot;created_timestamp&quot;:&quot;0&quot;,&quot;copyright&quot;:&quot;&quot;,&quot;focal_length&quot;:&quot;0&quot;,&quot;iso&quot;:&quot;0&quot;,&quot;shutter_speed&quot;:&quot;0&quot;,&quot;title&quot;:&quot;&quot;}\" data-image-title=\"ProCreAr\" data-image-description=\"\" data-image-caption=\"\" data-large-file=\"https:\/\/www.hoymercedes.com.ar\/principal\/wp-content\/uploads\/2014\/06\/ProCreAr.jpg\" class=\"aligncenter size-full wp-image-33781\" src=\"https:\/\/www.hoymercedes.com.ar\/principal\/wp-content\/uploads\/2014\/06\/ProCreAr.jpg\" alt=\"ProCreAr\" width=\"620\" height=\"366\" \/><\/a><\/p>\n<p style=\"color: #000000;\"><em><strong><span style=\"color: #444444;\">El desarrollo urban\u00edstico del PROCREAR para vecinos sin vivienda, previsto en un principio para los terrenos delimitados por las calles 29, 6 y 17 y las v\u00edas del Ferrocarril Sarmiento, podr\u00eda construirse en otro predio, ubicado en 45 y 10, seg\u00fan un proyecto de ordenanza presentado por el Frente Mercedino para la Victoria.<\/span><\/strong><\/em><\/p>\n<p style=\"color: #000000;\"><span style=\"color: #444444;\">La idea, adem\u00e1s, fue entregada por el presidente del bloque del Frente Mercedino, Juan Ignacio Ustarroz, en una reuni\u00f3n con el intendente Carlos Selva.<\/span><\/p>\n<p style=\"color: #000000;\"><span style=\"color: #444444;\"><em>\u201cEste nuevo espacio que cede, en este caso, el ferrocarril General San Mart\u00edn, presenta todas las caracter\u00edsticas necesarias para encarar el proyecto original, un desarrollo urban\u00edstico con un total de 290 viviendas para vecinos que no son propietarios ni tienen un terreno para acceder a esas l\u00edneas crediticias del PROCREAR. En la reuni\u00f3n con el intendente avanzamos en este sentido y tenemos much\u00edsima esperanza en poder concretarlo\u201d<\/em>, expres\u00f3 Ustarroz.<\/span><\/p>\n<p style=\"color: #000000;\"><span style=\"color: #444444;\">El proyecto de ordenanza fue presentado en la sesi\u00f3n del lunes pasado del Honorable Concejo Deliberante y fue girado a comisi\u00f3n para estudiarlo en toda su profundidad y poder adelantar los pasos para su concreci\u00f3n. Antes del cierre de la sesi\u00f3n, Ustarroz pidi\u00f3 al resto de los concejales especial celeridad para tratar esta propuesta.<\/span><\/p>\n<p style=\"color: #000000;\"><span style=\"color: #444444;\"><em>\u201cEn el espacio original de avenida 29 a 17, entre la calle 6 y las v\u00edas del Sarmiento, fueron surgiendo algunos impedimentos para construir la totalidad de las casas previstas, m\u00e1s all\u00e1 de que el proyecto ya estaba aprobado. Ahora se logr\u00f3 desafectar este nuevo predio con la finalidad del desarrollo urban\u00edstico y entendemos que es una opci\u00f3n inmejorable para dar un principio de soluci\u00f3n a la falta de viviendas en la ciudad\u201d<\/em>, agreg\u00f3 \u2018Juani\u2019.<\/span><\/p>\n<p style=\"color: #000000;\"><span style=\"color: #444444;\"><em>\u201cA trav\u00e9s de las distintas l\u00edneas crediticias del PROCREAR, muchas familias de Mercedes han logrado cumplir el sue\u00f1o del techo propio y muchas otras est\u00e1n en construcci\u00f3n. El desarrollo urban\u00edstico ampl\u00eda el abanico de beneficiarios y eso es lo que hablamos tambi\u00e9n con el intendente\u201d,<\/em> concluy\u00f3.<\/span><\/p>\n<p style=\"color: #000000;\"><span lang=\"ES\" style=\"color: #444444;\">El nuevo predio se\u00f1alado se extiende de la calle 45 hasta casi la 37 y de la calle 10 a las v\u00edas del San Mart\u00edn, que en esa zona trazan una diagonal: el terreno, as\u00ed, tiene forma de tri\u00e1ngulo. En sus p\u00e1rrafos salientes, la ordenanza establece lo siguiente:<\/span><\/p>\n<p style=\"color: #000000;\"><span lang=\"ES\" style=\"color: #444444;\">Art\u00edculo 1\u00b0: Recategorizar (&#8230;) los terrenos pertenecientes al Ferrocarril San Mart\u00edn, actualmente incluidos en la Zona R4b, de la Ordenanza de Zonificaci\u00f3n vigente N\u00ba 5671\/03, como Zona R1.<\/span><\/p>\n<p style=\"color: #000000;\"><span lang=\"ES\" style=\"color: #444444;\">Art\u00edculo 2\u00ba: La Fracci\u00f3n recategorizada precedentemente tendr\u00e1 los siguientes indicadores urban\u00edsticos, a saber: F.O.S 0,6;\u00a0 F.O.T. 2,4;\u00a0 densidad neta de 600 habitantes por hect\u00e1rea y una altura de edificaci\u00f3n m\u00e1xima permitida de 15 metros sobre nivel de vereda.<\/span><\/p>\n<p style=\"color: #000000;\"><span lang=\"ES\" style=\"color: #444444;\">Art\u00edculo 3\u00ba: Autor\u00edzase a ejecutar en dicha Fracci\u00f3n, total y\/o parcialmente el desarrollo urban\u00edstico del Plan ProCreAr seg\u00fan documentaci\u00f3n y antecedentes obrantes en el expediente N\u00ba 2672\/13 y las ampliaciones que en el futuro se implementen.<\/span><\/p>\n<p style=\"color: #000000;\"><span lang=\"ES\" style=\"color: #444444;\">Art\u00edculo 4\u00ba: Enti\u00e9ndase que todas las obras de infraestructura, como lo son las redes de agua corriente, cloacas, desag\u00fces pluviales, energ\u00eda el\u00e9ctrica, alumbrado p\u00fablico, gas natural, pavimentaci\u00f3n, veredas y equipamiento urbano, requeridas para la finalidad propuesta ser\u00e1n a exclusivo cargo de la entidad patrocinante.<\/span><\/p>\n<p style=\"color: #000000;\"><span style=\"color: #808080;\">Fuente: FMPV<\/span><\/p>\n<p style=\"color: #000000;\">\n<p style=\"color: #000000;\">\n<p style=\"color: #000000;\">\n","protected":false},"excerpt":{"rendered":"<p>El desarrollo urban\u00edstico del PROCREAR para vecinos sin vivienda, previsto en un principio para los terrenos delimitados por las calles &#8230; <a title=\"Ustarroz propuso construir viviendas de ProCreAr en 45 y 10\" class=\"read-more\" href=\"https:\/\/www.hoymercedes.com.ar\/principal\/2014\/06\/11\/ustarroz-propuso-construir-viviendas-de-procrear-en-45-y-10\/\" aria-label=\"Leer m\u00e1s sobre Ustarroz propuso construir viviendas de ProCreAr en 45 y 10\">Leer m\u00e1s<\/a><\/p>\n","protected":false},"author":1,"featured_media":0,"comment_status":"open","ping_status":"open","sticky":false,"template":"","format":"standard","meta":{"_monsterinsights_skip_tracking":false,"_monsterinsights_sitenote_active":false,"_monsterinsights_sitenote_note":"","_monsterinsights_sitenote_category":0,"jetpack_post_was_ever_published":false,"_jetpack_newsletter_access":"","_jetpack_dont_email_post_to_subs":false,"_jetpack_newsletter_tier_id":0,"_jetpack_memberships_contains_paywalled_content":false,"_jetpack_memberships_contains_paid_content":false,"footnotes":"","jetpack_publicize_message":"","jetpack_publicize_feature_enabled":true,"jetpack_social_post_already_shared":false,"jetpack_social_options":{"image_generator_settings":{"template":"highway","default_image_id":0,"font":"","enabled":false},"version":2},"_wpas_customize_per_network":false},"categories":[5],"tags":[585,3392],"class_list":["post-33780","post","type-post","status-publish","format-standard","hentry","category-politica","tag-juan-ustarroz","tag-procrear-mercedes","generate-columns","tablet-grid-50","mobile-grid-100","grid-parent","grid-50"],"jetpack_publicize_connections":[],"jetpack_featured_media_url":"","wps_subtitle":"Beneficia a los mercedinos ","jetpack_sharing_enabled":true,"_links":{"self":[{"href":"https:\/\/www.hoymercedes.com.ar\/principal\/wp-json\/wp\/v2\/posts\/33780","targetHints":{"allow":["GET"]}}],"collection":[{"href":"https:\/\/www.hoymercedes.com.ar\/principal\/wp-json\/wp\/v2\/posts"}],"about":[{"href":"https:\/\/www.hoymercedes.com.ar\/principal\/wp-json\/wp\/v2\/types\/post"}],"author":[{"embeddable":true,"href":"https:\/\/www.hoymercedes.com.ar\/principal\/wp-json\/wp\/v2\/users\/1"}],"replies":[{"embeddable":true,"href":"https:\/\/www.hoymercedes.com.ar\/principal\/wp-json\/wp\/v2\/comments?post=33780"}],"version-history":[{"count":0,"href":"https:\/\/www.hoymercedes.com.ar\/principal\/wp-json\/wp\/v2\/posts\/33780\/revisions"}],"wp:attachment":[{"href":"https:\/\/www.hoymercedes.com.ar\/principal\/wp-json\/wp\/v2\/media?parent=33780"}],"wp:term":[{"taxonomy":"category","embeddable":true,"href":"https:\/\/www.hoymercedes.com.ar\/principal\/wp-json\/wp\/v2\/categories?post=33780"},{"taxonomy":"post_tag","embeddable":true,"href":"https:\/\/www.hoymercedes.com.ar\/principal\/wp-json\/wp\/v2\/tags?post=33780"}],"curies":[{"name":"wp","href":"https:\/\/api.w.org\/{rel}","templated":true}]}}