{"id":33817,"date":"2014-06-12T21:54:08","date_gmt":"2014-06-13T00:54:08","guid":{"rendered":"http:\/\/www.hoymercedes.com.ar\/principal\/?p=33817"},"modified":"2014-06-12T22:01:50","modified_gmt":"2014-06-13T01:01:50","slug":"diego-bossio-estuvo-en-mercedes-entregando-netbooks-de-conectar-igualdad","status":"publish","type":"post","link":"https:\/\/www.hoymercedes.com.ar\/principal\/2014\/06\/12\/diego-bossio-estuvo-en-mercedes-entregando-netbooks-de-conectar-igualdad\/","title":{"rendered":"Diego Bossio estuvo en Mercedes entregando netbooks de Conectar Igualdad y junto a Jubilados"},"content":{"rendered":"<p><a href=\"https:\/\/www.hoymercedes.com.ar\/principal\/wp-content\/uploads\/2014\/06\/unnamed1.jpg\"><img loading=\"lazy\" decoding=\"async\" data-attachment-id=\"33818\" data-permalink=\"https:\/\/www.hoymercedes.com.ar\/principal\/2014\/06\/12\/diego-bossio-estuvo-en-mercedes-entregando-netbooks-de-conectar-igualdad\/unnamed-2\/#main\" data-orig-file=\"https:\/\/www.hoymercedes.com.ar\/principal\/wp-content\/uploads\/2014\/06\/unnamed1.jpg\" data-orig-size=\"620,311\" data-comments-opened=\"1\" data-image-meta=\"{&quot;aperture&quot;:&quot;0&quot;,&quot;credit&quot;:&quot;&quot;,&quot;camera&quot;:&quot;&quot;,&quot;caption&quot;:&quot;&quot;,&quot;created_timestamp&quot;:&quot;0&quot;,&quot;copyright&quot;:&quot;&quot;,&quot;focal_length&quot;:&quot;0&quot;,&quot;iso&quot;:&quot;0&quot;,&quot;shutter_speed&quot;:&quot;0&quot;,&quot;title&quot;:&quot;&quot;}\" data-image-title=\"unnamed\" data-image-description=\"\" data-image-caption=\"\" data-large-file=\"https:\/\/www.hoymercedes.com.ar\/principal\/wp-content\/uploads\/2014\/06\/unnamed1.jpg\" class=\"Img2014 aligncenter wp-image-33818 size-full\" src=\"https:\/\/www.hoymercedes.com.ar\/principal\/wp-content\/uploads\/2014\/06\/unnamed1.jpg\" alt=\"unnamed\" width=\"620\" height=\"311\" \/><\/a><\/p>\n<p><em><strong>Diego Bossio, m\u00e1ximo responsable del ANSES, estuvo en Mercedes y llev\u00f3 a cabo dos encuentros. Uno en la Escuela Normal donde entreg\u00f3 computadoras del Plan Conectar Igual y otro con los jubilados en\u00a0el C\u00edrculo Italiano. Manifest\u00f3 que: \u00abLas escuelas p\u00edblicas tienen que ser las mejores de la Argentina\u00bb, en clara referencia y apoyo a la educaci\u00f3n amplia, libre, p\u00fablica y gratuita con un rol fuerte del Estado.<\/strong><\/em><\/p>\n<p>El Director Ejecutivo de la ANSES, Diego Bossio, visit\u00f3 \u00a0Mercedes, donde destac\u00f3 que <em>\u201chace unos a\u00f1os era impensado que en la escuela p\u00fablica los alumnos se puedan formar con las mismas herramientas que las utilizadas en el mundo real. Hoy es una realidad: los chicos se est\u00e1n formado con estas computadoras\u201d,<\/em> en referencia a las netbooks entregadas por el programa Conectar Igualdad.<\/p>\n<p>Luego, Bossio agreg\u00f3: <em>\u201cEste programa va a funcionar si entienden los docentes y alumnos que hay una nueva forma de ense\u00f1anza. La escuela p\u00fablica siempre fue la mejor opci\u00f3n de todos los argentinos. Sabemos lo que pas\u00f3 con la educaci\u00f3n p\u00fablica argentina hace 20 \u00f3 30 a\u00f1os, y hoy creemos que se debe seguir invirtiendo en ella. Si nosotros formamos bien a los chicos en valores, criterios y en una sociedad solidaria, no tengo dudas que tenemos un futuro enorme\u201d.<\/em><\/p>\n<div class=\"pullquote\">Bossio: \u00abLa escuela p\u00fablica siempre fue la mejor opci\u00f3n de todos los argentinos\u00bb<\/div>\n<p>En la Escuela Normal Justo Jos\u00e9 de Urquiza, Diego Bossio entreg\u00f3 computadoras port\u00e1tiles al Centro de Formaci\u00f3n Laboral N\u00ba 1 y a la Escuela Secundaria B\u00e1sica N\u00ba 13, Extensi\u00f3n 12.<\/p>\n<p>Durante su discurso, manifest\u00f3 que \u201c<em>estamos en una escuela con historia y tradici\u00f3n en Mercedes, la cual form\u00f3 a miles de mercedinos. La educaci\u00f3n p\u00fablica tiene que ser la verdadera opci\u00f3n para los argentinos, y no digo que tienen que ser parecidas a la de las escuelas privadas, tienen que ser las mejores escuelas de la Argentina\u201d.<\/em><\/p>\n<p>Luego, el titular de la ANSES se dirigi\u00f3 al C\u00edrculo Italiano, donde entreg\u00f3 certificados de cr\u00e9dito PRO.CRE.AR. y banderas de ceremonia a los centros Jubilados, pensionados y Retirados de la calle 21 y Renacer.<\/p>\n<p>All\u00ed, Diego sostuvo: <em>\u201cHubo una Argentina que abandon\u00f3 a los jubilados, a los trabajadores, y hoy estas cosas cambiaron. Sabemos que falta mucho, pero estamos convencidos de que hay un camino. Hoy el primer compromiso es estar al lado los que menos tienen, los m\u00e1s humildes\u201d.<\/em><\/p>\n<p>El Director Ejecutivo de la ANSES, Diego Bossio, tambi\u00e9n\u00a0destac\u00f3 que <em>\u201chace unos a\u00f1os era impensado que en la escuela p\u00fablica los alumnos se puedan formar con las mismas herramientas que las utilizadas en el mundo real. Hoy es una realidad: los chicos se est\u00e1n formado con estas computadoras\u201d<\/em>, en referencia a las netbooks entregadas por el programa Conectar Igualdad.<\/p>\n<p>Luego, Bossio agreg\u00f3: \u201c<em>Este programa va a funcionar si entienden los docentes y alumnos que hay una nueva forma de ense\u00f1anza. La escuela p\u00fablica siempre fue la mejor opci\u00f3n de todos los argentinos. Sabemos lo que pas\u00f3 con la educaci\u00f3n p\u00fablica argentina hace 20 \u00f3 30 a\u00f1os, y hoy creemos que se debe seguir invirtiendo en ella. Si nosotros formamos bien a los chicos en valores, criterios y en una sociedad solidaria, no tengo dudas que tenemos un futuro enorme\u201d.<\/em><\/p>\n<p>En la Escuela Normal Justo Jos\u00e9 de Urquiza, Diego entreg\u00f3 computadoras port\u00e1tiles al Centro de Formaci\u00f3n Laboral N\u00ba 1 y a la Escuela Secundaria B\u00e1sica N\u00ba 13, Extensi\u00f3n 12.<\/p>\n<p>Durante su discurso, manifest\u00f3 que <em>\u201cestamos en una escuela con historia y tradici\u00f3n en Mercedes, la cual form\u00f3 a miles de mercedinos. La educaci\u00f3n p\u00fablica tiene que ser la verdadera opci\u00f3n para los argentinos, y no digo que tienen que ser parecidas a la de las escuelas privadas, tienen que ser las mejores escuelas de la Argentina\u201d.<\/em><\/p>\n<p>Luego, el titular de la ANSES se dirigi\u00f3 al C\u00edrculo Italiano, donde entreg\u00f3 certificados de cr\u00e9dito PRO.CRE.AR. y banderas de ceremonia a los centros Jubilados, pensionados y Retirados de la calle 21 y Renacer.<\/p>\n<p>All\u00ed, Diego sostuvo: <em>\u201cHubo una Argentina que abandon\u00f3 a los jubilados, a los trabajadores, y hoy estas cosas cambiaron. Sabemos que falta mucho, pero estamos convencidos de que hay un camino. Hoy el primer compromiso es estar al lado los que menos tienen, los m\u00e1s humildes\u201d.<\/em><\/p>\n<p><span style=\"color: #808080;\">Fuentes: Prensa Anses Argentina \/ \u00a0Frente Mercedino para la Victoria<\/span><\/p>\n<p>&nbsp;<\/p>\n<div class=\"tiled-gallery type-rectangular tiled-gallery-unresized\" data-original-width=\"1200\" data-carousel-extra='{&quot;blog_id&quot;:1,&quot;permalink&quot;:&quot;https:\\\/\\\/www.hoymercedes.com.ar\\\/principal\\\/2014\\\/06\\\/12\\\/diego-bossio-estuvo-en-mercedes-entregando-netbooks-de-conectar-igualdad\\\/&quot;,&quot;likes_blog_id&quot;:50631561}' itemscope itemtype=\"http:\/\/schema.org\/ImageGallery\" > <div class=\"gallery-row\" style=\"width: 1200px; height: 223px;\" data-original-width=\"1200\" data-original-height=\"223\" > <div class=\"gallery-group images-1\" style=\"width: 361px; height: 223px;\" data-original-width=\"361\" data-original-height=\"223\" > <div class=\"tiled-gallery-item tiled-gallery-item-large\" itemprop=\"associatedMedia\" itemscope itemtype=\"http:\/\/schema.org\/ImageObject\"> <a href=\"https:\/\/www.hoymercedes.com.ar\/principal\/2014\/06\/12\/diego-bossio-estuvo-en-mercedes-entregando-netbooks-de-conectar-igualdad\/bossiomercedes12-06-2014bossio-normal-3\/#main\" border=\"0\" itemprop=\"url\"> <meta itemprop=\"width\" content=\"357\"> <meta itemprop=\"height\" content=\"219\"> <img decoding=\"async\" class=\"\" data-attachment-id=\"33820\" data-orig-file=\"https:\/\/www.hoymercedes.com.ar\/principal\/wp-content\/uploads\/2014\/06\/bossiomercedes12.06.2014bossio.normal.3.jpg\" data-orig-size=\"620,381\" data-comments-opened=\"1\" data-image-meta=\"{&quot;aperture&quot;:&quot;0&quot;,&quot;credit&quot;:&quot;&quot;,&quot;camera&quot;:&quot;&quot;,&quot;caption&quot;:&quot;&quot;,&quot;created_timestamp&quot;:&quot;0&quot;,&quot;copyright&quot;:&quot;&quot;,&quot;focal_length&quot;:&quot;0&quot;,&quot;iso&quot;:&quot;0&quot;,&quot;shutter_speed&quot;:&quot;0&quot;,&quot;title&quot;:&quot;&quot;}\" data-image-title=\"bossiomercedes12.06.2014bossio.normal.3\" data-image-description=\"\" data-medium-file=\"https:\/\/www.hoymercedes.com.ar\/principal\/wp-content\/uploads\/2014\/06\/bossiomercedes12.06.2014bossio.normal.3.jpg\" data-large-file=\"https:\/\/www.hoymercedes.com.ar\/principal\/wp-content\/uploads\/2014\/06\/bossiomercedes12.06.2014bossio.normal.3.jpg\" src=\"https:\/\/i0.wp.com\/www.hoymercedes.com.ar\/principal\/wp-content\/uploads\/2014\/06\/bossiomercedes12.06.2014bossio.normal.3.jpg?w=357&#038;h=219&#038;ssl=1\" width=\"357\" height=\"219\" loading=\"lazy\" data-original-width=\"357\" data-original-height=\"219\" itemprop=\"http:\/\/schema.org\/image\" title=\"bossiomercedes12.06.2014bossio.normal.3\" alt=\"bossiomercedes12.06.2014bossio.normal.3\" style=\"width: 357px; height: 219px;\" \/> <\/a> <\/div> <\/div> <!-- close group --> <div class=\"gallery-group images-1\" style=\"width: 458px; height: 223px;\" data-original-width=\"458\" data-original-height=\"223\" > <div class=\"tiled-gallery-item tiled-gallery-item-large\" itemprop=\"associatedMedia\" itemscope itemtype=\"http:\/\/schema.org\/ImageObject\"> <a href=\"https:\/\/www.hoymercedes.com.ar\/principal\/2014\/06\/12\/diego-bossio-estuvo-en-mercedes-entregando-netbooks-de-conectar-igualdad\/bossiomercedes12-06-2014bossio-normal\/#main\" border=\"0\" itemprop=\"url\"> <meta itemprop=\"width\" content=\"454\"> <meta itemprop=\"height\" content=\"219\"> <img decoding=\"async\" class=\"\" data-attachment-id=\"33821\" data-orig-file=\"https:\/\/www.hoymercedes.com.ar\/principal\/wp-content\/uploads\/2014\/06\/bossiomercedes12.06.2014bossio.normal.jpg\" data-orig-size=\"620,299\" data-comments-opened=\"1\" data-image-meta=\"{&quot;aperture&quot;:&quot;0&quot;,&quot;credit&quot;:&quot;&quot;,&quot;camera&quot;:&quot;&quot;,&quot;caption&quot;:&quot;&quot;,&quot;created_timestamp&quot;:&quot;0&quot;,&quot;copyright&quot;:&quot;&quot;,&quot;focal_length&quot;:&quot;0&quot;,&quot;iso&quot;:&quot;0&quot;,&quot;shutter_speed&quot;:&quot;0&quot;,&quot;title&quot;:&quot;&quot;}\" data-image-title=\"bossiomercedes12.06.2014bossio.normal\" data-image-description=\"\" data-medium-file=\"https:\/\/www.hoymercedes.com.ar\/principal\/wp-content\/uploads\/2014\/06\/bossiomercedes12.06.2014bossio.normal.jpg\" data-large-file=\"https:\/\/www.hoymercedes.com.ar\/principal\/wp-content\/uploads\/2014\/06\/bossiomercedes12.06.2014bossio.normal.jpg\" src=\"https:\/\/i0.wp.com\/www.hoymercedes.com.ar\/principal\/wp-content\/uploads\/2014\/06\/bossiomercedes12.06.2014bossio.normal.jpg?w=454&#038;h=219&#038;ssl=1\" width=\"454\" height=\"219\" loading=\"lazy\" data-original-width=\"454\" data-original-height=\"219\" itemprop=\"http:\/\/schema.org\/image\" title=\"bossiomercedes12.06.2014bossio.normal\" alt=\"bossiomercedes12.06.2014bossio.normal\" style=\"width: 454px; height: 219px;\" \/> <\/a> <\/div> <\/div> <!-- close group --> <div class=\"gallery-group images-1\" style=\"width: 381px; height: 223px;\" data-original-width=\"381\" data-original-height=\"223\" > <div class=\"tiled-gallery-item tiled-gallery-item-large\" itemprop=\"associatedMedia\" itemscope itemtype=\"http:\/\/schema.org\/ImageObject\"> <a href=\"https:\/\/www.hoymercedes.com.ar\/principal\/2014\/06\/12\/diego-bossio-estuvo-en-mercedes-entregando-netbooks-de-conectar-igualdad\/bossiomercedes12-06-2014bossiojubilados\/#main\" border=\"0\" itemprop=\"url\"> <meta itemprop=\"width\" content=\"377\"> <meta itemprop=\"height\" content=\"219\"> <img decoding=\"async\" class=\"\" data-attachment-id=\"33822\" data-orig-file=\"https:\/\/www.hoymercedes.com.ar\/principal\/wp-content\/uploads\/2014\/06\/bossiomercedes12.06.2014bossiojubilados.jpg\" data-orig-size=\"620,360\" data-comments-opened=\"1\" data-image-meta=\"{&quot;aperture&quot;:&quot;0&quot;,&quot;credit&quot;:&quot;&quot;,&quot;camera&quot;:&quot;&quot;,&quot;caption&quot;:&quot;&quot;,&quot;created_timestamp&quot;:&quot;0&quot;,&quot;copyright&quot;:&quot;&quot;,&quot;focal_length&quot;:&quot;0&quot;,&quot;iso&quot;:&quot;0&quot;,&quot;shutter_speed&quot;:&quot;0&quot;,&quot;title&quot;:&quot;&quot;}\" data-image-title=\"bossiomercedes12.06.2014bossiojubilados\" data-image-description=\"\" data-medium-file=\"https:\/\/www.hoymercedes.com.ar\/principal\/wp-content\/uploads\/2014\/06\/bossiomercedes12.06.2014bossiojubilados.jpg\" data-large-file=\"https:\/\/www.hoymercedes.com.ar\/principal\/wp-content\/uploads\/2014\/06\/bossiomercedes12.06.2014bossiojubilados.jpg\" src=\"https:\/\/i0.wp.com\/www.hoymercedes.com.ar\/principal\/wp-content\/uploads\/2014\/06\/bossiomercedes12.06.2014bossiojubilados.jpg?w=377&#038;h=219&#038;ssl=1\" width=\"377\" height=\"219\" loading=\"lazy\" data-original-width=\"377\" data-original-height=\"219\" itemprop=\"http:\/\/schema.org\/image\" title=\"bossiomercedes12.06.2014bossiojubilados\" alt=\"bossiomercedes12.06.2014bossiojubilados\" style=\"width: 377px; height: 219px;\" \/> <\/a> <\/div> <\/div> <!-- close group --> <\/div> <!-- close row --> <div class=\"gallery-row\" style=\"width: 1200px; height: 540px;\" data-original-width=\"1200\" data-original-height=\"540\" > <div class=\"gallery-group images-2\" style=\"width: 421px; height: 540px;\" data-original-width=\"421\" data-original-height=\"540\" > <div class=\"tiled-gallery-item tiled-gallery-item-large\" itemprop=\"associatedMedia\" itemscope itemtype=\"http:\/\/schema.org\/ImageObject\"> <a href=\"https:\/\/www.hoymercedes.com.ar\/principal\/2014\/06\/12\/diego-bossio-estuvo-en-mercedes-entregando-netbooks-de-conectar-igualdad\/bossiomercedes12-06-2014bossiojubilados-1\/#main\" border=\"0\" itemprop=\"url\"> <meta itemprop=\"width\" content=\"417\"> <meta itemprop=\"height\" content=\"256\"> <img decoding=\"async\" class=\"\" data-attachment-id=\"33823\" data-orig-file=\"https:\/\/www.hoymercedes.com.ar\/principal\/wp-content\/uploads\/2014\/06\/bossiomercedes12.06.2014bossiojubilados-1.jpg\" data-orig-size=\"620,381\" data-comments-opened=\"1\" data-image-meta=\"{&quot;aperture&quot;:&quot;0&quot;,&quot;credit&quot;:&quot;&quot;,&quot;camera&quot;:&quot;&quot;,&quot;caption&quot;:&quot;&quot;,&quot;created_timestamp&quot;:&quot;0&quot;,&quot;copyright&quot;:&quot;&quot;,&quot;focal_length&quot;:&quot;0&quot;,&quot;iso&quot;:&quot;0&quot;,&quot;shutter_speed&quot;:&quot;0&quot;,&quot;title&quot;:&quot;&quot;}\" data-image-title=\"bossiomercedes12.06.2014bossiojubilados-1\" data-image-description=\"\" data-medium-file=\"https:\/\/www.hoymercedes.com.ar\/principal\/wp-content\/uploads\/2014\/06\/bossiomercedes12.06.2014bossiojubilados-1.jpg\" data-large-file=\"https:\/\/www.hoymercedes.com.ar\/principal\/wp-content\/uploads\/2014\/06\/bossiomercedes12.06.2014bossiojubilados-1.jpg\" src=\"https:\/\/i0.wp.com\/www.hoymercedes.com.ar\/principal\/wp-content\/uploads\/2014\/06\/bossiomercedes12.06.2014bossiojubilados-1.jpg?w=417&#038;h=256&#038;ssl=1\" width=\"417\" height=\"256\" loading=\"lazy\" data-original-width=\"417\" data-original-height=\"256\" itemprop=\"http:\/\/schema.org\/image\" title=\"bossiomercedes12.06.2014bossiojubilados-1\" alt=\"bossiomercedes12.06.2014bossiojubilados-1\" style=\"width: 417px; height: 256px;\" \/> <\/a> <\/div> <div class=\"tiled-gallery-item tiled-gallery-item-large\" itemprop=\"associatedMedia\" itemscope itemtype=\"http:\/\/schema.org\/ImageObject\"> <a href=\"https:\/\/www.hoymercedes.com.ar\/principal\/2014\/06\/12\/diego-bossio-estuvo-en-mercedes-entregando-netbooks-de-conectar-igualdad\/bossiomercedes12-06-2014bossiojubilados-3\/#main\" border=\"0\" itemprop=\"url\"> <meta itemprop=\"width\" content=\"417\"> <meta itemprop=\"height\" content=\"276\"> <img decoding=\"async\" class=\"\" data-attachment-id=\"33824\" data-orig-file=\"https:\/\/www.hoymercedes.com.ar\/principal\/wp-content\/uploads\/2014\/06\/bossiomercedes12.06.2014bossiojubilados-3.jpg\" data-orig-size=\"620,410\" data-comments-opened=\"1\" data-image-meta=\"{&quot;aperture&quot;:&quot;0&quot;,&quot;credit&quot;:&quot;&quot;,&quot;camera&quot;:&quot;&quot;,&quot;caption&quot;:&quot;&quot;,&quot;created_timestamp&quot;:&quot;0&quot;,&quot;copyright&quot;:&quot;&quot;,&quot;focal_length&quot;:&quot;0&quot;,&quot;iso&quot;:&quot;0&quot;,&quot;shutter_speed&quot;:&quot;0&quot;,&quot;title&quot;:&quot;&quot;}\" data-image-title=\"bossiomercedes12.06.2014bossiojubilados-3\" data-image-description=\"\" data-medium-file=\"https:\/\/www.hoymercedes.com.ar\/principal\/wp-content\/uploads\/2014\/06\/bossiomercedes12.06.2014bossiojubilados-3.jpg\" data-large-file=\"https:\/\/www.hoymercedes.com.ar\/principal\/wp-content\/uploads\/2014\/06\/bossiomercedes12.06.2014bossiojubilados-3.jpg\" src=\"https:\/\/i0.wp.com\/www.hoymercedes.com.ar\/principal\/wp-content\/uploads\/2014\/06\/bossiomercedes12.06.2014bossiojubilados-3.jpg?w=417&#038;h=276&#038;ssl=1\" width=\"417\" height=\"276\" loading=\"lazy\" data-original-width=\"417\" data-original-height=\"276\" itemprop=\"http:\/\/schema.org\/image\" title=\"bossiomercedes12.06.2014bossiojubilados-3\" alt=\"bossiomercedes12.06.2014bossiojubilados-3\" style=\"width: 417px; height: 276px;\" \/> <\/a> <\/div> <\/div> <!-- close group --> <div class=\"gallery-group images-1\" style=\"width: 779px; height: 540px;\" data-original-width=\"779\" data-original-height=\"540\" > <div class=\"tiled-gallery-item tiled-gallery-item-large\" itemprop=\"associatedMedia\" itemscope itemtype=\"http:\/\/schema.org\/ImageObject\"> <a href=\"https:\/\/www.hoymercedes.com.ar\/principal\/2014\/06\/12\/diego-bossio-estuvo-en-mercedes-entregando-netbooks-de-conectar-igualdad\/bossiomercedes12-06-2014bossiojubilados-12jpg\/#main\" border=\"0\" itemprop=\"url\"> <meta itemprop=\"width\" content=\"775\"> <meta itemprop=\"height\" content=\"536\"> <img decoding=\"async\" class=\"\" data-attachment-id=\"33825\" data-orig-file=\"https:\/\/www.hoymercedes.com.ar\/principal\/wp-content\/uploads\/2014\/06\/bossiomercedes12.06.2014bossiojubilados-12jpg.jpg\" data-orig-size=\"620,429\" data-comments-opened=\"1\" data-image-meta=\"{&quot;aperture&quot;:&quot;0&quot;,&quot;credit&quot;:&quot;&quot;,&quot;camera&quot;:&quot;&quot;,&quot;caption&quot;:&quot;&quot;,&quot;created_timestamp&quot;:&quot;0&quot;,&quot;copyright&quot;:&quot;&quot;,&quot;focal_length&quot;:&quot;0&quot;,&quot;iso&quot;:&quot;0&quot;,&quot;shutter_speed&quot;:&quot;0&quot;,&quot;title&quot;:&quot;&quot;}\" data-image-title=\"bossiomercedes12.06.2014bossiojubilados-12jpg\" data-image-description=\"\" data-medium-file=\"https:\/\/www.hoymercedes.com.ar\/principal\/wp-content\/uploads\/2014\/06\/bossiomercedes12.06.2014bossiojubilados-12jpg.jpg\" data-large-file=\"https:\/\/www.hoymercedes.com.ar\/principal\/wp-content\/uploads\/2014\/06\/bossiomercedes12.06.2014bossiojubilados-12jpg.jpg\" src=\"https:\/\/i0.wp.com\/www.hoymercedes.com.ar\/principal\/wp-content\/uploads\/2014\/06\/bossiomercedes12.06.2014bossiojubilados-12jpg.jpg?w=775&#038;h=536&#038;ssl=1\" width=\"775\" height=\"536\" loading=\"lazy\" data-original-width=\"775\" data-original-height=\"536\" itemprop=\"http:\/\/schema.org\/image\" title=\"bossiomercedes12.06.2014bossiojubilados-12jpg\" alt=\"bossiomercedes12.06.2014bossiojubilados-12jpg\" style=\"width: 775px; height: 536px;\" \/> <\/a> <\/div> <\/div> <!-- close group --> <\/div> <!-- close row --> <div class=\"gallery-row\" style=\"width: 1200px; height: 533px;\" data-original-width=\"1200\" data-original-height=\"533\" > <div class=\"gallery-group images-1\" style=\"width: 801px; height: 533px;\" data-original-width=\"801\" data-original-height=\"533\" > <div class=\"tiled-gallery-item tiled-gallery-item-large\" itemprop=\"associatedMedia\" itemscope itemtype=\"http:\/\/schema.org\/ImageObject\"> <a href=\"https:\/\/www.hoymercedes.com.ar\/principal\/2014\/06\/12\/diego-bossio-estuvo-en-mercedes-entregando-netbooks-de-conectar-igualdad\/bossiomercedes12-06-2014sja_0418\/#main\" border=\"0\" itemprop=\"url\"> <meta itemprop=\"width\" content=\"797\"> <meta itemprop=\"height\" content=\"529\"> <img decoding=\"async\" class=\"\" data-attachment-id=\"33826\" data-orig-file=\"https:\/\/www.hoymercedes.com.ar\/principal\/wp-content\/uploads\/2014\/06\/bossiomercedes12.06.2014SJA_0418.jpg\" data-orig-size=\"620,412\" data-comments-opened=\"1\" data-image-meta=\"{&quot;aperture&quot;:&quot;4&quot;,&quot;credit&quot;:&quot;SEBASTIAN_AMBROSSIO&quot;,&quot;camera&quot;:&quot;&quot;,&quot;caption&quot;:&quot;&quot;,&quot;created_timestamp&quot;:&quot;0&quot;,&quot;copyright&quot;:&quot;Sebastian Ambrossio_&quot;,&quot;focal_length&quot;:&quot;35&quot;,&quot;iso&quot;:&quot;0&quot;,&quot;shutter_speed&quot;:&quot;0.008&quot;,&quot;title&quot;:&quot;&quot;}\" data-image-title=\"bossiomercedes12.06.2014SJA_0418\" data-image-description=\"\" data-medium-file=\"https:\/\/www.hoymercedes.com.ar\/principal\/wp-content\/uploads\/2014\/06\/bossiomercedes12.06.2014SJA_0418.jpg\" data-large-file=\"https:\/\/www.hoymercedes.com.ar\/principal\/wp-content\/uploads\/2014\/06\/bossiomercedes12.06.2014SJA_0418.jpg\" src=\"https:\/\/i0.wp.com\/www.hoymercedes.com.ar\/principal\/wp-content\/uploads\/2014\/06\/bossiomercedes12.06.2014SJA_0418.jpg?w=797&#038;h=529&#038;ssl=1\" width=\"797\" height=\"529\" loading=\"lazy\" data-original-width=\"797\" data-original-height=\"529\" itemprop=\"http:\/\/schema.org\/image\" title=\"bossiomercedes12.06.2014SJA_0418\" alt=\"bossiomercedes12.06.2014SJA_0418\" style=\"width: 797px; height: 529px;\" \/> <\/a> <\/div> <\/div> <!-- close group --> <div class=\"gallery-group images-2\" style=\"width: 399px; height: 533px;\" data-original-width=\"399\" data-original-height=\"533\" > <div class=\"tiled-gallery-item tiled-gallery-item-large\" itemprop=\"associatedMedia\" itemscope itemtype=\"http:\/\/schema.org\/ImageObject\"> <a href=\"https:\/\/www.hoymercedes.com.ar\/principal\/2014\/06\/12\/diego-bossio-estuvo-en-mercedes-entregando-netbooks-de-conectar-igualdad\/bossiomercedes12-06-2014sja_0469\/#main\" border=\"0\" itemprop=\"url\"> <meta itemprop=\"width\" content=\"395\"> <meta itemprop=\"height\" content=\"263\"> <img decoding=\"async\" class=\"\" data-attachment-id=\"33827\" data-orig-file=\"https:\/\/www.hoymercedes.com.ar\/principal\/wp-content\/uploads\/2014\/06\/bossiomercedes12.06.2014SJA_0469.jpg\" data-orig-size=\"620,412\" data-comments-opened=\"1\" data-image-meta=\"{&quot;aperture&quot;:&quot;5.6&quot;,&quot;credit&quot;:&quot;SEBASTIAN_AMBROSSIO&quot;,&quot;camera&quot;:&quot;&quot;,&quot;caption&quot;:&quot;&quot;,&quot;created_timestamp&quot;:&quot;0&quot;,&quot;copyright&quot;:&quot;Sebastian Ambrossio_&quot;,&quot;focal_length&quot;:&quot;24&quot;,&quot;iso&quot;:&quot;0&quot;,&quot;shutter_speed&quot;:&quot;0.016666666666667&quot;,&quot;title&quot;:&quot;&quot;}\" data-image-title=\"bossiomercedes12.06.2014SJA_0469\" data-image-description=\"\" data-medium-file=\"https:\/\/www.hoymercedes.com.ar\/principal\/wp-content\/uploads\/2014\/06\/bossiomercedes12.06.2014SJA_0469.jpg\" data-large-file=\"https:\/\/www.hoymercedes.com.ar\/principal\/wp-content\/uploads\/2014\/06\/bossiomercedes12.06.2014SJA_0469.jpg\" src=\"https:\/\/i0.wp.com\/www.hoymercedes.com.ar\/principal\/wp-content\/uploads\/2014\/06\/bossiomercedes12.06.2014SJA_0469.jpg?w=395&#038;h=263&#038;ssl=1\" width=\"395\" height=\"263\" loading=\"lazy\" data-original-width=\"395\" data-original-height=\"263\" itemprop=\"http:\/\/schema.org\/image\" title=\"bossiomercedes12.06.2014SJA_0469\" alt=\"bossiomercedes12.06.2014SJA_0469\" style=\"width: 395px; height: 263px;\" \/> <\/a> <\/div> <div class=\"tiled-gallery-item tiled-gallery-item-large\" itemprop=\"associatedMedia\" itemscope itemtype=\"http:\/\/schema.org\/ImageObject\"> <a href=\"https:\/\/www.hoymercedes.com.ar\/principal\/2014\/06\/12\/diego-bossio-estuvo-en-mercedes-entregando-netbooks-de-conectar-igualdad\/bossiomercedes12-06-2014sja_0598\/#main\" border=\"0\" itemprop=\"url\"> <meta itemprop=\"width\" content=\"395\"> <meta itemprop=\"height\" content=\"262\"> <img decoding=\"async\" class=\"\" data-attachment-id=\"33828\" data-orig-file=\"https:\/\/www.hoymercedes.com.ar\/principal\/wp-content\/uploads\/2014\/06\/bossiomercedes12.06.2014SJA_0598.jpg\" data-orig-size=\"620,412\" data-comments-opened=\"1\" data-image-meta=\"{&quot;aperture&quot;:&quot;4&quot;,&quot;credit&quot;:&quot;SEBASTIAN_AMBROSSIO&quot;,&quot;camera&quot;:&quot;&quot;,&quot;caption&quot;:&quot;&quot;,&quot;created_timestamp&quot;:&quot;0&quot;,&quot;copyright&quot;:&quot;Sebastian Ambrossio_&quot;,&quot;focal_length&quot;:&quot;24&quot;,&quot;iso&quot;:&quot;0&quot;,&quot;shutter_speed&quot;:&quot;0.008&quot;,&quot;title&quot;:&quot;&quot;}\" data-image-title=\"bossiomercedes12.06.2014SJA_0598\" data-image-description=\"\" data-medium-file=\"https:\/\/www.hoymercedes.com.ar\/principal\/wp-content\/uploads\/2014\/06\/bossiomercedes12.06.2014SJA_0598.jpg\" data-large-file=\"https:\/\/www.hoymercedes.com.ar\/principal\/wp-content\/uploads\/2014\/06\/bossiomercedes12.06.2014SJA_0598.jpg\" src=\"https:\/\/i0.wp.com\/www.hoymercedes.com.ar\/principal\/wp-content\/uploads\/2014\/06\/bossiomercedes12.06.2014SJA_0598.jpg?w=395&#038;h=262&#038;ssl=1\" width=\"395\" height=\"262\" loading=\"lazy\" data-original-width=\"395\" data-original-height=\"262\" itemprop=\"http:\/\/schema.org\/image\" title=\"bossiomercedes12.06.2014SJA_0598\" alt=\"bossiomercedes12.06.2014SJA_0598\" style=\"width: 395px; height: 262px;\" \/> <\/a> <\/div> <\/div> <!-- close group --> <\/div> <!-- close row --> <div class=\"gallery-row\" style=\"width: 1200px; height: 345px;\" data-original-width=\"1200\" data-original-height=\"345\" > <div class=\"gallery-group images-1\" style=\"width: 517px; height: 345px;\" data-original-width=\"517\" data-original-height=\"345\" > <div class=\"tiled-gallery-item tiled-gallery-item-large\" itemprop=\"associatedMedia\" itemscope itemtype=\"http:\/\/schema.org\/ImageObject\"> <a href=\"https:\/\/www.hoymercedes.com.ar\/principal\/2014\/06\/12\/diego-bossio-estuvo-en-mercedes-entregando-netbooks-de-conectar-igualdad\/bossiomercedes12-06-2014sja_0660\/#main\" border=\"0\" itemprop=\"url\"> <meta itemprop=\"width\" content=\"513\"> <meta itemprop=\"height\" content=\"341\"> <img decoding=\"async\" class=\"\" data-attachment-id=\"33829\" data-orig-file=\"https:\/\/www.hoymercedes.com.ar\/principal\/wp-content\/uploads\/2014\/06\/bossiomercedes12.06.2014SJA_0660.jpg\" data-orig-size=\"620,412\" data-comments-opened=\"1\" data-image-meta=\"{&quot;aperture&quot;:&quot;4&quot;,&quot;credit&quot;:&quot;SEBASTIAN_AMBROSSIO&quot;,&quot;camera&quot;:&quot;&quot;,&quot;caption&quot;:&quot;&quot;,&quot;created_timestamp&quot;:&quot;0&quot;,&quot;copyright&quot;:&quot;Sebastian Ambrossio_&quot;,&quot;focal_length&quot;:&quot;24&quot;,&quot;iso&quot;:&quot;0&quot;,&quot;shutter_speed&quot;:&quot;0.016666666666667&quot;,&quot;title&quot;:&quot;&quot;}\" data-image-title=\"bossiomercedes12.06.2014SJA_0660\" data-image-description=\"\" data-medium-file=\"https:\/\/www.hoymercedes.com.ar\/principal\/wp-content\/uploads\/2014\/06\/bossiomercedes12.06.2014SJA_0660.jpg\" data-large-file=\"https:\/\/www.hoymercedes.com.ar\/principal\/wp-content\/uploads\/2014\/06\/bossiomercedes12.06.2014SJA_0660.jpg\" src=\"https:\/\/i0.wp.com\/www.hoymercedes.com.ar\/principal\/wp-content\/uploads\/2014\/06\/bossiomercedes12.06.2014SJA_0660.jpg?w=513&#038;h=341&#038;ssl=1\" width=\"513\" height=\"341\" loading=\"lazy\" data-original-width=\"513\" data-original-height=\"341\" itemprop=\"http:\/\/schema.org\/image\" title=\"bossiomercedes12.06.2014SJA_0660\" alt=\"bossiomercedes12.06.2014SJA_0660\" style=\"width: 513px; height: 341px;\" \/> <\/a> <\/div> <\/div> <!-- close group --> <div class=\"gallery-group images-1\" style=\"width: 683px; height: 345px;\" data-original-width=\"683\" data-original-height=\"345\" > <div class=\"tiled-gallery-item tiled-gallery-item-large\" itemprop=\"associatedMedia\" itemscope itemtype=\"http:\/\/schema.org\/ImageObject\"> <a href=\"https:\/\/www.hoymercedes.com.ar\/principal\/2014\/06\/12\/diego-bossio-estuvo-en-mercedes-entregando-netbooks-de-conectar-igualdad\/bossiomercedes12-06-2014unnamed\/#main\" border=\"0\" itemprop=\"url\"> <meta itemprop=\"width\" content=\"679\"> <meta itemprop=\"height\" content=\"341\"> <img decoding=\"async\" class=\"\" data-attachment-id=\"33830\" data-orig-file=\"https:\/\/www.hoymercedes.com.ar\/principal\/wp-content\/uploads\/2014\/06\/bossiomercedes12.06.2014unnamed.jpg\" data-orig-size=\"620,311\" data-comments-opened=\"1\" data-image-meta=\"{&quot;aperture&quot;:&quot;0&quot;,&quot;credit&quot;:&quot;&quot;,&quot;camera&quot;:&quot;&quot;,&quot;caption&quot;:&quot;&quot;,&quot;created_timestamp&quot;:&quot;0&quot;,&quot;copyright&quot;:&quot;&quot;,&quot;focal_length&quot;:&quot;0&quot;,&quot;iso&quot;:&quot;0&quot;,&quot;shutter_speed&quot;:&quot;0&quot;,&quot;title&quot;:&quot;&quot;}\" data-image-title=\"bossiomercedes12.06.2014unnamed\" data-image-description=\"\" data-medium-file=\"https:\/\/www.hoymercedes.com.ar\/principal\/wp-content\/uploads\/2014\/06\/bossiomercedes12.06.2014unnamed.jpg\" data-large-file=\"https:\/\/www.hoymercedes.com.ar\/principal\/wp-content\/uploads\/2014\/06\/bossiomercedes12.06.2014unnamed.jpg\" src=\"https:\/\/i0.wp.com\/www.hoymercedes.com.ar\/principal\/wp-content\/uploads\/2014\/06\/bossiomercedes12.06.2014unnamed.jpg?w=679&#038;h=341&#038;ssl=1\" width=\"679\" height=\"341\" loading=\"lazy\" data-original-width=\"679\" data-original-height=\"341\" itemprop=\"http:\/\/schema.org\/image\" title=\"bossiomercedes12.06.2014unnamed\" alt=\"bossiomercedes12.06.2014unnamed\" style=\"width: 679px; height: 341px;\" \/> <\/a> <\/div> <\/div> <!-- close group --> <\/div> <!-- close row --> <\/div>\n","protected":false},"excerpt":{"rendered":"<p>Diego Bossio, m\u00e1ximo responsable del ANSES, estuvo en Mercedes y llev\u00f3 a cabo dos encuentros. Uno en la Escuela Normal &#8230; <a title=\"Diego Bossio estuvo en Mercedes entregando netbooks de Conectar Igualdad y junto a Jubilados\" class=\"read-more\" href=\"https:\/\/www.hoymercedes.com.ar\/principal\/2014\/06\/12\/diego-bossio-estuvo-en-mercedes-entregando-netbooks-de-conectar-igualdad\/\" aria-label=\"Leer m\u00e1s sobre Diego Bossio estuvo en Mercedes entregando netbooks de Conectar Igualdad y junto a Jubilados\">Leer m\u00e1s<\/a><\/p>\n","protected":false},"author":1,"featured_media":0,"comment_status":"open","ping_status":"open","sticky":false,"template":"","format":"standard","meta":{"_monsterinsights_skip_tracking":false,"_monsterinsights_sitenote_active":false,"_monsterinsights_sitenote_note":"","_monsterinsights_sitenote_category":0,"jetpack_post_was_ever_published":false,"_jetpack_newsletter_access":"","_jetpack_dont_email_post_to_subs":false,"_jetpack_newsletter_tier_id":0,"_jetpack_memberships_contains_paywalled_content":false,"_jetpack_memberships_contains_paid_content":false,"footnotes":"","jetpack_publicize_message":"","jetpack_publicize_feature_enabled":true,"jetpack_social_post_already_shared":false,"jetpack_social_options":{"image_generator_settings":{"template":"highway","default_image_id":0,"font":"","enabled":false},"version":2},"_wpas_customize_per_network":false},"categories":[5],"tags":[4,35,5413,5414,5415],"class_list":["post-33817","post","type-post","status-publish","format-standard","hentry","category-politica","tag-anses","tag-anses-mercedes","tag-diego-bossio-en-mercedes","tag-diego-bossio-y-selva","tag-diego-bossio-y-ustarroz","generate-columns","tablet-grid-50","mobile-grid-100","grid-parent","grid-50"],"jetpack_publicize_connections":[],"jetpack_featured_media_url":"","wps_subtitle":"M\u00e1ximo referente del Anses","jetpack_sharing_enabled":true,"_links":{"self":[{"href":"https:\/\/www.hoymercedes.com.ar\/principal\/wp-json\/wp\/v2\/posts\/33817","targetHints":{"allow":["GET"]}}],"collection":[{"href":"https:\/\/www.hoymercedes.com.ar\/principal\/wp-json\/wp\/v2\/posts"}],"about":[{"href":"https:\/\/www.hoymercedes.com.ar\/principal\/wp-json\/wp\/v2\/types\/post"}],"author":[{"embeddable":true,"href":"https:\/\/www.hoymercedes.com.ar\/principal\/wp-json\/wp\/v2\/users\/1"}],"replies":[{"embeddable":true,"href":"https:\/\/www.hoymercedes.com.ar\/principal\/wp-json\/wp\/v2\/comments?post=33817"}],"version-history":[{"count":0,"href":"https:\/\/www.hoymercedes.com.ar\/principal\/wp-json\/wp\/v2\/posts\/33817\/revisions"}],"wp:attachment":[{"href":"https:\/\/www.hoymercedes.com.ar\/principal\/wp-json\/wp\/v2\/media?parent=33817"}],"wp:term":[{"taxonomy":"category","embeddable":true,"href":"https:\/\/www.hoymercedes.com.ar\/principal\/wp-json\/wp\/v2\/categories?post=33817"},{"taxonomy":"post_tag","embeddable":true,"href":"https:\/\/www.hoymercedes.com.ar\/principal\/wp-json\/wp\/v2\/tags?post=33817"}],"curies":[{"name":"wp","href":"https:\/\/api.w.org\/{rel}","templated":true}]}}