{"id":33834,"date":"2014-06-12T22:10:01","date_gmt":"2014-06-13T01:10:01","guid":{"rendered":"http:\/\/www.hoymercedes.com.ar\/principal\/?p=33834"},"modified":"2014-06-16T12:43:11","modified_gmt":"2014-06-16T15:43:11","slug":"yacare-pesaje-y-todo-listo-para-un-nuevo-conbate","status":"publish","type":"post","link":"https:\/\/www.hoymercedes.com.ar\/principal\/2014\/06\/12\/yacare-pesaje-y-todo-listo-para-un-nuevo-conbate\/","title":{"rendered":"Yacar\u00e9: pesaje y todo listo para un nuevo combate"},"content":{"rendered":"<p><a href=\"https:\/\/www.hoymercedes.com.ar\/principal\/wp-content\/uploads\/2014\/06\/yacar\u00e9.12.06.20154.jpg\"><img loading=\"lazy\" decoding=\"async\" data-attachment-id=\"33835\" data-permalink=\"https:\/\/www.hoymercedes.com.ar\/principal\/2014\/06\/12\/yacare-pesaje-y-todo-listo-para-un-nuevo-conbate\/yacare-12-06-20154\/#main\" data-orig-file=\"https:\/\/www.hoymercedes.com.ar\/principal\/wp-content\/uploads\/2014\/06\/yacar\u00e9.12.06.20154.jpg\" data-orig-size=\"620,266\" data-comments-opened=\"1\" data-image-meta=\"{&quot;aperture&quot;:&quot;0&quot;,&quot;credit&quot;:&quot;&quot;,&quot;camera&quot;:&quot;&quot;,&quot;caption&quot;:&quot;&quot;,&quot;created_timestamp&quot;:&quot;0&quot;,&quot;copyright&quot;:&quot;&quot;,&quot;focal_length&quot;:&quot;0&quot;,&quot;iso&quot;:&quot;0&quot;,&quot;shutter_speed&quot;:&quot;0&quot;,&quot;title&quot;:&quot;&quot;}\" data-image-title=\"yacar\u00e9.12.06.20154\" data-image-description=\"\" data-image-caption=\"\" data-large-file=\"https:\/\/www.hoymercedes.com.ar\/principal\/wp-content\/uploads\/2014\/06\/yacar\u00e9.12.06.20154.jpg\" class=\"Img2014 aligncenter wp-image-33835 size-full\" src=\"https:\/\/www.hoymercedes.com.ar\/principal\/wp-content\/uploads\/2014\/06\/yacar\u00e9.12.06.20154.jpg\" alt=\"yacar\u00e9.12.06.20154\" width=\"620\" height=\"266\" \/><\/a><\/p>\n<p><em><strong>Yacar\u00e9 Sequeira sigue su camino de enamoramiento del p\u00fablico local que, m\u00e1s all\u00e1 de las victorias o no, es indudable que el pugilista ha ganado todo el apoyomercedino. Crea expectativas y ansias de lucha. Su nombre ya se apunt\u00f3 en la historia deportiva local.<\/strong><\/em><\/p>\n<p>Este <strong>viernes<\/strong> en el escenario de El Club Uni\u00f3n Walter \u201cYacar\u00e9\u201d Sequeira tendr\u00e1 un nuevo combate que ser\u00e1 en \u00e9sta ocasi\u00f3n contra Dario Balmaceda.<\/p>\n<p>El pasaje se produjo en el \u00e1mbito de la Secretar\u00eda de Gobierno de la Municipalidad de Mercedes. El pesaje dio normal y en t\u00e9rminos y est\u00e1 todo listo para que \u00e9ste viernes se enfrenten en el club de avenida 1 entre 26 y 28.<\/p>\n<p>Las entradas tendr\u00e1n un valor de <strong>$80 y se pueden adquirir en el Club Uni\u00f3n.<\/strong><\/p>\n<p><a href=\"https:\/\/www.hoymercedes.com.ar\/principal\/wp-content\/uploads\/2014\/06\/yacar\u00e9-conferencia-.12.06.20154.jpg\"><img loading=\"lazy\" decoding=\"async\" data-attachment-id=\"33837\" data-permalink=\"https:\/\/www.hoymercedes.com.ar\/principal\/2014\/06\/12\/yacare-pesaje-y-todo-listo-para-un-nuevo-conbate\/yacare-conferencia-12-06-20154\/#main\" data-orig-file=\"https:\/\/www.hoymercedes.com.ar\/principal\/wp-content\/uploads\/2014\/06\/yacar\u00e9-conferencia-.12.06.20154.jpg\" data-orig-size=\"620,300\" data-comments-opened=\"1\" data-image-meta=\"{&quot;aperture&quot;:&quot;0&quot;,&quot;credit&quot;:&quot;&quot;,&quot;camera&quot;:&quot;&quot;,&quot;caption&quot;:&quot;&quot;,&quot;created_timestamp&quot;:&quot;0&quot;,&quot;copyright&quot;:&quot;&quot;,&quot;focal_length&quot;:&quot;0&quot;,&quot;iso&quot;:&quot;0&quot;,&quot;shutter_speed&quot;:&quot;0&quot;,&quot;title&quot;:&quot;&quot;}\" data-image-title=\"yacar\u00e9-conferencia-.12.06.20154\" data-image-description=\"\" data-image-caption=\"\" data-large-file=\"https:\/\/www.hoymercedes.com.ar\/principal\/wp-content\/uploads\/2014\/06\/yacar\u00e9-conferencia-.12.06.20154.jpg\" class=\"Img2014 aligncenter wp-image-33837 size-full\" src=\"https:\/\/www.hoymercedes.com.ar\/principal\/wp-content\/uploads\/2014\/06\/yacar\u00e9-conferencia-.12.06.20154.jpg\" alt=\"yacar\u00e9-conferencia-.12.06.20154\" width=\"620\" height=\"300\" \/><\/a><\/p>\n<p>&nbsp;<\/p>\n<p>&nbsp;<\/p>\n<p>&nbsp;<\/p>\n<p>&nbsp;<\/p>\n<p>&nbsp;<\/p>\n<p>&nbsp;<\/p>\n<p>&nbsp;<\/p>\n","protected":false},"excerpt":{"rendered":"<p>Yacar\u00e9 Sequeira sigue su camino de enamoramiento del p\u00fablico local que, m\u00e1s all\u00e1 de las victorias o no, es indudable &#8230; <a title=\"Yacar\u00e9: pesaje y todo listo para un nuevo combate\" class=\"read-more\" href=\"https:\/\/www.hoymercedes.com.ar\/principal\/2014\/06\/12\/yacare-pesaje-y-todo-listo-para-un-nuevo-conbate\/\" aria-label=\"Leer m\u00e1s sobre Yacar\u00e9: pesaje y todo listo para un nuevo combate\">Leer m\u00e1s<\/a><\/p>\n","protected":false},"author":1,"featured_media":0,"comment_status":"open","ping_status":"open","sticky":false,"template":"","format":"standard","meta":{"_monsterinsights_skip_tracking":false,"_monsterinsights_sitenote_active":false,"_monsterinsights_sitenote_note":"","_monsterinsights_sitenote_category":0,"jetpack_post_was_ever_published":false,"_jetpack_newsletter_access":"","_jetpack_dont_email_post_to_subs":false,"_jetpack_newsletter_tier_id":0,"_jetpack_memberships_contains_paywalled_content":false,"_jetpack_memberships_contains_paid_content":false,"footnotes":"","jetpack_publicize_message":"","jetpack_publicize_feature_enabled":true,"jetpack_social_post_already_shared":false,"jetpack_social_options":{"image_generator_settings":{"template":"highway","default_image_id":0,"font":"","enabled":false},"version":2},"_wpas_customize_per_network":false},"categories":[21],"tags":[5416,2377,5417,4048,5418],"class_list":["post-33834","post","type-post","status-publish","format-standard","hentry","category-deportes","tag-boxeo-en-mercedes","tag-club-union","tag-dario-balmaceda","tag-yacare-sequeira","tag-yacare-vs-balmaceda","generate-columns","tablet-grid-50","mobile-grid-100","grid-parent","grid-50"],"jetpack_publicize_connections":[],"jetpack_featured_media_url":"","wps_subtitle":"Nuevo encuentro de boxeo","jetpack_sharing_enabled":true,"_links":{"self":[{"href":"https:\/\/www.hoymercedes.com.ar\/principal\/wp-json\/wp\/v2\/posts\/33834","targetHints":{"allow":["GET"]}}],"collection":[{"href":"https:\/\/www.hoymercedes.com.ar\/principal\/wp-json\/wp\/v2\/posts"}],"about":[{"href":"https:\/\/www.hoymercedes.com.ar\/principal\/wp-json\/wp\/v2\/types\/post"}],"author":[{"embeddable":true,"href":"https:\/\/www.hoymercedes.com.ar\/principal\/wp-json\/wp\/v2\/users\/1"}],"replies":[{"embeddable":true,"href":"https:\/\/www.hoymercedes.com.ar\/principal\/wp-json\/wp\/v2\/comments?post=33834"}],"version-history":[{"count":0,"href":"https:\/\/www.hoymercedes.com.ar\/principal\/wp-json\/wp\/v2\/posts\/33834\/revisions"}],"wp:attachment":[{"href":"https:\/\/www.hoymercedes.com.ar\/principal\/wp-json\/wp\/v2\/media?parent=33834"}],"wp:term":[{"taxonomy":"category","embeddable":true,"href":"https:\/\/www.hoymercedes.com.ar\/principal\/wp-json\/wp\/v2\/categories?post=33834"},{"taxonomy":"post_tag","embeddable":true,"href":"https:\/\/www.hoymercedes.com.ar\/principal\/wp-json\/wp\/v2\/tags?post=33834"}],"curies":[{"name":"wp","href":"https:\/\/api.w.org\/{rel}","templated":true}]}}