{"id":3394,"date":"2011-04-11T23:08:51","date_gmt":"2011-04-11T23:08:51","guid":{"rendered":"http:\/\/www.hoymercedes.com.ar\/principal\/?p=3394"},"modified":"2011-04-11T23:08:51","modified_gmt":"2011-04-11T23:08:51","slug":"la-vereda-en-el-teatro-talia","status":"publish","type":"post","link":"https:\/\/www.hoymercedes.com.ar\/principal\/2011\/04\/11\/la-vereda-en-el-teatro-talia\/","title":{"rendered":"La Vereda en el Teatro Tal\u00eda"},"content":{"rendered":"<div><a href=\"https:\/\/www.hoymercedes.com.ar\/principal\/wp-content\/uploads\/2011\/04\/laveredatalia.jpg\"><img loading=\"lazy\" decoding=\"async\" data-attachment-id=\"3389\" data-permalink=\"https:\/\/www.hoymercedes.com.ar\/principal\/laveredatalia\/\" data-orig-file=\"https:\/\/www.hoymercedes.com.ar\/principal\/wp-content\/uploads\/2011\/04\/laveredatalia.jpg\" data-orig-size=\"550,389\" data-comments-opened=\"1\" data-image-meta=\"{&quot;aperture&quot;:&quot;0&quot;,&quot;credit&quot;:&quot;&quot;,&quot;camera&quot;:&quot;&quot;,&quot;caption&quot;:&quot;&quot;,&quot;created_timestamp&quot;:&quot;0&quot;,&quot;copyright&quot;:&quot;&quot;,&quot;focal_length&quot;:&quot;0&quot;,&quot;iso&quot;:&quot;0&quot;,&quot;shutter_speed&quot;:&quot;0&quot;,&quot;title&quot;:&quot;&quot;}\" data-image-title=\"laveredatalia\" data-image-description=\"\" data-image-caption=\"\" data-large-file=\"https:\/\/www.hoymercedes.com.ar\/principal\/wp-content\/uploads\/2011\/04\/laveredatalia.jpg\" class=\"aligncenter size-full wp-image-3389\" title=\"laveredatalia\" src=\"https:\/\/www.hoymercedes.com.ar\/principal\/wp-content\/uploads\/2011\/04\/laveredatalia.jpg\" alt=\"\" width=\"550\" height=\"389\" \/><\/a><\/div>\n<p>En el marco de los festejos por los 50 a\u00f1os del Teatro Tal\u00eda, el venidero s\u00e1bado 16 de abril estar\u00e1 realiz\u00e1ndose un recital a cargo de La Vereda, grupo integrado por Carlos Renati, Laura Tassara, Daniel Spinelli y Amarilis D\u00edaz, a cargo de la voz principal.<\/p>\n<p>Desde las 21,30 horas del 16 de abril, en la sala ubicada en la calle 20 casi esquina 31, La Vereda presentar\u00e1 un repertorio propio y algunas versiones de canciones de V\u00edctor Jara, Atahualpa Yupanqui, del Cuchi Legizam\u00f3n y otros. Las entradas a la venta a $15 pesos.<\/p>\n","protected":false},"excerpt":{"rendered":"<p>En el marco de los festejos por los 50 a\u00f1os del Teatro Tal\u00eda, el venidero s\u00e1bado 16 de abril estar\u00e1 &#8230; <a title=\"La Vereda en el Teatro Tal\u00eda\" class=\"read-more\" href=\"https:\/\/www.hoymercedes.com.ar\/principal\/2011\/04\/11\/la-vereda-en-el-teatro-talia\/\" aria-label=\"Leer m\u00e1s sobre La Vereda en el Teatro Tal\u00eda\">Leer m\u00e1s<\/a><\/p>\n","protected":false},"author":1,"featured_media":0,"comment_status":"open","ping_status":"open","sticky":false,"template":"","format":"standard","meta":{"_monsterinsights_skip_tracking":false,"_monsterinsights_sitenote_active":false,"_monsterinsights_sitenote_note":"","_monsterinsights_sitenote_category":0,"jetpack_post_was_ever_published":false,"_jetpack_newsletter_access":"","_jetpack_dont_email_post_to_subs":false,"_jetpack_newsletter_tier_id":0,"_jetpack_memberships_contains_paywalled_content":false,"_jetpack_memberships_contains_paid_content":false,"footnotes":"","jetpack_publicize_message":"","jetpack_publicize_feature_enabled":true,"jetpack_social_post_already_shared":false,"jetpack_social_options":{"image_generator_settings":{"template":"highway","default_image_id":0,"font":"","enabled":false},"version":2},"_wpas_customize_per_network":false},"categories":[104],"tags":[654,653],"class_list":["post-3394","post","type-post","status-publish","format-standard","hentry","category-cultura","tag-la-vereda","tag-teatro-talia","generate-columns","tablet-grid-50","mobile-grid-100","grid-parent","grid-50"],"jetpack_publicize_connections":[],"jetpack_featured_media_url":"","wps_subtitle":"","jetpack_sharing_enabled":true,"_links":{"self":[{"href":"https:\/\/www.hoymercedes.com.ar\/principal\/wp-json\/wp\/v2\/posts\/3394","targetHints":{"allow":["GET"]}}],"collection":[{"href":"https:\/\/www.hoymercedes.com.ar\/principal\/wp-json\/wp\/v2\/posts"}],"about":[{"href":"https:\/\/www.hoymercedes.com.ar\/principal\/wp-json\/wp\/v2\/types\/post"}],"author":[{"embeddable":true,"href":"https:\/\/www.hoymercedes.com.ar\/principal\/wp-json\/wp\/v2\/users\/1"}],"replies":[{"embeddable":true,"href":"https:\/\/www.hoymercedes.com.ar\/principal\/wp-json\/wp\/v2\/comments?post=3394"}],"version-history":[{"count":0,"href":"https:\/\/www.hoymercedes.com.ar\/principal\/wp-json\/wp\/v2\/posts\/3394\/revisions"}],"wp:attachment":[{"href":"https:\/\/www.hoymercedes.com.ar\/principal\/wp-json\/wp\/v2\/media?parent=3394"}],"wp:term":[{"taxonomy":"category","embeddable":true,"href":"https:\/\/www.hoymercedes.com.ar\/principal\/wp-json\/wp\/v2\/categories?post=3394"},{"taxonomy":"post_tag","embeddable":true,"href":"https:\/\/www.hoymercedes.com.ar\/principal\/wp-json\/wp\/v2\/tags?post=3394"}],"curies":[{"name":"wp","href":"https:\/\/api.w.org\/{rel}","templated":true}]}}