{"id":33976,"date":"2014-06-17T22:12:12","date_gmt":"2014-06-18T01:12:12","guid":{"rendered":"http:\/\/www.hoymercedes.com.ar\/principal\/?p=33976"},"modified":"2014-06-17T22:32:39","modified_gmt":"2014-06-18T01:32:39","slug":"reunion-de-gerencia-de-eden-con-presidente-barrio-seminario-por-mejoras","status":"publish","type":"post","link":"https:\/\/www.hoymercedes.com.ar\/principal\/2014\/06\/17\/reunion-de-gerencia-de-eden-con-presidente-barrio-seminario-por-mejoras\/","title":{"rendered":"Reuni\u00f3n de gerencia de Eden con Presidente Barrio Seminario de espacio p\u00fablico"},"content":{"rendered":"<p><a href=\"https:\/\/www.hoymercedes.com.ar\/principal\/wp-content\/uploads\/2014\/06\/Veredas-eden-I.jpg\"><img loading=\"lazy\" decoding=\"async\" data-attachment-id=\"33982\" data-permalink=\"https:\/\/www.hoymercedes.com.ar\/principal\/2014\/06\/17\/reunion-de-gerencia-de-eden-con-presidente-barrio-seminario-por-mejoras\/veredas-eden-i\/#main\" data-orig-file=\"https:\/\/www.hoymercedes.com.ar\/principal\/wp-content\/uploads\/2014\/06\/Veredas-eden-I.jpg\" data-orig-size=\"620,831\" data-comments-opened=\"1\" data-image-meta=\"{&quot;aperture&quot;:&quot;0&quot;,&quot;credit&quot;:&quot;&quot;,&quot;camera&quot;:&quot;&quot;,&quot;caption&quot;:&quot;&quot;,&quot;created_timestamp&quot;:&quot;0&quot;,&quot;copyright&quot;:&quot;&quot;,&quot;focal_length&quot;:&quot;0&quot;,&quot;iso&quot;:&quot;0&quot;,&quot;shutter_speed&quot;:&quot;0&quot;,&quot;title&quot;:&quot;&quot;}\" data-image-title=\"Veredas-eden-I\" data-image-description=\"\" data-image-caption=\"\" data-large-file=\"https:\/\/www.hoymercedes.com.ar\/principal\/wp-content\/uploads\/2014\/06\/Veredas-eden-I.jpg\" class=\"Img2014 aligncenter wp-image-33982 size-full\" src=\"https:\/\/www.hoymercedes.com.ar\/principal\/wp-content\/uploads\/2014\/06\/Veredas-eden-I.jpg\" alt=\"Veredas-eden-I\" width=\"620\" height=\"831\" srcset=\"https:\/\/www.hoymercedes.com.ar\/principal\/wp-content\/uploads\/2014\/06\/Veredas-eden-I.jpg 620w, https:\/\/www.hoymercedes.com.ar\/principal\/wp-content\/uploads\/2014\/06\/Veredas-eden-I-462x620.jpg 462w\" sizes=\"auto, (max-width: 620px) 100vw, 620px\" \/><\/a><\/p>\n<p><em><strong>Desde el barrio Seminario retomaron los contactos con la empresa Eden S.A con el objetivo de que mejoren las veredas que suelen utilizar los m\u00e1s peque\u00f1os que asisten a la escuela cercana y que deber sortear basura, pastos y elementos electros abandonados en el espacio p\u00fablico. Carlos Mosso, presidente de la Sociedad de Fomento, se reuni\u00f3 con el Gerente.<\/strong><\/em><\/p>\n<p>Desde la sociedad de fomento comentaron que: <em>\u201choy las veredas son intransitables, cuando llueve los chicos que van al Camila Rol\u00f3n no pueden pasar\u201d a la vez que. \u201chemos encontrado muy buena predisposici\u00f3n por parte del gerente que nos aclar\u00f3 que adem\u00e1s la situaci\u00f3n debe tratarse en dos secciones de la empresa, su gerencia y la de dep\u00f3sitos. Nuestro objetivo es encontrar una soluci\u00f3n para los vecinos del barrio que se ven imposibilitado de utilizar un tramo importante de veredas\u201d.<\/em><\/p>\n<p><img loading=\"lazy\" decoding=\"async\" data-attachment-id=\"33984\" data-permalink=\"https:\/\/www.hoymercedes.com.ar\/principal\/2014\/06\/17\/reunion-de-gerencia-de-eden-con-presidente-barrio-seminario-por-mejoras\/veredas-eden-ii-mosso-gerente-2\/#main\" data-orig-file=\"https:\/\/www.hoymercedes.com.ar\/principal\/wp-content\/uploads\/2014\/06\/Veredas-eden-II-Mosso-Gerente1.jpg\" data-orig-size=\"620,254\" data-comments-opened=\"1\" data-image-meta=\"{&quot;aperture&quot;:&quot;0&quot;,&quot;credit&quot;:&quot;&quot;,&quot;camera&quot;:&quot;&quot;,&quot;caption&quot;:&quot;&quot;,&quot;created_timestamp&quot;:&quot;0&quot;,&quot;copyright&quot;:&quot;&quot;,&quot;focal_length&quot;:&quot;0&quot;,&quot;iso&quot;:&quot;0&quot;,&quot;shutter_speed&quot;:&quot;0&quot;,&quot;title&quot;:&quot;&quot;}\" data-image-title=\"Veredas-eden-II-Mosso-Gerente\" data-image-description=\"\" data-image-caption=\"\" data-large-file=\"https:\/\/www.hoymercedes.com.ar\/principal\/wp-content\/uploads\/2014\/06\/Veredas-eden-II-Mosso-Gerente1.jpg\" class=\"Img2014 aligncenter wp-image-33984 size-full\" src=\"https:\/\/www.hoymercedes.com.ar\/principal\/wp-content\/uploads\/2014\/06\/Veredas-eden-II-Mosso-Gerente1.jpg\" alt=\"Veredas-eden-II-Mosso-Gerente\" width=\"620\" height=\"254\" \/><\/p>\n<p>La situaci\u00f3n lleva bastante tiempo. La empresa, como tantas otras en la ciudad, terminan, m\u00e1s all\u00e1 de la buena predisposici\u00f3n que destac\u00f3 Mosso, utilizando el espacio p\u00fablico para fines privados.<\/p>\n<p><img loading=\"lazy\" decoding=\"async\" data-attachment-id=\"33983\" data-permalink=\"https:\/\/www.hoymercedes.com.ar\/principal\/2014\/06\/17\/reunion-de-gerencia-de-eden-con-presidente-barrio-seminario-por-mejoras\/veredas-eden-ii\/#main\" data-orig-file=\"https:\/\/www.hoymercedes.com.ar\/principal\/wp-content\/uploads\/2014\/06\/Veredas-eden-II.jpg\" data-orig-size=\"620,831\" data-comments-opened=\"1\" data-image-meta=\"{&quot;aperture&quot;:&quot;0&quot;,&quot;credit&quot;:&quot;&quot;,&quot;camera&quot;:&quot;&quot;,&quot;caption&quot;:&quot;&quot;,&quot;created_timestamp&quot;:&quot;0&quot;,&quot;copyright&quot;:&quot;&quot;,&quot;focal_length&quot;:&quot;0&quot;,&quot;iso&quot;:&quot;0&quot;,&quot;shutter_speed&quot;:&quot;0&quot;,&quot;title&quot;:&quot;&quot;}\" data-image-title=\"Veredas-eden-II\" data-image-description=\"\" data-image-caption=\"\" data-large-file=\"https:\/\/www.hoymercedes.com.ar\/principal\/wp-content\/uploads\/2014\/06\/Veredas-eden-II.jpg\" class=\"Img2014 aligncenter wp-image-33983 size-full\" src=\"https:\/\/www.hoymercedes.com.ar\/principal\/wp-content\/uploads\/2014\/06\/Veredas-eden-II.jpg\" alt=\"Veredas-eden-II\" width=\"620\" height=\"831\" srcset=\"https:\/\/www.hoymercedes.com.ar\/principal\/wp-content\/uploads\/2014\/06\/Veredas-eden-II.jpg 620w, https:\/\/www.hoymercedes.com.ar\/principal\/wp-content\/uploads\/2014\/06\/Veredas-eden-II-462x620.jpg 462w\" sizes=\"auto, (max-width: 620px) 100vw, 620px\" \/><\/p>\n","protected":false},"excerpt":{"rendered":"<p>Desde el barrio Seminario retomaron los contactos con la empresa Eden S.A con el objetivo de que mejoren las veredas &#8230; <a title=\"Reuni\u00f3n de gerencia de Eden con Presidente Barrio Seminario de espacio p\u00fablico\" class=\"read-more\" href=\"https:\/\/www.hoymercedes.com.ar\/principal\/2014\/06\/17\/reunion-de-gerencia-de-eden-con-presidente-barrio-seminario-por-mejoras\/\" aria-label=\"Leer m\u00e1s sobre Reuni\u00f3n de gerencia de Eden con Presidente Barrio Seminario de espacio p\u00fablico\">Leer m\u00e1s<\/a><\/p>\n","protected":false},"author":1,"featured_media":0,"comment_status":"open","ping_status":"open","sticky":false,"template":"","format":"standard","meta":{"_monsterinsights_skip_tracking":false,"_monsterinsights_sitenote_active":false,"_monsterinsights_sitenote_note":"","_monsterinsights_sitenote_category":0,"jetpack_post_was_ever_published":false,"_jetpack_newsletter_access":"","_jetpack_dont_email_post_to_subs":false,"_jetpack_newsletter_tier_id":0,"_jetpack_memberships_contains_paywalled_content":false,"_jetpack_memberships_contains_paid_content":false,"footnotes":"","jetpack_publicize_message":"","jetpack_publicize_feature_enabled":true,"jetpack_social_post_already_shared":false,"jetpack_social_options":{"image_generator_settings":{"template":"highway","default_image_id":0,"font":"","enabled":false},"version":2},"_wpas_customize_per_network":false},"categories":[5],"tags":[3692,3052,304,5445],"class_list":["post-33976","post","type-post","status-publish","format-standard","hentry","category-politica","tag-barrio-seminario","tag-carlos-mosso","tag-eden-mercedes","tag-reunion-de-gerencia-de-eden-con-presidente-barrio-seminario-por-mejoras","generate-columns","tablet-grid-50","mobile-grid-100","grid-parent","grid-50"],"jetpack_publicize_connections":[],"jetpack_featured_media_url":"","wps_subtitle":"Mejoras barriales ","jetpack_sharing_enabled":true,"_links":{"self":[{"href":"https:\/\/www.hoymercedes.com.ar\/principal\/wp-json\/wp\/v2\/posts\/33976","targetHints":{"allow":["GET"]}}],"collection":[{"href":"https:\/\/www.hoymercedes.com.ar\/principal\/wp-json\/wp\/v2\/posts"}],"about":[{"href":"https:\/\/www.hoymercedes.com.ar\/principal\/wp-json\/wp\/v2\/types\/post"}],"author":[{"embeddable":true,"href":"https:\/\/www.hoymercedes.com.ar\/principal\/wp-json\/wp\/v2\/users\/1"}],"replies":[{"embeddable":true,"href":"https:\/\/www.hoymercedes.com.ar\/principal\/wp-json\/wp\/v2\/comments?post=33976"}],"version-history":[{"count":0,"href":"https:\/\/www.hoymercedes.com.ar\/principal\/wp-json\/wp\/v2\/posts\/33976\/revisions"}],"wp:attachment":[{"href":"https:\/\/www.hoymercedes.com.ar\/principal\/wp-json\/wp\/v2\/media?parent=33976"}],"wp:term":[{"taxonomy":"category","embeddable":true,"href":"https:\/\/www.hoymercedes.com.ar\/principal\/wp-json\/wp\/v2\/categories?post=33976"},{"taxonomy":"post_tag","embeddable":true,"href":"https:\/\/www.hoymercedes.com.ar\/principal\/wp-json\/wp\/v2\/tags?post=33976"}],"curies":[{"name":"wp","href":"https:\/\/api.w.org\/{rel}","templated":true}]}}