{"id":33994,"date":"2014-06-18T19:15:18","date_gmt":"2014-06-18T22:15:18","guid":{"rendered":"http:\/\/www.hoymercedes.com.ar\/principal\/?p=33994"},"modified":"2014-06-18T19:22:32","modified_gmt":"2014-06-18T22:22:32","slug":"frente-mercedino-promueve-gestiones-para-comisaria-de-la-mujer","status":"publish","type":"post","link":"https:\/\/www.hoymercedes.com.ar\/principal\/2014\/06\/18\/frente-mercedino-promueve-gestiones-para-comisaria-de-la-mujer\/","title":{"rendered":"Frente Mercedino efect\u00faa gestiones  para \u00abComisaria de la Mujer\u00bb"},"content":{"rendered":"<p style=\"color: #000000;\"><a href=\"https:\/\/www.hoymercedes.com.ar\/principal\/wp-content\/uploads\/2014\/06\/AlbertoCuchoEspa\u00f1a.jpg\"><img loading=\"lazy\" decoding=\"async\" data-attachment-id=\"33995\" data-permalink=\"https:\/\/www.hoymercedes.com.ar\/principal\/2014\/06\/18\/frente-mercedino-promueve-gestiones-para-comisaria-de-la-mujer\/albertocuchoespana-2\/#main\" data-orig-file=\"https:\/\/www.hoymercedes.com.ar\/principal\/wp-content\/uploads\/2014\/06\/AlbertoCuchoEspa\u00f1a.jpg\" data-orig-size=\"620,413\" data-comments-opened=\"1\" data-image-meta=\"{&quot;aperture&quot;:&quot;5.6&quot;,&quot;credit&quot;:&quot;&quot;,&quot;camera&quot;:&quot;NIKON D80&quot;,&quot;caption&quot;:&quot;&quot;,&quot;created_timestamp&quot;:&quot;1350585940&quot;,&quot;copyright&quot;:&quot;&quot;,&quot;focal_length&quot;:&quot;65&quot;,&quot;iso&quot;:&quot;1600&quot;,&quot;shutter_speed&quot;:&quot;0.02&quot;,&quot;title&quot;:&quot;&quot;}\" data-image-title=\"AlbertoCuchoEspa\u00f1a\" data-image-description=\"\" data-image-caption=\"\" data-large-file=\"https:\/\/www.hoymercedes.com.ar\/principal\/wp-content\/uploads\/2014\/06\/AlbertoCuchoEspa\u00f1a.jpg\" class=\"Img2014 aligncenter wp-image-33995 size-full\" src=\"https:\/\/www.hoymercedes.com.ar\/principal\/wp-content\/uploads\/2014\/06\/AlbertoCuchoEspa\u00f1a.jpg\" alt=\"Cucho Espa\u00f1a - Mercedes, Buenos Aires\" width=\"620\" height=\"413\" \/><\/a><\/p>\n<p style=\"color: #000000;\"><em><strong><span lang=\"ES\">(FM) El Frente Mercedino para la Victoria, a trav\u00e9s del diputado provincial Alberto Espa\u00f1a (referente bonaerense), gestionar\u00e1 la creaci\u00f3n en la ciudad de una Comisar\u00eda de la Mujer y la Familia, seg\u00fan se acord\u00f3 en una reuni\u00f3n que el propio legislador mantuvo d\u00edas atr\u00e1s con el intendente Carlos Selva en la que, adem\u00e1s, se tocaron diversos temas de inter\u00e9s para los vecinos de Mercedes, entre ellos la apertura de una oficina del Instituto de Previsi\u00f3n Social (IPS).<\/span><\/strong><\/em><\/p>\n<p style=\"color: #000000;\"><span lang=\"ES\">\u201cHemos tenido un encuentro muy ameno y productivo con el intendente para que, desde mi lugar en la legislatura bonaerense, pueda intensificar algunas gestiones sobre diferentes puntos que necesita nuestra ciudad\u201d, dijo Espa\u00f1a.<\/span><\/p>\n<p style=\"color: #000000;\"><span lang=\"ES\">\u201cM\u00e1s all\u00e1 de que sostenemos una preocupaci\u00f3n permanente en todas las cuestiones vinculadas a Mercedes, como las reuniones que he mantenido con (el ministro de Salud, Alejandro) Collia o (el ministro de Infraestructura, Alejandro) Arl\u00eda por el hospital, la situaci\u00f3n del r\u00edo Luj\u00e1n o la ruta 41, es muy importante que podamos articular con el Ejecutivo comunal para ser m\u00e1s r\u00e1pidos y eficientes en la resoluci\u00f3n de los problemas\u201d, a\u00f1adi\u00f3 el diputado.<\/span><\/p>\n<p style=\"color: #000000;\"><span lang=\"ES\">De los temas conversados entre Espa\u00f1a y Selva, ambos decidieron darle prioridad a la apertura de una Comisar\u00eda de la Mujer y la Familia, proyecto por el que en la \u00faltima sesi\u00f3n del Honorable Concejo Deliberante se us\u00f3 la banca participativa a ra\u00edz de varios casos de violencia de g\u00e9nero sucedidos en los \u00faltimos tiempos; y tambi\u00e9n a la reapertura de una oficina del IPS en la ciudad.<\/span><\/p>\n<p style=\"color: #000000;\"><span lang=\"ES\">\u201cEn primer t\u00e9rmino voy a trabajar sobre la Comisar\u00eda de la Mujer y la Familia, por un lado; y tambi\u00e9n por la delegaci\u00f3n local del IPS. El intendente me cont\u00f3 sobre la existencia de un lugar ya determinado. Desde el Frente Mercedino ya avanzamos en una primera reuni\u00f3n con Mariano Cascallares (titular del organismo) y ahora tendr\u00e9 una nueva charla para interiorizarlo sobre la situaci\u00f3n y dar otro paso hacia la creaci\u00f3n de una oficina en Mercedes, que es muy necesaria\u201d, explic\u00f3.<\/span><\/p>\n<p style=\"color: #000000;\"><span lang=\"ES\">En el encuentro, llevado a cabo la semana pasada en el despacho del intendente, adem\u00e1s se tocaron los proyectos del Comit\u00e9 de Cuenca del r\u00edo Luj\u00e1n (una propuesta que Espa\u00f1a ya les present\u00f3 tanto al intendente como al ministro Arl\u00eda) y la situaci\u00f3n de la ruta provincial 41.<\/span><\/p>\n<p style=\"color: #000000;\"><span lang=\"ES\">\u201cPor lo pronto se ha llegado a un acuerdo para realizar, de inmediato, un programa de bacheo. Pero el compromiso saliente es la reparaci\u00f3n total del tramo que va de Mercedes a San Andr\u00e9s de Giles, una obra que comenzar\u00e1 en no m\u00e1s de 90 d\u00edas y se financiar\u00e1 con fondos del Profide\u201d, cont\u00f3 el edil.<\/span><\/p>\n<p style=\"color: #000000;\"><span lang=\"ES\">Espa\u00f1a record\u00f3 que mantiene \u201cuna relaci\u00f3n de contacto permanente con los vecinos de la Comisi\u00f3n de Usuarios Viales, como (Carlos) Mosso, para unir los esfuerzos y darle una soluci\u00f3n final a la ruta 41, que est\u00e1 en p\u00e9simo estado\u201d.<\/span><\/p>\n<p style=\"color: #000000;\"><span lang=\"ES\">Finalmente, el otro punto de acuerdo entre el diputado mercedino y el intendente fue la necesidad de articular entre provincia y municipio para la aplicaci\u00f3n de la Ley de Acceso Justo al H\u00e1bitat (un excelente proyecto de Espa\u00f1a aprobado por el Congreso bonaerense).<\/span><\/p>\n<p style=\"color: #000000;\"><span lang=\"ES\">\u201cCreemos que es una excelente herramienta para usar ante el grave d\u00e9ficit habitacional de Mercedes\u201d, concluy\u00f3 Espa\u00f1a.<\/span><\/p>\n<p style=\"color: #000000;\"><span style=\"color: #808080;\">Fuente: Frente Mercino<\/span><\/p>\n","protected":false},"excerpt":{"rendered":"<p>(FM) El Frente Mercedino para la Victoria, a trav\u00e9s del diputado provincial Alberto Espa\u00f1a (referente bonaerense), gestionar\u00e1 la creaci\u00f3n en &#8230; <a title=\"Frente Mercedino efect\u00faa gestiones  para \u00abComisaria de la Mujer\u00bb\" class=\"read-more\" href=\"https:\/\/www.hoymercedes.com.ar\/principal\/2014\/06\/18\/frente-mercedino-promueve-gestiones-para-comisaria-de-la-mujer\/\" aria-label=\"Leer m\u00e1s sobre Frente Mercedino efect\u00faa gestiones  para \u00abComisaria de la Mujer\u00bb\">Leer m\u00e1s<\/a><\/p>\n","protected":false},"author":1,"featured_media":0,"comment_status":"open","ping_status":"open","sticky":false,"template":"","format":"standard","meta":{"_monsterinsights_skip_tracking":false,"_monsterinsights_sitenote_active":false,"_monsterinsights_sitenote_note":"","_monsterinsights_sitenote_category":0,"jetpack_post_was_ever_published":false,"_jetpack_newsletter_access":"","_jetpack_dont_email_post_to_subs":false,"_jetpack_newsletter_tier_id":0,"_jetpack_memberships_contains_paywalled_content":false,"_jetpack_memberships_contains_paid_content":false,"footnotes":"","jetpack_publicize_message":"","jetpack_publicize_feature_enabled":true,"jetpack_social_post_already_shared":false,"jetpack_social_options":{"image_generator_settings":{"template":"highway","default_image_id":0,"font":"","enabled":false},"version":2},"_wpas_customize_per_network":false},"categories":[5],"tags":[5449,1204,5450,5451],"class_list":["post-33994","post","type-post","status-publish","format-standard","hentry","category-politica","tag-alberto-espana-diputado-provinial","tag-cucho-espana","tag-cucho-espena","tag-espana-diputado","generate-columns","tablet-grid-50","mobile-grid-100","grid-parent","grid-50"],"jetpack_publicize_connections":[],"jetpack_featured_media_url":"","wps_subtitle":"Tras reuni\u00f3n con Carlos Selva","jetpack_sharing_enabled":true,"_links":{"self":[{"href":"https:\/\/www.hoymercedes.com.ar\/principal\/wp-json\/wp\/v2\/posts\/33994","targetHints":{"allow":["GET"]}}],"collection":[{"href":"https:\/\/www.hoymercedes.com.ar\/principal\/wp-json\/wp\/v2\/posts"}],"about":[{"href":"https:\/\/www.hoymercedes.com.ar\/principal\/wp-json\/wp\/v2\/types\/post"}],"author":[{"embeddable":true,"href":"https:\/\/www.hoymercedes.com.ar\/principal\/wp-json\/wp\/v2\/users\/1"}],"replies":[{"embeddable":true,"href":"https:\/\/www.hoymercedes.com.ar\/principal\/wp-json\/wp\/v2\/comments?post=33994"}],"version-history":[{"count":0,"href":"https:\/\/www.hoymercedes.com.ar\/principal\/wp-json\/wp\/v2\/posts\/33994\/revisions"}],"wp:attachment":[{"href":"https:\/\/www.hoymercedes.com.ar\/principal\/wp-json\/wp\/v2\/media?parent=33994"}],"wp:term":[{"taxonomy":"category","embeddable":true,"href":"https:\/\/www.hoymercedes.com.ar\/principal\/wp-json\/wp\/v2\/categories?post=33994"},{"taxonomy":"post_tag","embeddable":true,"href":"https:\/\/www.hoymercedes.com.ar\/principal\/wp-json\/wp\/v2\/tags?post=33994"}],"curies":[{"name":"wp","href":"https:\/\/api.w.org\/{rel}","templated":true}]}}