{"id":34030,"date":"2014-06-19T10:22:44","date_gmt":"2014-06-19T13:22:44","guid":{"rendered":"http:\/\/www.hoymercedes.com.ar\/principal\/?p=34030"},"modified":"2014-06-19T10:27:49","modified_gmt":"2014-06-19T13:27:49","slug":"dematei-propone-crear-el-parlamento-de-la-tercera-edad-ciudadanos-de-honor","status":"publish","type":"post","link":"https:\/\/www.hoymercedes.com.ar\/principal\/2014\/06\/19\/dematei-propone-crear-el-parlamento-de-la-tercera-edad-ciudadanos-de-honor\/","title":{"rendered":"Dematei propone crear el \u00abParlamento de la Tercera Edad &#8211; Ciudadanos de Honor\u201d"},"content":{"rendered":"<p style=\"color: #222222;\"><a href=\"https:\/\/www.hoymercedes.com.ar\/principal\/wp-content\/uploads\/2014\/06\/MatiasDematei-AnsesMercedes.jpg\"><img loading=\"lazy\" decoding=\"async\" data-attachment-id=\"34031\" data-permalink=\"https:\/\/www.hoymercedes.com.ar\/principal\/2014\/06\/19\/dematei-propone-crear-el-parlamento-de-la-tercera-edad-ciudadanos-de-honor\/matiasdematei-ansesmercedes\/#main\" data-orig-file=\"https:\/\/www.hoymercedes.com.ar\/principal\/wp-content\/uploads\/2014\/06\/MatiasDematei-AnsesMercedes.jpg\" data-orig-size=\"620,465\" data-comments-opened=\"1\" data-image-meta=\"{&quot;aperture&quot;:&quot;0&quot;,&quot;credit&quot;:&quot;&quot;,&quot;camera&quot;:&quot;&quot;,&quot;caption&quot;:&quot;&quot;,&quot;created_timestamp&quot;:&quot;0&quot;,&quot;copyright&quot;:&quot;&quot;,&quot;focal_length&quot;:&quot;0&quot;,&quot;iso&quot;:&quot;0&quot;,&quot;shutter_speed&quot;:&quot;0&quot;,&quot;title&quot;:&quot;&quot;}\" data-image-title=\"MatiasDematei-PAMIMercedes\" data-image-description=\"\" data-image-caption=\"\" data-large-file=\"https:\/\/www.hoymercedes.com.ar\/principal\/wp-content\/uploads\/2014\/06\/MatiasDematei-AnsesMercedes.jpg\" class=\"Img2014 aligncenter wp-image-34031 size-full\" src=\"https:\/\/www.hoymercedes.com.ar\/principal\/wp-content\/uploads\/2014\/06\/MatiasDematei-AnsesMercedes.jpg\" alt=\"MatiasDematei-PAMIMercedes\" width=\"620\" height=\"465\" \/><\/a><\/p>\n<p style=\"color: #222222;\"><em><strong><span lang=\"ES\">(FM) Las ganas de participar, las inquietudes que exhiben y las actividades que organizan los abuelos llevaron al Frente Mercedino para la Victoria, a trav\u00e9s del concejal Mat\u00edas Dematei, a presentar un proyecto novedoso y creativo: la conformaci\u00f3n del Parlamento de la Tercera Edad \u201cCiudadanos de Honor\u201d, que podr\u00eda funcionar en el recinto del Honorable Concejo Deliberante.<\/span><\/strong><\/em><\/p>\n<p style=\"color: #222222;\"><span lang=\"ES\">\u201cCada d\u00eda que pasa, y a partir de las charlas que tengo con ellos, me convenzo m\u00e1s de la necesidad de conformar este Parlamento, porque los abuelos tienen el valor de la experiencia, ideas y un empuje maravilloso\u201d, explic\u00f3 Dematei.<\/span><\/p>\n<p style=\"color: #222222;\"><span lang=\"ES\">\u201cNo hay reuni\u00f3n en la que no me cuenten un proyecto, una propuesta, una idea para ellos y para Mercedes \u2013sigui\u00f3 Dematei, tambi\u00e9n director de la sede local del PAMI-. Generar un espacio institucional para su discusi\u00f3n y participaci\u00f3n nos va a significar un paso muy importante en la construcci\u00f3n de una ciudad mejor, que es lo que queremos todos los vecinos\u201d.<\/span><\/p>\n<p style=\"color: #222222;\"><span lang=\"ES\">Dematei record\u00f3 la importancia del trabajo que los abuelos desarrollan en los centros de jubilados y pensionados que existen en la ciudad; y tambi\u00e9n en las asociaciones cooperadoras de distintas instituciones.<\/span><\/p>\n<p style=\"color: #222222;\"><span lang=\"ES\">\u201cLos veo a diario. Ellos fueron art\u00edfices en la construcci\u00f3n de Mercedes y hoy tienen esa experiencia \u00fanica para aportar, adem\u00e1s de la sabidur\u00eda que dan los a\u00f1os; y tienen un empuje maravilloso. Ganas de hacer cosas, ganas de mejorar lo que ven mal, por ellos, por sus hijos, por sus nietos\u201d, finaliz\u00f3 el legislador.<\/span><\/p>\n<p style=\"color: #222222;\"><span lang=\"ES\">El texto del proyecto presentado por Dematei es el siguiente:<\/span><\/p>\n<p style=\"color: #222222;\"><span lang=\"ES\">VISTO:<\/span><\/p>\n<p style=\"color: #222222;\"><span lang=\"ES\">La necesidad de generar un espacio de debate de la TERCERA EDAD, como complemento necesario de la labor parlamentaria,<\/span><\/p>\n<p style=\"color: #222222;\"><span lang=\"ES\">CONSIDERANDO:<\/span><\/p>\n<p style=\"color: #222222;\"><span lang=\"ES\">Que es necesario abrir espacios a nuestros mayores para ejercicio de su ciudadan\u00eda.<\/span><\/p>\n<p style=\"color: #222222;\"><span lang=\"ES\">Que debemos revalorizar su experiencia en su funci\u00f3n de su integraci\u00f3n a las otras generaciones, promover su participaci\u00f3n activa en la consideraci\u00f3n y elaboraci\u00f3n de respuestas a su problem\u00e1tica.<\/span><\/p>\n<p style=\"color: #222222;\"><span lang=\"ES\">Por todo ello el Bloque de Concejales del FMPV presenta el siguiente proyecto de ORDENANZA<\/span><\/p>\n<p style=\"color: #222222;\"><span lang=\"ES\">Art\u00edculo 1: Cr\u00e9ase en el \u00e1mbito del Honorable Concejo Deliberante de Mercedes el Parlamento de la Tercera Edad, \u201cCiudadanos de Honor\u201d.<\/span><\/p>\n<p style=\"color: #222222;\"><span lang=\"ES\">Art\u00edculo 2: Estar\u00e1 integrado por:<\/span><\/p>\n<p style=\"color: #222222;\"><span lang=\"ES\">. Representantes de cada una de las Organizaciones no gubernamentales que nuclean a las personas de la tercera edad, que cumplan sus actividades y tengan su domicilio en la Ciudad de Mercedes, con Personeria Juridica.<\/span><\/p>\n<p style=\"color: #222222;\"><span lang=\"ES\">. Durar\u00e1n dos (2) a\u00f1os en sus funciones, pudiendo ser reelegidos pasando un periodo igual del que cesaron en su mandato.<\/span><\/p>\n<p style=\"color: #222222;\"><span lang=\"ES\">. Ser\u00e1n elegidos en Asamblea por Mayoria, en n\u00famero de dos (2) pudiendo recaer la elecci\u00f3n sobre miembros de la CD de la respectiva entidad.<\/span><\/p>\n<p style=\"color: #222222;\"><span lang=\"ES\">Art\u00edculo 3: El Parlamento Ciudadanos de Honor, ser\u00e1 presidido por un Consejo Directivo de cuatro miembros, elegidos por la mitad m\u00e1s uno de sus miembros y estar\u00e1 conformado por un Presidente, un Vice-Presidente y Dos Secretarios.<\/span><\/p>\n<p style=\"color: #222222;\"><span lang=\"ES\">Art\u00edculo 4: El Parlamento sesionar\u00e1 en el Recinto del Honorable Concejo Deliberante en los d\u00edas fijados por el Reglamento Interno del Parlamento<\/span><\/p>\n<p style=\"color: #222222;\"><span lang=\"ES\">Art\u00edculo 5: Una vez conformado el Parlamento deber\u00e1 redactar su propio Reglamento Interno en un plazo m\u00e1ximo de 45 d\u00edas desde su creaci\u00f3n.<\/span><\/p>\n<p><span style=\"color: #808080;\">Fuente: Frente Mercedino<\/span><\/p>\n<p>&nbsp;<\/p>\n<p>&nbsp;<\/p>\n<p>&nbsp;<\/p>\n<p>&nbsp;<\/p>\n<p>&nbsp;<\/p>\n<p>&nbsp;<\/p>\n","protected":false},"excerpt":{"rendered":"<p>(FM) Las ganas de participar, las inquietudes que exhiben y las actividades que organizan los abuelos llevaron al Frente Mercedino &#8230; <a title=\"Dematei propone crear el \u00abParlamento de la Tercera Edad &#8211; Ciudadanos de Honor\u201d\" class=\"read-more\" href=\"https:\/\/www.hoymercedes.com.ar\/principal\/2014\/06\/19\/dematei-propone-crear-el-parlamento-de-la-tercera-edad-ciudadanos-de-honor\/\" aria-label=\"Leer m\u00e1s sobre Dematei propone crear el \u00abParlamento de la Tercera Edad &#8211; Ciudadanos de Honor\u201d\">Leer m\u00e1s<\/a><\/p>\n","protected":false},"author":1,"featured_media":0,"comment_status":"open","ping_status":"open","sticky":false,"template":"","format":"standard","meta":{"_monsterinsights_skip_tracking":false,"_monsterinsights_sitenote_active":false,"_monsterinsights_sitenote_note":"","_monsterinsights_sitenote_category":0,"jetpack_post_was_ever_published":false,"_jetpack_newsletter_access":"","_jetpack_dont_email_post_to_subs":false,"_jetpack_newsletter_tier_id":0,"_jetpack_memberships_contains_paywalled_content":false,"_jetpack_memberships_contains_paid_content":false,"footnotes":"","jetpack_publicize_message":"","jetpack_publicize_feature_enabled":true,"jetpack_social_post_already_shared":false,"jetpack_social_options":{"image_generator_settings":{"template":"highway","default_image_id":0,"font":"","enabled":false},"version":2},"_wpas_customize_per_network":false},"categories":[5],"tags":[3810,500],"class_list":["post-34030","post","type-post","status-publish","format-standard","hentry","category-politica","tag-matias-dematei","tag-pami-mercedes","generate-columns","tablet-grid-50","mobile-grid-100","grid-parent","grid-50"],"jetpack_publicize_connections":[],"jetpack_featured_media_url":"","wps_subtitle":"Para los abuelos ","jetpack_sharing_enabled":true,"_links":{"self":[{"href":"https:\/\/www.hoymercedes.com.ar\/principal\/wp-json\/wp\/v2\/posts\/34030","targetHints":{"allow":["GET"]}}],"collection":[{"href":"https:\/\/www.hoymercedes.com.ar\/principal\/wp-json\/wp\/v2\/posts"}],"about":[{"href":"https:\/\/www.hoymercedes.com.ar\/principal\/wp-json\/wp\/v2\/types\/post"}],"author":[{"embeddable":true,"href":"https:\/\/www.hoymercedes.com.ar\/principal\/wp-json\/wp\/v2\/users\/1"}],"replies":[{"embeddable":true,"href":"https:\/\/www.hoymercedes.com.ar\/principal\/wp-json\/wp\/v2\/comments?post=34030"}],"version-history":[{"count":0,"href":"https:\/\/www.hoymercedes.com.ar\/principal\/wp-json\/wp\/v2\/posts\/34030\/revisions"}],"wp:attachment":[{"href":"https:\/\/www.hoymercedes.com.ar\/principal\/wp-json\/wp\/v2\/media?parent=34030"}],"wp:term":[{"taxonomy":"category","embeddable":true,"href":"https:\/\/www.hoymercedes.com.ar\/principal\/wp-json\/wp\/v2\/categories?post=34030"},{"taxonomy":"post_tag","embeddable":true,"href":"https:\/\/www.hoymercedes.com.ar\/principal\/wp-json\/wp\/v2\/tags?post=34030"}],"curies":[{"name":"wp","href":"https:\/\/api.w.org\/{rel}","templated":true}]}}