{"id":34047,"date":"2014-06-20T21:53:36","date_gmt":"2014-06-21T00:53:36","guid":{"rendered":"http:\/\/www.hoymercedes.com.ar\/principal\/?p=34047"},"modified":"2014-06-20T21:53:36","modified_gmt":"2014-06-21T00:53:36","slug":"bloques-opositores-piden-modificar-estacionamiento-medido-08-00hs-14-00hs","status":"publish","type":"post","link":"https:\/\/www.hoymercedes.com.ar\/principal\/2014\/06\/20\/bloques-opositores-piden-modificar-estacionamiento-medido-08-00hs-14-00hs\/","title":{"rendered":"Bloques opositores piden modificar estacionamiento medido: 08.00hs &#8211; 14.00hs"},"content":{"rendered":"<p><a href=\"https:\/\/www.hoymercedes.com.ar\/principal\/wp-content\/uploads\/2014\/06\/estacionamientomedido-mercedes.jpg\"><img loading=\"lazy\" decoding=\"async\" data-attachment-id=\"34048\" data-permalink=\"https:\/\/www.hoymercedes.com.ar\/principal\/2014\/06\/20\/bloques-opositores-piden-modificar-estacionamiento-medido-08-00hs-14-00hs\/estacionamientomedido-mercedes-5\/#main\" data-orig-file=\"https:\/\/www.hoymercedes.com.ar\/principal\/wp-content\/uploads\/2014\/06\/estacionamientomedido-mercedes.jpg\" data-orig-size=\"620,827\" data-comments-opened=\"1\" data-image-meta=\"{&quot;aperture&quot;:&quot;0&quot;,&quot;credit&quot;:&quot;&quot;,&quot;camera&quot;:&quot;&quot;,&quot;caption&quot;:&quot;&quot;,&quot;created_timestamp&quot;:&quot;0&quot;,&quot;copyright&quot;:&quot;&quot;,&quot;focal_length&quot;:&quot;0&quot;,&quot;iso&quot;:&quot;0&quot;,&quot;shutter_speed&quot;:&quot;0&quot;,&quot;title&quot;:&quot;&quot;}\" data-image-title=\"estacionamientomedido-mercedes\" data-image-description=\"\" data-image-caption=\"\" data-large-file=\"https:\/\/www.hoymercedes.com.ar\/principal\/wp-content\/uploads\/2014\/06\/estacionamientomedido-mercedes.jpg\" class=\"aligncenter size-full wp-image-34048\" src=\"https:\/\/www.hoymercedes.com.ar\/principal\/wp-content\/uploads\/2014\/06\/estacionamientomedido-mercedes.jpg\" alt=\"estacionamientomedido-mercedes\" width=\"620\" height=\"827\" srcset=\"https:\/\/www.hoymercedes.com.ar\/principal\/wp-content\/uploads\/2014\/06\/estacionamientomedido-mercedes.jpg 620w, https:\/\/www.hoymercedes.com.ar\/principal\/wp-content\/uploads\/2014\/06\/estacionamientomedido-mercedes-464x620.jpg 464w\" sizes=\"auto, (max-width: 620px) 100vw, 620px\" \/><\/a><\/p>\n<p><em><strong>Por Semanario D\u00e9cadas &#8211; En una conferencia de prensa brindada en el HCD, los concejales, de distintas fuerzas pol\u00edticas, Ben\u00edtez, Ustarroz y Cestari, manifestaron que pedir\u00e1n al Ejecutivo que eval\u00fae la posibilidad de acortar una hora el Estacionamiento, siendo este de 8 a 14hs.<\/strong><\/em><\/p>\n<p>Los tres ediles afirmaron en la conferencia que es una manera de facilitarle al propio intendente una herramienta o soluci\u00f3n al problema que ha tra\u00eddo la implementaci\u00f3n del estacionamiento en nuestra ciudad.<\/p>\n<p>Si bien hoy se cobra desde las 8hs hasta las 13hs y de 15 a 18hs, los concejales piden que se cobre desde las 8hs hasta las 14hs, siendo en esta oportunidad una hora menos de lo que habitualmente se cobra y entendiendo que luego de las 18hs, donde el estacionamiento es libre, las calles c\u00e9ntricas se vuelven un caos vehicular.<\/p>\n<p>Ben\u00edtez al respecto afirmaba: \u201cEn mi caso pienso que es una herramienta que vamos a entregar al ejecutivo para facilitarle la toma de decisiones acerca del contrato que firma la municipalidad con la empresa encargada del cobro del estacionamiento. Esto tiene como sentido achicar las horas de estacionamiento, es decir, tenerlo hasta la hora 14 y los s\u00e1bados por la ma\u00f1ana\u201d, y continuaba \u201ccreo que el intendente va a estar agradecido que el concejo deliberante proponga esta alternativa, que indudablemente lo va a beneficiar a \u00e9l, lo saca de una encrucijada. A los comerciantes les va a servir y la empresa no va a tener mayor significancia econ\u00f3mica\u201d.<\/p>\n<p>Ustarroz a su vez afirm\u00f3 que es un consenso entre las tres fuerzas pol\u00edticas y que se viene trabajando hace tiempo en el tema, y dec\u00eda: \u201cla propuesta es simple y concreta. Nosotros planteamos una unificaci\u00f3n con el tema del horario. Entendemos que es un paso hacia adelante, positivo. En nuestro caso sabemos que es una buena medida la del estacionamiento, pero que est\u00e1 mal implementada, por eso acompa\u00f1amos el proyecto\u201d.<\/p>\n<p>Adem\u00e1s trat\u00f3 el tema de los frentistas que se encuentran en los puntos lim\u00edtrofes con el estacionamiento, ya que son zonas donde se acumula un flujo vehicular muy importante y complica a quienes poseen sus domicilios en dicho lugar, para lo cual Ustarroz afirm\u00f3 que trabajaran en dicho tema.<\/p>\n<p>A su vez Cestari se mostr\u00f3 conforme con el consenso en este sentido, ya que se trata de distintas fuerzas pol\u00edticas, pero entiende que todos poseen diferentes miradas sobre lo que es gobernar, pero en este sentido trabajan juntos para el pueblo. \u201cCreemos que tenemos que trabajar sobre los consensos, y en este caso concreto coincidimos. Nos parece una herramienta fundamental para el poder ejecutivo. Ac\u00e1 el problema es el tr\u00e1nsito. Esta reducci\u00f3n implicar\u00eda una mejora en lo que a transito se refiere y fundamentalmente a los comerciantes, y a su vez en los clientes\u201d, conclu\u00eda el edil.<\/p>\n<p>Lo cierto es que el pr\u00f3ximo lunes estar\u00eda todo consensuado para tratar el tema en el Honorable Concejo Deliberante, y se espera de parte de las tres fuerzas que sea aprobado para el pronto despacho.<\/p>\n<p>&nbsp;<\/p>\n<p>&nbsp;<\/p>\n<p>&nbsp;<\/p>\n<p>&nbsp;<\/p>\n<p>&nbsp;<\/p>\n<p>&nbsp;<\/p>\n","protected":false},"excerpt":{"rendered":"<p>Por Semanario D\u00e9cadas &#8211; En una conferencia de prensa brindada en el HCD, los concejales, de distintas fuerzas pol\u00edticas, Ben\u00edtez, &#8230; <a title=\"Bloques opositores piden modificar estacionamiento medido: 08.00hs &#8211; 14.00hs\" class=\"read-more\" href=\"https:\/\/www.hoymercedes.com.ar\/principal\/2014\/06\/20\/bloques-opositores-piden-modificar-estacionamiento-medido-08-00hs-14-00hs\/\" aria-label=\"Leer m\u00e1s sobre Bloques opositores piden modificar estacionamiento medido: 08.00hs &#8211; 14.00hs\">Leer m\u00e1s<\/a><\/p>\n","protected":false},"author":1,"featured_media":0,"comment_status":"open","ping_status":"open","sticky":false,"template":"","format":"standard","meta":{"_monsterinsights_skip_tracking":false,"_monsterinsights_sitenote_active":false,"_monsterinsights_sitenote_note":"","_monsterinsights_sitenote_category":0,"jetpack_post_was_ever_published":false,"_jetpack_newsletter_access":"","_jetpack_dont_email_post_to_subs":false,"_jetpack_newsletter_tier_id":0,"_jetpack_memberships_contains_paywalled_content":false,"_jetpack_memberships_contains_paid_content":false,"footnotes":"","jetpack_publicize_message":"","jetpack_publicize_feature_enabled":true,"jetpack_social_post_already_shared":false,"jetpack_social_options":{"image_generator_settings":{"template":"highway","default_image_id":0,"font":"","enabled":false},"version":2},"_wpas_customize_per_network":false},"categories":[5],"tags":[4669],"class_list":["post-34047","post","type-post","status-publish","format-standard","hentry","category-politica","tag-estacionamiento-medido-mercedes","generate-columns","tablet-grid-50","mobile-grid-100","grid-parent","grid-50"],"jetpack_publicize_connections":[],"jetpack_featured_media_url":"","wps_subtitle":"Debate eterno ","jetpack_sharing_enabled":true,"_links":{"self":[{"href":"https:\/\/www.hoymercedes.com.ar\/principal\/wp-json\/wp\/v2\/posts\/34047","targetHints":{"allow":["GET"]}}],"collection":[{"href":"https:\/\/www.hoymercedes.com.ar\/principal\/wp-json\/wp\/v2\/posts"}],"about":[{"href":"https:\/\/www.hoymercedes.com.ar\/principal\/wp-json\/wp\/v2\/types\/post"}],"author":[{"embeddable":true,"href":"https:\/\/www.hoymercedes.com.ar\/principal\/wp-json\/wp\/v2\/users\/1"}],"replies":[{"embeddable":true,"href":"https:\/\/www.hoymercedes.com.ar\/principal\/wp-json\/wp\/v2\/comments?post=34047"}],"version-history":[{"count":0,"href":"https:\/\/www.hoymercedes.com.ar\/principal\/wp-json\/wp\/v2\/posts\/34047\/revisions"}],"wp:attachment":[{"href":"https:\/\/www.hoymercedes.com.ar\/principal\/wp-json\/wp\/v2\/media?parent=34047"}],"wp:term":[{"taxonomy":"category","embeddable":true,"href":"https:\/\/www.hoymercedes.com.ar\/principal\/wp-json\/wp\/v2\/categories?post=34047"},{"taxonomy":"post_tag","embeddable":true,"href":"https:\/\/www.hoymercedes.com.ar\/principal\/wp-json\/wp\/v2\/tags?post=34047"}],"curies":[{"name":"wp","href":"https:\/\/api.w.org\/{rel}","templated":true}]}}