{"id":34058,"date":"2014-06-20T23:48:21","date_gmt":"2014-06-21T02:48:21","guid":{"rendered":"http:\/\/www.hoymercedes.com.ar\/principal\/?p=34058"},"modified":"2014-06-20T23:48:21","modified_gmt":"2014-06-21T02:48:21","slug":"detienen-en-suipacha-a-mercedino-con-pedido-de-captura","status":"publish","type":"post","link":"https:\/\/www.hoymercedes.com.ar\/principal\/2014\/06\/20\/detienen-en-suipacha-a-mercedino-con-pedido-de-captura\/","title":{"rendered":"Detienen en Suipacha a mercedino con pedido de captura"},"content":{"rendered":"<p><a href=\"https:\/\/www.hoymercedes.com.ar\/principal\/wp-content\/uploads\/2014\/06\/ComisariaSuipacha.jpg\"><img loading=\"lazy\" decoding=\"async\" data-attachment-id=\"34059\" data-permalink=\"https:\/\/www.hoymercedes.com.ar\/principal\/2014\/06\/20\/detienen-en-suipacha-a-mercedino-con-pedido-de-captura\/comisariasuipacha\/#main\" data-orig-file=\"https:\/\/www.hoymercedes.com.ar\/principal\/wp-content\/uploads\/2014\/06\/ComisariaSuipacha.jpg\" data-orig-size=\"620,418\" data-comments-opened=\"1\" data-image-meta=\"{&quot;aperture&quot;:&quot;0&quot;,&quot;credit&quot;:&quot;&quot;,&quot;camera&quot;:&quot;&quot;,&quot;caption&quot;:&quot;&quot;,&quot;created_timestamp&quot;:&quot;0&quot;,&quot;copyright&quot;:&quot;&quot;,&quot;focal_length&quot;:&quot;0&quot;,&quot;iso&quot;:&quot;0&quot;,&quot;shutter_speed&quot;:&quot;0&quot;,&quot;title&quot;:&quot;&quot;}\" data-image-title=\"ComisariaSuipacha\" data-image-description=\"\" data-image-caption=\"\" data-large-file=\"https:\/\/www.hoymercedes.com.ar\/principal\/wp-content\/uploads\/2014\/06\/ComisariaSuipacha.jpg\" class=\"Img2014 aligncenter wp-image-34059 size-full\" src=\"https:\/\/www.hoymercedes.com.ar\/principal\/wp-content\/uploads\/2014\/06\/ComisariaSuipacha.jpg\" alt=\"ComisariaSuipacha\" width=\"620\" height=\"418\" \/><\/a><\/p>\n<p><em><strong>La detenci\u00f3n se llev\u00f3 a cabo durante la noche del jueves cerca de las 23.30hs en inmediaciones del hospital de la vecina localidad a manos de las fuerzas policiales suipachenses. All\u00ed se detect\u00f3 la presencia del mercedino de 22 a\u00f1os que se supo ten\u00eda pedido de captura\u00a0activo emitido por la justicia de nuestra ciudad.<\/strong><\/em><\/p>\n<p>Seg\u00fan informaron desde Suipacha, la detenci\u00f3n fue en inmediaciones del Hospital Municipal cerca de las 23.30hs<\/p>\n<p>Se trata de Miguel \u00c1ngel del Valle con domicilio en Mercedes y 22 a\u00f1os de edad un pedido de captura emitido por el Tribunal de Menores N\u00b02 del Departamento Judicial Mercedes.<\/p>\n<p>De esta manera el joven local qued\u00f3 a disposici\u00f3n de la justicia que evaluar\u00e1 su situaci\u00f3n.<\/p>\n<p><span style=\"color: #808080;\">Foto: Comisaria Suipacha &#8211; P\u00e1gina oficial Municpio<\/span><\/p>\n<p>&nbsp;<\/p>\n<p>&nbsp;<\/p>\n<p>&nbsp;<\/p>\n<p>&nbsp;<\/p>\n<p>&nbsp;<\/p>\n<p>&nbsp;<\/p>\n","protected":false},"excerpt":{"rendered":"<p>La detenci\u00f3n se llev\u00f3 a cabo durante la noche del jueves cerca de las 23.30hs en inmediaciones del hospital de &#8230; <a title=\"Detienen en Suipacha a mercedino con pedido de captura\" class=\"read-more\" href=\"https:\/\/www.hoymercedes.com.ar\/principal\/2014\/06\/20\/detienen-en-suipacha-a-mercedino-con-pedido-de-captura\/\" aria-label=\"Leer m\u00e1s sobre Detienen en Suipacha a mercedino con pedido de captura\">Leer m\u00e1s<\/a><\/p>\n","protected":false},"author":1,"featured_media":0,"comment_status":"open","ping_status":"open","sticky":false,"template":"","format":"standard","meta":{"_monsterinsights_skip_tracking":false,"_monsterinsights_sitenote_active":false,"_monsterinsights_sitenote_note":"","_monsterinsights_sitenote_category":0,"jetpack_post_was_ever_published":false,"_jetpack_newsletter_access":"","_jetpack_dont_email_post_to_subs":false,"_jetpack_newsletter_tier_id":0,"_jetpack_memberships_contains_paywalled_content":false,"_jetpack_memberships_contains_paid_content":false,"footnotes":"","jetpack_publicize_message":"","jetpack_publicize_feature_enabled":true,"jetpack_social_post_already_shared":false,"jetpack_social_options":{"image_generator_settings":{"template":"highway","default_image_id":0,"font":"","enabled":false},"version":2},"_wpas_customize_per_network":false},"categories":[85],"tags":[5464,5465,5463,3424],"class_list":["post-34058","post","type-post","status-publish","format-standard","hentry","category-policial","tag-municipio-de-suipacha","tag-pedido-de-captura-mercedino","tag-policia-suipacha","tag-policiales-mercedes","generate-columns","tablet-grid-50","mobile-grid-100","grid-parent","grid-50"],"jetpack_publicize_connections":[],"jetpack_featured_media_url":"","wps_subtitle":"Jueves a la noche","jetpack_sharing_enabled":true,"_links":{"self":[{"href":"https:\/\/www.hoymercedes.com.ar\/principal\/wp-json\/wp\/v2\/posts\/34058","targetHints":{"allow":["GET"]}}],"collection":[{"href":"https:\/\/www.hoymercedes.com.ar\/principal\/wp-json\/wp\/v2\/posts"}],"about":[{"href":"https:\/\/www.hoymercedes.com.ar\/principal\/wp-json\/wp\/v2\/types\/post"}],"author":[{"embeddable":true,"href":"https:\/\/www.hoymercedes.com.ar\/principal\/wp-json\/wp\/v2\/users\/1"}],"replies":[{"embeddable":true,"href":"https:\/\/www.hoymercedes.com.ar\/principal\/wp-json\/wp\/v2\/comments?post=34058"}],"version-history":[{"count":0,"href":"https:\/\/www.hoymercedes.com.ar\/principal\/wp-json\/wp\/v2\/posts\/34058\/revisions"}],"wp:attachment":[{"href":"https:\/\/www.hoymercedes.com.ar\/principal\/wp-json\/wp\/v2\/media?parent=34058"}],"wp:term":[{"taxonomy":"category","embeddable":true,"href":"https:\/\/www.hoymercedes.com.ar\/principal\/wp-json\/wp\/v2\/categories?post=34058"},{"taxonomy":"post_tag","embeddable":true,"href":"https:\/\/www.hoymercedes.com.ar\/principal\/wp-json\/wp\/v2\/tags?post=34058"}],"curies":[{"name":"wp","href":"https:\/\/api.w.org\/{rel}","templated":true}]}}