{"id":34104,"date":"2014-06-22T13:01:36","date_gmt":"2014-06-22T16:01:36","guid":{"rendered":"http:\/\/www.hoymercedes.com.ar\/principal\/?p=34104"},"modified":"2014-06-22T13:01:36","modified_gmt":"2014-06-22T16:01:36","slug":"mariano-castelucci-busca-incentivar-solidaridad-ante-la-emergencia-en-el-barrio-marchetti","status":"publish","type":"post","link":"https:\/\/www.hoymercedes.com.ar\/principal\/2014\/06\/22\/mariano-castelucci-busca-incentivar-solidaridad-ante-la-emergencia-en-el-barrio-marchetti\/","title":{"rendered":"Mariano Castelucci busca incentivar solidaridad ante la emergencia en el Barrio Marchetti"},"content":{"rendered":"<p><a href=\"https:\/\/www.hoymercedes.com.ar\/principal\/wp-content\/uploads\/2014\/06\/Castelucci-donaciones-I.jpg\"><img loading=\"lazy\" decoding=\"async\" data-attachment-id=\"34105\" data-permalink=\"https:\/\/www.hoymercedes.com.ar\/principal\/2014\/06\/22\/mariano-castelucci-busca-incentivar-solidaridad-ante-la-emergencia-en-el-barrio-marchetti\/castelucci-donaciones-i\/#main\" data-orig-file=\"https:\/\/www.hoymercedes.com.ar\/principal\/wp-content\/uploads\/2014\/06\/Castelucci-donaciones-I.jpg\" data-orig-size=\"620,465\" data-comments-opened=\"1\" data-image-meta=\"{&quot;aperture&quot;:&quot;0&quot;,&quot;credit&quot;:&quot;&quot;,&quot;camera&quot;:&quot;&quot;,&quot;caption&quot;:&quot;&quot;,&quot;created_timestamp&quot;:&quot;0&quot;,&quot;copyright&quot;:&quot;&quot;,&quot;focal_length&quot;:&quot;0&quot;,&quot;iso&quot;:&quot;0&quot;,&quot;shutter_speed&quot;:&quot;0&quot;,&quot;title&quot;:&quot;&quot;}\" data-image-title=\"Castelucci-donaciones-I\" data-image-description=\"\" data-image-caption=\"\" data-large-file=\"https:\/\/www.hoymercedes.com.ar\/principal\/wp-content\/uploads\/2014\/06\/Castelucci-donaciones-I.jpg\" class=\"Img2014 aligncenter wp-image-34105 size-full\" src=\"https:\/\/www.hoymercedes.com.ar\/principal\/wp-content\/uploads\/2014\/06\/Castelucci-donaciones-I.jpg\" alt=\"Castelucci-donaciones-I\" width=\"620\" height=\"465\" \/><\/a><\/p>\n<p><strong><em>La Agrupaci\u00f3n \u00abArturo Jauretche\u00bb llev\u00f3 a cabo la semana que pas\u00f3 la distribuci\u00f3n de elementos donados que \u00a0recolectaron en el \u00faltimo tiempo con el objetivo de aportar ayuda a los afectados por las crecidas del R\u00edo y temporales vividos. Como se sabe el agua baja, pero, los problemas quedan. El espacio pol\u00edotico es conducido por el escribano Mariano Castelucci.\u00a0<\/em><\/strong><\/p>\n<p><span style=\"color: #000000;\">El pasado s\u00e1bado 14 de junio, Mariano Castelucci junto a la juventud de la agrupaci\u00f3n que lidera, hicieron efectiva la entrega de ropa y alimentos no perecederos al Barrio Marchetti, luego de la dif\u00edcil situaci\u00f3n por la que atravesaron los vecinos a causa del temporal y la crecida del R\u00edo Luj\u00e1n.\u00a0<a href=\"https:\/\/www.hoymercedes.com.ar\/principal\/wp-content\/uploads\/2014\/06\/Castelucci-donaciones-II.jpg\"><img loading=\"lazy\" decoding=\"async\" data-attachment-id=\"34106\" data-permalink=\"https:\/\/www.hoymercedes.com.ar\/principal\/2014\/06\/22\/mariano-castelucci-busca-incentivar-solidaridad-ante-la-emergencia-en-el-barrio-marchetti\/castelucci-donaciones-ii\/#main\" data-orig-file=\"https:\/\/www.hoymercedes.com.ar\/principal\/wp-content\/uploads\/2014\/06\/Castelucci-donaciones-II.jpg\" data-orig-size=\"620,465\" data-comments-opened=\"1\" data-image-meta=\"{&quot;aperture&quot;:&quot;0&quot;,&quot;credit&quot;:&quot;&quot;,&quot;camera&quot;:&quot;&quot;,&quot;caption&quot;:&quot;&quot;,&quot;created_timestamp&quot;:&quot;0&quot;,&quot;copyright&quot;:&quot;&quot;,&quot;focal_length&quot;:&quot;0&quot;,&quot;iso&quot;:&quot;0&quot;,&quot;shutter_speed&quot;:&quot;0&quot;,&quot;title&quot;:&quot;&quot;}\" data-image-title=\"Castelucci-donaciones-II\" data-image-description=\"\" data-image-caption=\"\" data-large-file=\"https:\/\/www.hoymercedes.com.ar\/principal\/wp-content\/uploads\/2014\/06\/Castelucci-donaciones-II.jpg\" class=\"Img2014 aligncenter wp-image-34106 size-full\" src=\"https:\/\/www.hoymercedes.com.ar\/principal\/wp-content\/uploads\/2014\/06\/Castelucci-donaciones-II.jpg\" alt=\"Castelucci-donaciones-II\" width=\"620\" height=\"465\" \/><\/a><\/span><\/p>\n<div style=\"color: #000000;\"><\/div>\n<div style=\"color: #000000;\">La ayuda recibida, fue recepcionada con gran alegr\u00eda por los vecinos ante la numerosa cantidad de art\u00edculos juntados.<\/div>\n<div style=\"color: #000000;\"><\/div>\n<div style=\"color: #000000;\">Castelucci, con profunda satisfacci\u00f3n, asegur\u00f3: \u00abEstoy feliz por el compromiso demostrado entre los vecinos\u00bb. El escribano y ex presidente del Honorable Concejo deliberante, remarc\u00f3: \u00abTrabajando juntos, podemos lograr cambios\u00bb.<\/div>\n<div style=\"color: #000000;\"><\/div>\n<div style=\"color: #000000;\"><img loading=\"lazy\" decoding=\"async\" data-attachment-id=\"34107\" data-permalink=\"https:\/\/www.hoymercedes.com.ar\/principal\/2014\/06\/22\/mariano-castelucci-busca-incentivar-solidaridad-ante-la-emergencia-en-el-barrio-marchetti\/castelucci-donaciones-iii\/#main\" data-orig-file=\"https:\/\/www.hoymercedes.com.ar\/principal\/wp-content\/uploads\/2014\/06\/Castelucci-donaciones-III.jpg\" data-orig-size=\"620,827\" data-comments-opened=\"1\" data-image-meta=\"{&quot;aperture&quot;:&quot;0&quot;,&quot;credit&quot;:&quot;&quot;,&quot;camera&quot;:&quot;&quot;,&quot;caption&quot;:&quot;&quot;,&quot;created_timestamp&quot;:&quot;0&quot;,&quot;copyright&quot;:&quot;&quot;,&quot;focal_length&quot;:&quot;0&quot;,&quot;iso&quot;:&quot;0&quot;,&quot;shutter_speed&quot;:&quot;0&quot;,&quot;title&quot;:&quot;&quot;}\" data-image-title=\"Castelucci-donaciones-III\" data-image-description=\"\" data-image-caption=\"\" data-large-file=\"https:\/\/www.hoymercedes.com.ar\/principal\/wp-content\/uploads\/2014\/06\/Castelucci-donaciones-III.jpg\" class=\"Img2014 aligncenter wp-image-34107 size-medium\" src=\"https:\/\/www.hoymercedes.com.ar\/principal\/wp-content\/uploads\/2014\/06\/Castelucci-donaciones-III-464x620.jpg\" alt=\"Castelucci-donaciones-III\" width=\"464\" height=\"620\" srcset=\"https:\/\/www.hoymercedes.com.ar\/principal\/wp-content\/uploads\/2014\/06\/Castelucci-donaciones-III-464x620.jpg 464w, https:\/\/www.hoymercedes.com.ar\/principal\/wp-content\/uploads\/2014\/06\/Castelucci-donaciones-III.jpg 620w\" sizes=\"auto, (max-width: 464px) 100vw, 464px\" \/><\/div>\n<div style=\"color: #000000;\"><\/div>\n<div style=\"color: #000000;\"><\/div>\n<div style=\"color: #000000;\"><\/div>\n","protected":false},"excerpt":{"rendered":"<p>La Agrupaci\u00f3n \u00abArturo Jauretche\u00bb llev\u00f3 a cabo la semana que pas\u00f3 la distribuci\u00f3n de elementos donados que \u00a0recolectaron en el &#8230; <a title=\"Mariano Castelucci busca incentivar solidaridad ante la emergencia en el Barrio Marchetti\" class=\"read-more\" href=\"https:\/\/www.hoymercedes.com.ar\/principal\/2014\/06\/22\/mariano-castelucci-busca-incentivar-solidaridad-ante-la-emergencia-en-el-barrio-marchetti\/\" aria-label=\"Leer m\u00e1s sobre Mariano Castelucci busca incentivar solidaridad ante la emergencia en el Barrio Marchetti\">Leer m\u00e1s<\/a><\/p>\n","protected":false},"author":1,"featured_media":0,"comment_status":"open","ping_status":"open","sticky":false,"template":"","format":"standard","meta":{"_monsterinsights_skip_tracking":false,"_monsterinsights_sitenote_active":false,"_monsterinsights_sitenote_note":"","_monsterinsights_sitenote_category":0,"jetpack_post_was_ever_published":false,"_jetpack_newsletter_access":"","_jetpack_dont_email_post_to_subs":false,"_jetpack_newsletter_tier_id":0,"_jetpack_memberships_contains_paywalled_content":false,"_jetpack_memberships_contains_paid_content":false,"footnotes":"","jetpack_publicize_message":"","jetpack_publicize_feature_enabled":true,"jetpack_social_post_already_shared":false,"jetpack_social_options":{"image_generator_settings":{"template":"highway","default_image_id":0,"font":"","enabled":false},"version":2},"_wpas_customize_per_network":false},"categories":[5],"tags":[5037,5475,513],"class_list":["post-34104","post","type-post","status-publish","format-standard","hentry","category-politica","tag-agrupacion-arturo-jauretche","tag-donacion-inundados","tag-mariano-castelucci","generate-columns","tablet-grid-50","mobile-grid-100","grid-parent","grid-50"],"jetpack_publicize_connections":[],"jetpack_featured_media_url":"","wps_subtitle":"Barrios mercedinos","jetpack_sharing_enabled":true,"_links":{"self":[{"href":"https:\/\/www.hoymercedes.com.ar\/principal\/wp-json\/wp\/v2\/posts\/34104","targetHints":{"allow":["GET"]}}],"collection":[{"href":"https:\/\/www.hoymercedes.com.ar\/principal\/wp-json\/wp\/v2\/posts"}],"about":[{"href":"https:\/\/www.hoymercedes.com.ar\/principal\/wp-json\/wp\/v2\/types\/post"}],"author":[{"embeddable":true,"href":"https:\/\/www.hoymercedes.com.ar\/principal\/wp-json\/wp\/v2\/users\/1"}],"replies":[{"embeddable":true,"href":"https:\/\/www.hoymercedes.com.ar\/principal\/wp-json\/wp\/v2\/comments?post=34104"}],"version-history":[{"count":0,"href":"https:\/\/www.hoymercedes.com.ar\/principal\/wp-json\/wp\/v2\/posts\/34104\/revisions"}],"wp:attachment":[{"href":"https:\/\/www.hoymercedes.com.ar\/principal\/wp-json\/wp\/v2\/media?parent=34104"}],"wp:term":[{"taxonomy":"category","embeddable":true,"href":"https:\/\/www.hoymercedes.com.ar\/principal\/wp-json\/wp\/v2\/categories?post=34104"},{"taxonomy":"post_tag","embeddable":true,"href":"https:\/\/www.hoymercedes.com.ar\/principal\/wp-json\/wp\/v2\/tags?post=34104"}],"curies":[{"name":"wp","href":"https:\/\/api.w.org\/{rel}","templated":true}]}}