{"id":34183,"date":"2014-06-24T13:14:54","date_gmt":"2014-06-24T16:14:54","guid":{"rendered":"http:\/\/www.hoymercedes.com.ar\/principal\/?p=34183"},"modified":"2014-06-24T13:14:54","modified_gmt":"2014-06-24T16:14:54","slug":"policiales-varias-detenciones-y-actuaciones-de-la-comunal","status":"publish","type":"post","link":"https:\/\/www.hoymercedes.com.ar\/principal\/2014\/06\/24\/policiales-varias-detenciones-y-actuaciones-de-la-comunal\/","title":{"rendered":"Policiales: varias detenciones y actuaciones de la Comunal"},"content":{"rendered":"<p><a href=\"https:\/\/www.hoymercedes.com.ar\/principal\/wp-content\/uploads\/2014\/06\/policiabonaerense1.jpg\"><img loading=\"lazy\" decoding=\"async\" data-attachment-id=\"34184\" data-permalink=\"https:\/\/www.hoymercedes.com.ar\/principal\/2014\/06\/24\/policiales-varias-detenciones-y-actuaciones-de-la-comunal\/policiabonaerense-6\/#main\" data-orig-file=\"https:\/\/www.hoymercedes.com.ar\/principal\/wp-content\/uploads\/2014\/06\/policiabonaerense1.jpg\" data-orig-size=\"620,152\" data-comments-opened=\"1\" data-image-meta=\"{&quot;aperture&quot;:&quot;0&quot;,&quot;credit&quot;:&quot;&quot;,&quot;camera&quot;:&quot;&quot;,&quot;caption&quot;:&quot;&quot;,&quot;created_timestamp&quot;:&quot;0&quot;,&quot;copyright&quot;:&quot;&quot;,&quot;focal_length&quot;:&quot;0&quot;,&quot;iso&quot;:&quot;0&quot;,&quot;shutter_speed&quot;:&quot;0&quot;,&quot;title&quot;:&quot;&quot;}\" data-image-title=\"policiabonaerense\" data-image-description=\"\" data-image-caption=\"\" data-large-file=\"https:\/\/www.hoymercedes.com.ar\/principal\/wp-content\/uploads\/2014\/06\/policiabonaerense1.jpg\" class=\"img2014 aligncenter wp-image-34184 size-full\" src=\"https:\/\/www.hoymercedes.com.ar\/principal\/wp-content\/uploads\/2014\/06\/policiabonaerense1.jpg\" alt=\"policiabonaerense\" width=\"620\" height=\"152\" \/><\/a><\/p>\n<p><em><strong>Durante los d\u00edas que pasaron la Polic\u00eda de Mercedes lleg\u00f3 a cabo varias detenciones y actuaciones. Entre ella la de un sujeto con pedido de captura por haber logrado evadirse de la c\u00e1rcel de Campana. Tambi\u00e9n un vendedor ambulante y un robo efectuado en el Hospital Dubarry.<\/strong><\/em><\/p>\n<p><strong>Evadi\u00f3 la c\u00e1rcel<\/strong><\/p>\n<p>Un joven de la ciudad de Lujan, que se hab\u00eda evadido de la Unidad Carcelaria N\u00ba 41 de Campana, fue detenido en el partido de Mercedes. Todo ocurri\u00f3 cuando Polic\u00edas locales que llevaban a cabo un operativo de interceptaci\u00f3n de veh\u00edculos cerca de la estaci\u00f3n de peajes de Olivera, demoran a un auto Chevrolet Corsa, en el que iban tres personas; luego de serle requeridos a estos la documentaci\u00f3n personal, pudieron determinar que uno de ellos, m\u00e1s espec\u00edficamente el joven llamado Jonathan Bases, de 20 a\u00f1os, domiciliado en esa ciudad, ten\u00eda pedido de captura del a\u00f1o pasado, por lo que de inmediato fue detenido.<\/p>\n<p><strong>Vendedor ambulante<\/strong><\/p>\n<p>El vendedor se hac\u00eda pasar por empleado municipal y ofrec\u00eda bolsas de residuos por las inmediaciones de calles 38 y 9, dici\u00e9ndoles a los vecinos que si no le compraban, el cami\u00f3n recolector no levantar\u00eda la basura que dejaban en el lugar. Es as\u00ed que uno de los vecinos dio aviso a la Polic\u00eda, siendo demorado el joven Javier Medina, de 35 a\u00f1os, el que posee domicilio en la ciudad de Malvinas Argentinas. Luego estos funcionarios se entrevistaron con quien los habr\u00eda llamado, el que, mostr\u00e1ndose con mucho miedo, manifest\u00f3 haber sido \u201capurado\u201d por esa persona para que le compre bolsas. De inmediato los Polic\u00edas trasladaron al joven a la Comisaria, poni\u00e9ndolo a disposici\u00f3n del Fiscal, quien inici\u00f3 una causa caratulada \u201cEstafa\u201d.<\/p>\n<p><strong>Robo en el Hospital<\/strong><\/p>\n<p>Esto ocurri\u00f3 hace cerca de diez d\u00edas cuando un joven llamado Ricardo, de 23 a\u00f1os, roba un televisor de una de las oficinas de radiolog\u00eda del Hospital Blas L Dubarry, lo que fue advertido por uno de los empleados, quien dio aviso al Polic\u00eda que cubr\u00eda el servicio de seguridad en el lugar, y as\u00ed \u00e9ste efectivo, con la ayuda de otros Polic\u00edas a quienes les hab\u00eda dado aviso, comenzaron a buscar a ese sujeto, logrando detenerlo a pocos metros del lugar, pudiendo secuestrar tambi\u00e9n el televisor robado. De esta forma los Polic\u00edas iniciaron una causa penal caratulada \u201cRobo\u201d, con intervenci\u00f3n de la Fiscal\u00eda local en turno.<\/p>\n<p>&nbsp;<\/p>\n<p>&nbsp;<\/p>\n<p>&nbsp;<\/p>\n","protected":false},"excerpt":{"rendered":"<p>Durante los d\u00edas que pasaron la Polic\u00eda de Mercedes lleg\u00f3 a cabo varias detenciones y actuaciones. Entre ella la de &#8230; <a title=\"Policiales: varias detenciones y actuaciones de la Comunal\" class=\"read-more\" href=\"https:\/\/www.hoymercedes.com.ar\/principal\/2014\/06\/24\/policiales-varias-detenciones-y-actuaciones-de-la-comunal\/\" aria-label=\"Leer m\u00e1s sobre Policiales: varias detenciones y actuaciones de la Comunal\">Leer m\u00e1s<\/a><\/p>\n","protected":false},"author":1,"featured_media":0,"comment_status":"open","ping_status":"open","sticky":false,"template":"","format":"standard","meta":{"_monsterinsights_skip_tracking":false,"_monsterinsights_sitenote_active":false,"_monsterinsights_sitenote_note":"","_monsterinsights_sitenote_category":0,"jetpack_post_was_ever_published":false,"_jetpack_newsletter_access":"","_jetpack_dont_email_post_to_subs":false,"_jetpack_newsletter_tier_id":0,"_jetpack_memberships_contains_paywalled_content":false,"_jetpack_memberships_contains_paid_content":false,"footnotes":"","jetpack_publicize_message":"","jetpack_publicize_feature_enabled":true,"jetpack_social_post_already_shared":false,"jetpack_social_options":{"image_generator_settings":{"template":"highway","default_image_id":0,"font":"","enabled":false},"version":2},"_wpas_customize_per_network":false},"categories":[85],"tags":[804,3424],"class_list":["post-34183","post","type-post","status-publish","format-standard","hentry","category-policial","tag-policia-bonaerense","tag-policiales-mercedes","generate-columns","tablet-grid-50","mobile-grid-100","grid-parent","grid-50"],"jetpack_publicize_connections":[],"jetpack_featured_media_url":"","wps_subtitle":"Hechos delictivos","jetpack_sharing_enabled":true,"_links":{"self":[{"href":"https:\/\/www.hoymercedes.com.ar\/principal\/wp-json\/wp\/v2\/posts\/34183","targetHints":{"allow":["GET"]}}],"collection":[{"href":"https:\/\/www.hoymercedes.com.ar\/principal\/wp-json\/wp\/v2\/posts"}],"about":[{"href":"https:\/\/www.hoymercedes.com.ar\/principal\/wp-json\/wp\/v2\/types\/post"}],"author":[{"embeddable":true,"href":"https:\/\/www.hoymercedes.com.ar\/principal\/wp-json\/wp\/v2\/users\/1"}],"replies":[{"embeddable":true,"href":"https:\/\/www.hoymercedes.com.ar\/principal\/wp-json\/wp\/v2\/comments?post=34183"}],"version-history":[{"count":0,"href":"https:\/\/www.hoymercedes.com.ar\/principal\/wp-json\/wp\/v2\/posts\/34183\/revisions"}],"wp:attachment":[{"href":"https:\/\/www.hoymercedes.com.ar\/principal\/wp-json\/wp\/v2\/media?parent=34183"}],"wp:term":[{"taxonomy":"category","embeddable":true,"href":"https:\/\/www.hoymercedes.com.ar\/principal\/wp-json\/wp\/v2\/categories?post=34183"},{"taxonomy":"post_tag","embeddable":true,"href":"https:\/\/www.hoymercedes.com.ar\/principal\/wp-json\/wp\/v2\/tags?post=34183"}],"curies":[{"name":"wp","href":"https:\/\/api.w.org\/{rel}","templated":true}]}}