{"id":34186,"date":"2014-06-24T16:03:26","date_gmt":"2014-06-24T19:03:26","guid":{"rendered":"http:\/\/www.hoymercedes.com.ar\/principal\/?p=34186"},"modified":"2014-06-24T16:03:26","modified_gmt":"2014-06-24T19:03:26","slug":"sabrina-selva-a-la-campora-no-le-preocupa-que-los-chicos-no-coman-en-las-escuelas","status":"publish","type":"post","link":"https:\/\/www.hoymercedes.com.ar\/principal\/2014\/06\/24\/sabrina-selva-a-la-campora-no-le-preocupa-que-los-chicos-no-coman-en-las-escuelas\/","title":{"rendered":"Sabrina Selva: \u201cA La C\u00e1mpora no le preocupa que los chicos no coman en las escuelas\u201d"},"content":{"rendered":"<p><a href=\"https:\/\/www.hoymercedes.com.ar\/principal\/wp-content\/uploads\/2014\/06\/sabrinaselva.jpg\"><img loading=\"lazy\" decoding=\"async\" data-attachment-id=\"34187\" data-permalink=\"https:\/\/www.hoymercedes.com.ar\/principal\/2014\/06\/24\/sabrina-selva-a-la-campora-no-le-preocupa-que-los-chicos-no-coman-en-las-escuelas\/sabrinaselva-3\/#main\" data-orig-file=\"https:\/\/www.hoymercedes.com.ar\/principal\/wp-content\/uploads\/2014\/06\/sabrinaselva.jpg\" data-orig-size=\"620,380\" data-comments-opened=\"1\" data-image-meta=\"{&quot;aperture&quot;:&quot;0&quot;,&quot;credit&quot;:&quot;&quot;,&quot;camera&quot;:&quot;&quot;,&quot;caption&quot;:&quot;&quot;,&quot;created_timestamp&quot;:&quot;0&quot;,&quot;copyright&quot;:&quot;&quot;,&quot;focal_length&quot;:&quot;0&quot;,&quot;iso&quot;:&quot;0&quot;,&quot;shutter_speed&quot;:&quot;0&quot;,&quot;title&quot;:&quot;&quot;}\" data-image-title=\"sabrinaselva\" data-image-description=\"\" data-image-caption=\"\" data-large-file=\"https:\/\/www.hoymercedes.com.ar\/principal\/wp-content\/uploads\/2014\/06\/sabrinaselva.jpg\" class=\"Img2014 aligncenter wp-image-34187 size-full\" src=\"https:\/\/www.hoymercedes.com.ar\/principal\/wp-content\/uploads\/2014\/06\/sabrinaselva.jpg\" alt=\"sabrinaselva\" width=\"620\" height=\"380\" \/><\/a><\/p>\n<p><em><strong>(FR) En la sesi\u00f3n del pasado lunes en el Concejo Deliberante el Frente Renovador pudo aprobar un proyecto de ordenanza en rechazo al recorte de casi el 30 por ciento que hizo el gobierno de la provincia de Buenos Aires en los cupos de los comedores escolares, pero lo m\u00e1s llamativo fue el no acompa\u00f1amiento de parte de los concejales de La C\u00e1mpora.<\/strong><\/em><\/p>\n<p>La situaci\u00f3n que se ha generado en la provincia con los comedores escolares es muy delicada. Es tan as\u00ed que hoy hay presentado un recurso de amparo por parte de un diputado provincial y hasta un pedido de investigaci\u00f3n solicitado por los gremios docentes. El gobierno de Scioli recort\u00f3 un 20,8 % la cantidad de cupos para comedores, un 22,9 la cantidad de desayunos y meriendas completas, un 23,15 la merienda simple adolescente y un 24,6 la merienda doble adolescente.<\/p>\n<p>\u201cEn nuestra ciudad en particular se quitaron m\u00e1s de 1.700 cupos. Y es el municipio el que est\u00e1 asistiendo los comedores escolares. Tambi\u00e9n es el municipio el que tuvo que destinar un lugar municipal para que funcione el Consejo Escolar porque la provincia dej\u00f3 de pagar los alquileres del lugar donde funcionaba hasta estos d\u00edas\u201d, sostuvo la concejal del Frente Renovador Sabrina Selva, autora del proyecto.<\/p>\n<p>Pero lo m\u00e1s llamativo de la sesi\u00f3n del pasado lunes pasa por la actitud que tom\u00f3 el bloque de La C\u00e1mpora de no acompa\u00f1ar el proyecto presentado. Por un lado se rechazaba en\u00e9rgicamente la medida y por el otro se solicitaba informes por la situaci\u00f3n que se viv\u00eda con el Consejo Escolar de Mercedes.<\/p>\n<p>\u201cPresentan un proyecto repudiando en\u00e9rgicamente el fallo de la corte de Estados Unidos por los fondos buitres y no acompa\u00f1an el rechazo en\u00e9rgico al recorte al Servicio Alimentario Escolar (SAE) que ronda entre el 25 y 30 por ciento de reducci\u00f3n en cupos. O es una postura caprichosa o de repente pretenden defender lo indefendible que es la realidad que vive la educaci\u00f3n en la provincia\u201d, reafirm\u00f3 Sabrina.<\/p>\n<p>En la mayor\u00eda de los distritos de la provincia de Buenos Aires, los Concejos Deliberantes se manifestaron airadamente en contra de la medida implementada por Scioli y lo hicieron en forma un\u00e1nime con el voto hasta de concejales del Frente para la Victoria. \u201cEs un tema grave, pero parece que a La C\u00e1mpora no le preocupa que los chicos no coman en las esuelas\u201d, dijo sobre el final la concejal Sabrina Selva.<\/p>\n<p>Fuente: Frente Renovador Mercedes<\/p>\n<p>&nbsp;<\/p>\n<p>&nbsp;<\/p>\n<p>&nbsp;<\/p>\n<p>&nbsp;<\/p>\n","protected":false},"excerpt":{"rendered":"<p>(FR) En la sesi\u00f3n del pasado lunes en el Concejo Deliberante el Frente Renovador pudo aprobar un proyecto de ordenanza &#8230; <a title=\"Sabrina Selva: \u201cA La C\u00e1mpora no le preocupa que los chicos no coman en las escuelas\u201d\" class=\"read-more\" href=\"https:\/\/www.hoymercedes.com.ar\/principal\/2014\/06\/24\/sabrina-selva-a-la-campora-no-le-preocupa-que-los-chicos-no-coman-en-las-escuelas\/\" aria-label=\"Leer m\u00e1s sobre Sabrina Selva: \u201cA La C\u00e1mpora no le preocupa que los chicos no coman en las escuelas\u201d\">Leer m\u00e1s<\/a><\/p>\n","protected":false},"author":1,"featured_media":0,"comment_status":"open","ping_status":"open","sticky":false,"template":"","format":"standard","meta":{"_monsterinsights_skip_tracking":false,"_monsterinsights_sitenote_active":false,"_monsterinsights_sitenote_note":"","_monsterinsights_sitenote_category":0,"jetpack_post_was_ever_published":false,"_jetpack_newsletter_access":"","_jetpack_dont_email_post_to_subs":false,"_jetpack_newsletter_tier_id":0,"_jetpack_memberships_contains_paywalled_content":false,"_jetpack_memberships_contains_paid_content":false,"footnotes":"","jetpack_publicize_message":"","jetpack_publicize_feature_enabled":true,"jetpack_social_post_already_shared":false,"jetpack_social_options":{"image_generator_settings":{"template":"highway","default_image_id":0,"font":"","enabled":false},"version":2},"_wpas_customize_per_network":false},"categories":[5],"tags":[3647,2854],"class_list":["post-34186","post","type-post","status-publish","format-standard","hentry","category-politica","tag-frente-renovador-mercedes","tag-sabrina-selva","generate-columns","tablet-grid-50","mobile-grid-100","grid-parent","grid-50"],"jetpack_publicize_connections":[],"jetpack_featured_media_url":"","wps_subtitle":"Pol\u00e9mica encendida ","jetpack_sharing_enabled":true,"_links":{"self":[{"href":"https:\/\/www.hoymercedes.com.ar\/principal\/wp-json\/wp\/v2\/posts\/34186","targetHints":{"allow":["GET"]}}],"collection":[{"href":"https:\/\/www.hoymercedes.com.ar\/principal\/wp-json\/wp\/v2\/posts"}],"about":[{"href":"https:\/\/www.hoymercedes.com.ar\/principal\/wp-json\/wp\/v2\/types\/post"}],"author":[{"embeddable":true,"href":"https:\/\/www.hoymercedes.com.ar\/principal\/wp-json\/wp\/v2\/users\/1"}],"replies":[{"embeddable":true,"href":"https:\/\/www.hoymercedes.com.ar\/principal\/wp-json\/wp\/v2\/comments?post=34186"}],"version-history":[{"count":0,"href":"https:\/\/www.hoymercedes.com.ar\/principal\/wp-json\/wp\/v2\/posts\/34186\/revisions"}],"wp:attachment":[{"href":"https:\/\/www.hoymercedes.com.ar\/principal\/wp-json\/wp\/v2\/media?parent=34186"}],"wp:term":[{"taxonomy":"category","embeddable":true,"href":"https:\/\/www.hoymercedes.com.ar\/principal\/wp-json\/wp\/v2\/categories?post=34186"},{"taxonomy":"post_tag","embeddable":true,"href":"https:\/\/www.hoymercedes.com.ar\/principal\/wp-json\/wp\/v2\/tags?post=34186"}],"curies":[{"name":"wp","href":"https:\/\/api.w.org\/{rel}","templated":true}]}}