{"id":34190,"date":"2014-06-24T21:52:42","date_gmt":"2014-06-25T00:52:42","guid":{"rendered":"http:\/\/www.hoymercedes.com.ar\/principal\/?p=34190"},"modified":"2014-06-27T00:11:08","modified_gmt":"2014-06-27T03:11:08","slug":"suipacha-afirman-delfino-mira-de-cerca-el-massismo","status":"publish","type":"post","link":"https:\/\/www.hoymercedes.com.ar\/principal\/2014\/06\/24\/suipacha-afirman-delfino-mira-de-cerca-el-massismo\/","title":{"rendered":"Suipacha: afirman Delfino mira de cerca el massismo"},"content":{"rendered":"<figure id=\"attachment_34191\" aria-describedby=\"caption-attachment-34191\" style=\"width: 610px\" class=\"wp-caption aligncenter\"><a href=\"https:\/\/www.hoymercedes.com.ar\/principal\/wp-content\/uploads\/2014\/06\/AntonioDelfino.jpg\"><img loading=\"lazy\" decoding=\"async\" data-attachment-id=\"34191\" data-permalink=\"https:\/\/www.hoymercedes.com.ar\/principal\/2014\/06\/24\/suipacha-afirman-delfino-mira-de-cerca-el-massismo\/antoniodelfino\/#main\" data-orig-file=\"https:\/\/www.hoymercedes.com.ar\/principal\/wp-content\/uploads\/2014\/06\/AntonioDelfino.jpg\" data-orig-size=\"620,349\" data-comments-opened=\"1\" data-image-meta=\"{&quot;aperture&quot;:&quot;2.8&quot;,&quot;credit&quot;:&quot;&quot;,&quot;camera&quot;:&quot;N8-00&quot;,&quot;caption&quot;:&quot;&quot;,&quot;created_timestamp&quot;:&quot;1361454203&quot;,&quot;copyright&quot;:&quot;&quot;,&quot;focal_length&quot;:&quot;5.8984375&quot;,&quot;iso&quot;:&quot;304&quot;,&quot;shutter_speed&quot;:&quot;0.030001&quot;,&quot;title&quot;:&quot;&quot;}\" data-image-title=\"AntonioDelfino\" data-image-description=\"\" data-image-caption=\"&lt;p&gt;Foto: Municipio&lt;\/p&gt;\n\" data-large-file=\"https:\/\/www.hoymercedes.com.ar\/principal\/wp-content\/uploads\/2014\/06\/AntonioDelfino.jpg\" class=\"Img2014 wp-image-34191 size-full\" src=\"https:\/\/www.hoymercedes.com.ar\/principal\/wp-content\/uploads\/2014\/06\/AntonioDelfino.jpg\" alt=\"Foto: Municipio\" width=\"620\" height=\"349\" \/><\/a><figcaption id=\"caption-attachment-34191\" class=\"wp-caption-text\">Foto: Municipio<\/figcaption><\/figure>\n<p><em><strong>Medios de la ciudad de Suipacha afirman que Antonio Delfino est\u00e1 pensando seriamente despu\u00e9s del mundial pasarse al Frente Renovador. Lo sostienen a partir de definiciones \u201ctibias\u201d respecto al rol actual que tienen otros dirigentes en la pol\u00edtica provincial y nacional y la falta de condena a otros que ya han cruzado de bando.<\/strong><\/em><\/p>\n<p>La situaci\u00f3n se vio amplificada tras una publicaci\u00f3n en la misma direcci\u00f3n efectuada por el sitio LaPoliticaOnline.<\/p>\n<p><strong>Descre\u00eddos<\/strong><\/p>\n<p>Algunas voces de la vecina ciudad dicen que se trata de una mera operaci\u00f3n period\u00edstica para crearle una situaci\u00f3n y obligarlo a dar explicaciones o la famosa \u201cprueba de amor\u201d, que no tiene intenciones de cambiar su perfil actual.<\/p>\n<p><strong>Los que creen<\/strong><\/p>\n<p>Los que creen es real lo hacen pensando que no ser\u00eda la primera vez que Delfino toma un rumbo que lo beneficie en su \u00fanico af\u00e1n de mantenerse en el poder que, actualmente, tiene ya dos d\u00e9cadas en el mismo despacho.<\/p>\n<p>&nbsp;<\/p>\n<p>&nbsp;<\/p>\n<p>&nbsp;<\/p>\n<p>&nbsp;<\/p>\n","protected":false},"excerpt":{"rendered":"<p>Medios de la ciudad de Suipacha afirman que Antonio Delfino est\u00e1 pensando seriamente despu\u00e9s del mundial pasarse al Frente Renovador. &#8230; <a title=\"Suipacha: afirman Delfino mira de cerca el massismo\" class=\"read-more\" href=\"https:\/\/www.hoymercedes.com.ar\/principal\/2014\/06\/24\/suipacha-afirman-delfino-mira-de-cerca-el-massismo\/\" aria-label=\"Leer m\u00e1s sobre Suipacha: afirman Delfino mira de cerca el massismo\">Leer m\u00e1s<\/a><\/p>\n","protected":false},"author":1,"featured_media":0,"comment_status":"open","ping_status":"open","sticky":false,"template":"","format":"standard","meta":{"_monsterinsights_skip_tracking":false,"_monsterinsights_sitenote_active":false,"_monsterinsights_sitenote_note":"","_monsterinsights_sitenote_category":0,"jetpack_post_was_ever_published":false,"_jetpack_newsletter_access":"","_jetpack_dont_email_post_to_subs":false,"_jetpack_newsletter_tier_id":0,"_jetpack_memberships_contains_paywalled_content":false,"_jetpack_memberships_contains_paid_content":false,"footnotes":"","jetpack_publicize_message":"","jetpack_publicize_feature_enabled":true,"jetpack_social_post_already_shared":false,"jetpack_social_options":{"image_generator_settings":{"template":"highway","default_image_id":0,"font":"","enabled":false},"version":2},"_wpas_customize_per_network":false},"categories":[5501],"tags":[2139,4414,3024],"class_list":["post-34190","post","type-post","status-publish","format-standard","hentry","category-region","tag-antonio-delfino","tag-massismo","tag-tony-delfino","generate-columns","tablet-grid-50","mobile-grid-100","grid-parent","grid-50"],"jetpack_publicize_connections":[],"jetpack_featured_media_url":"","wps_subtitle":"La endeble pol\u00edtica","jetpack_sharing_enabled":true,"_links":{"self":[{"href":"https:\/\/www.hoymercedes.com.ar\/principal\/wp-json\/wp\/v2\/posts\/34190","targetHints":{"allow":["GET"]}}],"collection":[{"href":"https:\/\/www.hoymercedes.com.ar\/principal\/wp-json\/wp\/v2\/posts"}],"about":[{"href":"https:\/\/www.hoymercedes.com.ar\/principal\/wp-json\/wp\/v2\/types\/post"}],"author":[{"embeddable":true,"href":"https:\/\/www.hoymercedes.com.ar\/principal\/wp-json\/wp\/v2\/users\/1"}],"replies":[{"embeddable":true,"href":"https:\/\/www.hoymercedes.com.ar\/principal\/wp-json\/wp\/v2\/comments?post=34190"}],"version-history":[{"count":0,"href":"https:\/\/www.hoymercedes.com.ar\/principal\/wp-json\/wp\/v2\/posts\/34190\/revisions"}],"wp:attachment":[{"href":"https:\/\/www.hoymercedes.com.ar\/principal\/wp-json\/wp\/v2\/media?parent=34190"}],"wp:term":[{"taxonomy":"category","embeddable":true,"href":"https:\/\/www.hoymercedes.com.ar\/principal\/wp-json\/wp\/v2\/categories?post=34190"},{"taxonomy":"post_tag","embeddable":true,"href":"https:\/\/www.hoymercedes.com.ar\/principal\/wp-json\/wp\/v2\/tags?post=34190"}],"curies":[{"name":"wp","href":"https:\/\/api.w.org\/{rel}","templated":true}]}}