{"id":34225,"date":"2014-06-25T21:38:37","date_gmt":"2014-06-26T00:38:37","guid":{"rendered":"http:\/\/www.hoymercedes.com.ar\/principal\/?p=34225"},"modified":"2014-06-25T21:38:37","modified_gmt":"2014-06-26T00:38:37","slug":"26-de-junio-dia-internacional-de-la-lucha-contra-el-uso-indebido-y-el-trafico-ilicito-de-drogas","status":"publish","type":"post","link":"https:\/\/www.hoymercedes.com.ar\/principal\/2014\/06\/25\/26-de-junio-dia-internacional-de-la-lucha-contra-el-uso-indebido-y-el-trafico-ilicito-de-drogas\/","title":{"rendered":"26 de Junio: \u201cD\u00eda Internacional de la Lucha Contra el Uso Indebido y el Tr\u00e1fico Il\u00edcito de Drogas\u201d"},"content":{"rendered":"<p><a href=\"https:\/\/www.hoymercedes.com.ar\/principal\/wp-content\/uploads\/2014\/06\/AFICHE-juventud-cpa.jpg\"><img loading=\"lazy\" decoding=\"async\" data-attachment-id=\"34226\" data-permalink=\"https:\/\/www.hoymercedes.com.ar\/principal\/2014\/06\/25\/26-de-junio-dia-internacional-de-la-lucha-contra-el-uso-indebido-y-el-trafico-ilicito-de-drogas\/afiche-juventud-cpa\/#main\" data-orig-file=\"https:\/\/www.hoymercedes.com.ar\/principal\/wp-content\/uploads\/2014\/06\/AFICHE-juventud-cpa.jpg\" data-orig-size=\"620,438\" data-comments-opened=\"1\" data-image-meta=\"{&quot;aperture&quot;:&quot;0&quot;,&quot;credit&quot;:&quot;&quot;,&quot;camera&quot;:&quot;&quot;,&quot;caption&quot;:&quot;&quot;,&quot;created_timestamp&quot;:&quot;0&quot;,&quot;copyright&quot;:&quot;&quot;,&quot;focal_length&quot;:&quot;0&quot;,&quot;iso&quot;:&quot;0&quot;,&quot;shutter_speed&quot;:&quot;0&quot;,&quot;title&quot;:&quot;&quot;}\" data-image-title=\"AFICHE juventud cpa\" data-image-description=\"\" data-image-caption=\"\" data-large-file=\"https:\/\/www.hoymercedes.com.ar\/principal\/wp-content\/uploads\/2014\/06\/AFICHE-juventud-cpa.jpg\" class=\"Img2014 aligncenter wp-image-34226 size-full\" src=\"https:\/\/www.hoymercedes.com.ar\/principal\/wp-content\/uploads\/2014\/06\/AFICHE-juventud-cpa.jpg\" alt=\"AFICHE juventud cpa\" width=\"620\" height=\"438\" \/><\/a><\/p>\n<p><em><strong>(CPJ) En el a\u00f1o 1987, la Asamblea General de Naciones Unidas decidi\u00f3 establecer el d\u00eda 26 de junio de cada a\u00f1o como el D\u00eda Internacional de la Lucha contra el uso Indebido y el Tr\u00e1fico Il\u00edcito de drogas, como forma de expresar la cooperaci\u00f3n de todos los pa\u00edses en el objetivo de una sociedad libre de drogas.<\/strong><\/em><\/p>\n<p>En este d\u00eda la Coordinaci\u00f3n de Pol\u00edticas Juveniles de la Municipalidad de Mercedes y el Centro Provincial de Atenci\u00f3n a las Adicciones (CPA) &#8211;\u00a0 Subsecretaria de Salud Mental y Atenci\u00f3n a las Adicciones del Ministerio de Salud de la Provincia de Buenos Aires, se dirigen a la comunidad Mercedina a fin de reflexionar respecto al uso problem\u00e1tico de alcohol que afecta a nuestros j\u00f3venes en diversas circunstancias. Se hace necesario problematizar esta\u00a0 cuesti\u00f3n, su magnitud y profundidad.<\/p>\n<p>El escenario social es cada vez m\u00e1s complejo, dif\u00edcil de descifrar desde una sola mirada y abordar desde un solo lugar; por esto es de vital importancia el compromiso y la participaci\u00f3n de todos los actores sociales, entre ellos los mismos j\u00f3venes. Imaginar que podemos alcanzar los objetivos planteados desde un solo lugar y sin escuchar su voz, es imposible.<\/p>\n<p>Considerando la importancia del tema, desde los organismos antes nombrados se inician una serie de actividades tendientes a la prevenci\u00f3n del consumo indebido de alcohol, sus riesgos y la tolerancia social frente al problema (la tolerancia social es la indiferencia que desarrolla una sociedad frente a pr\u00e1cticas de consumo que son perjudiciales para las personas). Desde el trabajo conjunto se abordar\u00e1 la tem\u00e1tica desde acciones de reflexi\u00f3n, educaci\u00f3n, producci\u00f3n de sentidos y pr\u00e1cticas saludables colectivas.<\/p>\n<p>&nbsp;<\/p>\n<p><span style=\"color: rgb(128, 128, 128);\">Fuente: Coordinaci\u00f3n de Pol\u00edticas Juveniles<\/span><\/p>\n<p>&nbsp;<\/p>\n<p>&nbsp;<\/p>\n<p>&nbsp;<\/p>\n<p><span style=\"color: rgb(128, 128, 128);\">\u00a0<\/span><\/p>\n","protected":false},"excerpt":{"rendered":"<p>(CPJ) En el a\u00f1o 1987, la Asamblea General de Naciones Unidas decidi\u00f3 establecer el d\u00eda 26 de junio de cada &#8230; <a title=\"26 de Junio: \u201cD\u00eda Internacional de la Lucha Contra el Uso Indebido y el Tr\u00e1fico Il\u00edcito de Drogas\u201d\" class=\"read-more\" href=\"https:\/\/www.hoymercedes.com.ar\/principal\/2014\/06\/25\/26-de-junio-dia-internacional-de-la-lucha-contra-el-uso-indebido-y-el-trafico-ilicito-de-drogas\/\" aria-label=\"Leer m\u00e1s sobre 26 de Junio: \u201cD\u00eda Internacional de la Lucha Contra el Uso Indebido y el Tr\u00e1fico Il\u00edcito de Drogas\u201d\">Leer m\u00e1s<\/a><\/p>\n","protected":false},"author":1,"featured_media":0,"comment_status":"open","ping_status":"open","sticky":false,"template":"","format":"standard","meta":{"_monsterinsights_skip_tracking":false,"_monsterinsights_sitenote_active":false,"_monsterinsights_sitenote_note":"","_monsterinsights_sitenote_category":0,"jetpack_post_was_ever_published":false,"_jetpack_newsletter_access":"","_jetpack_dont_email_post_to_subs":false,"_jetpack_newsletter_tier_id":0,"_jetpack_memberships_contains_paywalled_content":false,"_jetpack_memberships_contains_paid_content":false,"footnotes":"","jetpack_publicize_message":"","jetpack_publicize_feature_enabled":true,"jetpack_social_post_already_shared":false,"jetpack_social_options":{"image_generator_settings":{"template":"highway","default_image_id":0,"font":"","enabled":false},"version":2},"_wpas_customize_per_network":false},"categories":[5],"tags":[5496,5495],"class_list":["post-34225","post","type-post","status-publish","format-standard","hentry","category-politica","tag-dia-internacion-contra-el-trafico-de-drogas","tag-trafico","generate-columns","tablet-grid-50","mobile-grid-100","grid-parent","grid-50"],"jetpack_publicize_connections":[],"jetpack_featured_media_url":"","wps_subtitle":"Coordinaci\u00f3n Pol\u00edticas Juveniles ","jetpack_sharing_enabled":true,"_links":{"self":[{"href":"https:\/\/www.hoymercedes.com.ar\/principal\/wp-json\/wp\/v2\/posts\/34225","targetHints":{"allow":["GET"]}}],"collection":[{"href":"https:\/\/www.hoymercedes.com.ar\/principal\/wp-json\/wp\/v2\/posts"}],"about":[{"href":"https:\/\/www.hoymercedes.com.ar\/principal\/wp-json\/wp\/v2\/types\/post"}],"author":[{"embeddable":true,"href":"https:\/\/www.hoymercedes.com.ar\/principal\/wp-json\/wp\/v2\/users\/1"}],"replies":[{"embeddable":true,"href":"https:\/\/www.hoymercedes.com.ar\/principal\/wp-json\/wp\/v2\/comments?post=34225"}],"version-history":[{"count":0,"href":"https:\/\/www.hoymercedes.com.ar\/principal\/wp-json\/wp\/v2\/posts\/34225\/revisions"}],"wp:attachment":[{"href":"https:\/\/www.hoymercedes.com.ar\/principal\/wp-json\/wp\/v2\/media?parent=34225"}],"wp:term":[{"taxonomy":"category","embeddable":true,"href":"https:\/\/www.hoymercedes.com.ar\/principal\/wp-json\/wp\/v2\/categories?post=34225"},{"taxonomy":"post_tag","embeddable":true,"href":"https:\/\/www.hoymercedes.com.ar\/principal\/wp-json\/wp\/v2\/tags?post=34225"}],"curies":[{"name":"wp","href":"https:\/\/api.w.org\/{rel}","templated":true}]}}