{"id":34265,"date":"2014-06-26T23:37:12","date_gmt":"2014-06-27T02:37:12","guid":{"rendered":"http:\/\/www.hoymercedes.com.ar\/principal\/?p=34265"},"modified":"2014-06-26T23:37:12","modified_gmt":"2014-06-27T02:37:12","slug":"mediante-una-encuesta-los-vecinos-decidiran-que-hacer-en-la-trocha","status":"publish","type":"post","link":"https:\/\/www.hoymercedes.com.ar\/principal\/2014\/06\/26\/mediante-una-encuesta-los-vecinos-decidiran-que-hacer-en-la-trocha\/","title":{"rendered":"Mediante una encuesta los vecinos decidir\u00e1n qu\u00e9 hacer en La Trocha"},"content":{"rendered":"<p><a href=\"https:\/\/www.hoymercedes.com.ar\/principal\/wp-content\/uploads\/2014\/06\/complejo-cultura-latrocha.jpg\"><img loading=\"lazy\" decoding=\"async\" data-attachment-id=\"34266\" data-permalink=\"https:\/\/www.hoymercedes.com.ar\/principal\/2014\/06\/26\/mediante-una-encuesta-los-vecinos-decidiran-que-hacer-en-la-trocha\/complejo-cultura-latrocha\/#main\" data-orig-file=\"https:\/\/www.hoymercedes.com.ar\/principal\/wp-content\/uploads\/2014\/06\/complejo-cultura-latrocha.jpg\" data-orig-size=\"620,414\" data-comments-opened=\"1\" data-image-meta=\"{&quot;aperture&quot;:&quot;0&quot;,&quot;credit&quot;:&quot;&quot;,&quot;camera&quot;:&quot;&quot;,&quot;caption&quot;:&quot;&quot;,&quot;created_timestamp&quot;:&quot;0&quot;,&quot;copyright&quot;:&quot;&quot;,&quot;focal_length&quot;:&quot;0&quot;,&quot;iso&quot;:&quot;0&quot;,&quot;shutter_speed&quot;:&quot;0&quot;,&quot;title&quot;:&quot;&quot;}\" data-image-title=\"complejo-cultura-latrocha\" data-image-description=\"\" data-image-caption=\"\" data-large-file=\"https:\/\/www.hoymercedes.com.ar\/principal\/wp-content\/uploads\/2014\/06\/complejo-cultura-latrocha.jpg\" class=\"Img2014 aligncenter wp-image-34266 size-full\" src=\"https:\/\/www.hoymercedes.com.ar\/principal\/wp-content\/uploads\/2014\/06\/complejo-cultura-latrocha.jpg\" alt=\"complejo-cultura-latrocha\" width=\"620\" height=\"414\" \/><\/a><\/p>\n<p><em><strong>(FM) El predio recuperado de la vieja estaci\u00f3n Trocha ser\u00e1 embellecido a partir de propuestas de vecinos, que aportan sugerencias, ideas y proyectos a trav\u00e9s de una encuesta que se inici\u00f3 el fin de semana pasado y seguir\u00e1 este s\u00e1bado, puerta a puerta.<\/strong><\/em><\/p>\n<p><em>\u201cCuando comenz\u00f3 el trabajo de recuperaci\u00f3n e iluminaci\u00f3n del predio, dijimos que la idea era convocar a todos los sectores de la ciudad para ir definiendo su destino, y nos parece muy importante la opini\u00f3n de los vecinos, sobre todo de los que viven cerca del lugar\u201d,<\/em> estimaron desde el Frente Mercedino para la Victoria.<\/p>\n<p>D\u00edas atr\u00e1s, el presidente del bloque de concejales del Frente Mercedino, Juan Ignacio Ustarroz, tuvo un encuentro con el intendente Carlos Selva para que los equipos t\u00e9cnicos del municipio trabajen en conjunto con otros sectores involucrados en el predio.<\/p>\n<p>Actividades culturales, recreativas, art\u00edsticas, tur\u00edsticas y educativas ser\u00e1n parte, de este modo, del uso central del predio de la Trocha, pero los vecinos tambi\u00e9n intervienen en aspectos de embellecimiento de la vieja estaci\u00f3n y paisaj\u00edsticos del espacio verde.\u00a0 De hecho, ya eligieron el color con el que se pintar\u00e1 el edificio m\u00e1s importante.<\/p>\n<p>La conformaci\u00f3n de una \u00abComisi\u00f3n de Vecinos\u00bb, que ya se encuentra en funcionamiento,\u00a0 es otro de los pasos relevantes que se han dado para recuperar definitivamente el predio.<\/p>\n<p><em>\u201cNos pone orgullosos esta participaci\u00f3n directa de los vecinos en el predio y evidencia la necesidad que hab\u00eda de recuperarlo. La principal preocupaci\u00f3n era la inseguridad, porque el estado de abandono en el que estaba permit\u00eda robos y hasta intentos de abusos. Eso se termin\u00f3: el predio est\u00e1 limpio, preservado, cuidado e iluminado. Ahora vamos por el paso siguiente, que es el destino que debe tener<\/em>\u201d, agregaron desde el Frente Mercedino.<\/p>\n<p>En ese sentido, se destacan los dos festivales populares ya realizados: uno, el 12 de octubre del a\u00f1o pasado, con la participaci\u00f3n de La Bomba de Tiempo; y otro, el 1 de mayo de este a\u00f1o, un show folcl\u00f3rico con la presencia de agrupaciones locales y el cierre del legendario Horacio Guarany. En ambos casos hubo feria de artesanos, cantina a beneficio de los Bomberos Voluntarios y actividades para toda la familia.<\/p>\n<p><em>\u201cPasaron miles de vecinos durante cada una de la jornada, y tambi\u00e9n hemos recibido la visita de gente de otras localidades como Luj\u00e1n, Suipacha, Chivilcoy, Moreno y la propia Ciudad de Buenos Aires. La Trocha tiene un potencial enorme desde todos los aspectos y los mercedinos tenemos que aprovecharlo, porque esto es de todos\u201d<\/em>, dijeron del FMpV.<\/p>\n<p><span style=\"color: #808080;\">Fuente: FMPV<\/span><\/p>\n<p>&nbsp;<\/p>\n<p>&nbsp;<\/p>\n<p>&nbsp;<\/p>\n<p>&nbsp;<\/p>\n","protected":false},"excerpt":{"rendered":"<p>(FM) El predio recuperado de la vieja estaci\u00f3n Trocha ser\u00e1 embellecido a partir de propuestas de vecinos, que aportan sugerencias, &#8230; <a title=\"Mediante una encuesta los vecinos decidir\u00e1n qu\u00e9 hacer en La Trocha\" class=\"read-more\" href=\"https:\/\/www.hoymercedes.com.ar\/principal\/2014\/06\/26\/mediante-una-encuesta-los-vecinos-decidiran-que-hacer-en-la-trocha\/\" aria-label=\"Leer m\u00e1s sobre Mediante una encuesta los vecinos decidir\u00e1n qu\u00e9 hacer en La Trocha\">Leer m\u00e1s<\/a><\/p>\n","protected":false},"author":1,"featured_media":0,"comment_status":"open","ping_status":"open","sticky":false,"template":"","format":"standard","meta":{"_monsterinsights_skip_tracking":false,"_monsterinsights_sitenote_active":false,"_monsterinsights_sitenote_note":"","_monsterinsights_sitenote_category":0,"jetpack_post_was_ever_published":false,"_jetpack_newsletter_access":"","_jetpack_dont_email_post_to_subs":false,"_jetpack_newsletter_tier_id":0,"_jetpack_memberships_contains_paywalled_content":false,"_jetpack_memberships_contains_paid_content":false,"footnotes":"","jetpack_publicize_message":"","jetpack_publicize_feature_enabled":true,"jetpack_social_post_already_shared":false,"jetpack_social_options":{"image_generator_settings":{"template":"highway","default_image_id":0,"font":"","enabled":false},"version":2},"_wpas_customize_per_network":false},"categories":[5],"tags":[4450,5510,3959],"class_list":["post-34265","post","type-post","status-publish","format-standard","hentry","category-politica","tag-complejo-cultural-la-trocha","tag-encuesta-de-vecinos","tag-la-trocha","generate-columns","tablet-grid-50","mobile-grid-100","grid-parent","grid-50"],"jetpack_publicize_connections":[],"jetpack_featured_media_url":"","wps_subtitle":"Actividades culturales y sociales ","jetpack_sharing_enabled":true,"_links":{"self":[{"href":"https:\/\/www.hoymercedes.com.ar\/principal\/wp-json\/wp\/v2\/posts\/34265","targetHints":{"allow":["GET"]}}],"collection":[{"href":"https:\/\/www.hoymercedes.com.ar\/principal\/wp-json\/wp\/v2\/posts"}],"about":[{"href":"https:\/\/www.hoymercedes.com.ar\/principal\/wp-json\/wp\/v2\/types\/post"}],"author":[{"embeddable":true,"href":"https:\/\/www.hoymercedes.com.ar\/principal\/wp-json\/wp\/v2\/users\/1"}],"replies":[{"embeddable":true,"href":"https:\/\/www.hoymercedes.com.ar\/principal\/wp-json\/wp\/v2\/comments?post=34265"}],"version-history":[{"count":0,"href":"https:\/\/www.hoymercedes.com.ar\/principal\/wp-json\/wp\/v2\/posts\/34265\/revisions"}],"wp:attachment":[{"href":"https:\/\/www.hoymercedes.com.ar\/principal\/wp-json\/wp\/v2\/media?parent=34265"}],"wp:term":[{"taxonomy":"category","embeddable":true,"href":"https:\/\/www.hoymercedes.com.ar\/principal\/wp-json\/wp\/v2\/categories?post=34265"},{"taxonomy":"post_tag","embeddable":true,"href":"https:\/\/www.hoymercedes.com.ar\/principal\/wp-json\/wp\/v2\/tags?post=34265"}],"curies":[{"name":"wp","href":"https:\/\/api.w.org\/{rel}","templated":true}]}}