{"id":34284,"date":"2014-06-27T20:31:10","date_gmt":"2014-06-27T23:31:10","guid":{"rendered":"http:\/\/www.hoymercedes.com.ar\/principal\/?p=34284"},"modified":"2014-06-27T20:31:10","modified_gmt":"2014-06-27T23:31:10","slug":"ministro-collia-dejo-inaugurada-obras-en-tercer-piso-del-dubarry","status":"publish","type":"post","link":"https:\/\/www.hoymercedes.com.ar\/principal\/2014\/06\/27\/ministro-collia-dejo-inaugurada-obras-en-tercer-piso-del-dubarry\/","title":{"rendered":"Ministro Collia dej\u00f3 inaugurada obras en tercer piso del Dubarry"},"content":{"rendered":"<p><a href=\"https:\/\/www.hoymercedes.com.ar\/principal\/wp-content\/uploads\/2014\/06\/Collia-Mercedes-HospitalDubarry-II.jpg\"><img loading=\"lazy\" decoding=\"async\" data-attachment-id=\"34285\" data-permalink=\"https:\/\/www.hoymercedes.com.ar\/principal\/2014\/06\/27\/ministro-collia-dejo-inaugurada-obras-en-tercer-piso-del-dubarry\/collia-mercedes-hospitaldubarry-ii\/#main\" data-orig-file=\"https:\/\/www.hoymercedes.com.ar\/principal\/wp-content\/uploads\/2014\/06\/Collia-Mercedes-HospitalDubarry-II.jpg\" data-orig-size=\"620,465\" data-comments-opened=\"1\" data-image-meta=\"{&quot;aperture&quot;:&quot;0&quot;,&quot;credit&quot;:&quot;&quot;,&quot;camera&quot;:&quot;&quot;,&quot;caption&quot;:&quot;&quot;,&quot;created_timestamp&quot;:&quot;0&quot;,&quot;copyright&quot;:&quot;&quot;,&quot;focal_length&quot;:&quot;0&quot;,&quot;iso&quot;:&quot;0&quot;,&quot;shutter_speed&quot;:&quot;0&quot;,&quot;title&quot;:&quot;&quot;}\" data-image-title=\"Collia-Mercedes-HospitalDubarry-II\" data-image-description=\"\" data-image-caption=\"\" data-large-file=\"https:\/\/www.hoymercedes.com.ar\/principal\/wp-content\/uploads\/2014\/06\/Collia-Mercedes-HospitalDubarry-II.jpg\" class=\"Img2014 aligncenter wp-image-34285 size-full\" src=\"https:\/\/www.hoymercedes.com.ar\/principal\/wp-content\/uploads\/2014\/06\/Collia-Mercedes-HospitalDubarry-II.jpg\" alt=\"Collia-Mercedes-HospitalDubarry-II\" width=\"620\" height=\"465\" \/><\/a><\/p>\n<p><em><strong>El Ministro de Salud de la Provincia de Buenos Aires, Dr. Alejandro Collia, estuvo presente en nuestra ciudad para llevar adelante la inauguraci\u00f3n de las reformas efectuadas en el tercer piso del Hospital Blas. L. Dubarry de nuestra ciudad. Realiz\u00f3 anuncios.\u00a0<\/strong><\/em><\/p>\n<p>En el acto estuvo el mencionado funcionario provincial, el Director del nosocomio local, Dr. Rodolfo \u201cFito\u201d Principi, el diputado Alberto \u201cCucho\u201d Espa\u00f1a, concejales del Frente Mercedino, entre los que se observ\u00f3 fue a Juani Ustarroz, Mat\u00edas Dematei, Marianella Arenillas, Juan Pablo L\u00f3pez Baggio y personal de la instituci\u00f3n que fueron parte del acto.<\/p>\n<p>El tercer piso se logr\u00f3 realizar con fondos provenientes de diversos \u00e1mbitos.<\/p>\n<p>El acto a su vez fue un homenaje a un m\u00e9dico respetado y con trayectoria en la instituci\u00f3n ya que el ala presentada en p\u00fablico se denomin\u00f3 \u201cDr. Carlos Bueno\u201d,\u00a0 en homenaje al m\u00e9dico que fue jefe de servicio de cl\u00ednica m\u00e9dica, quien trabaj\u00f3 por m\u00e1s de 25 a\u00f1os en el hospital.<\/p>\n<p>La obra est\u00e1 al 80%. Una recorrida por el lugar busc\u00f3 mostrar que cada habitaci\u00f3n cuenta con sillones, mobiliario nuevo, aire acondicionado. Hay habitaciones individuales y generales, con agua caliente, tv por cable, etc.<\/p>\n<p><a href=\"https:\/\/www.hoymercedes.com.ar\/principal\/wp-content\/uploads\/2014\/06\/Collia-Mercedes-HospitalDubarry-I.jpg\"><img loading=\"lazy\" decoding=\"async\" data-attachment-id=\"34286\" data-permalink=\"https:\/\/www.hoymercedes.com.ar\/principal\/2014\/06\/27\/ministro-collia-dejo-inaugurada-obras-en-tercer-piso-del-dubarry\/collia-mercedes-hospitaldubarry-i\/#main\" data-orig-file=\"https:\/\/www.hoymercedes.com.ar\/principal\/wp-content\/uploads\/2014\/06\/Collia-Mercedes-HospitalDubarry-I.jpg\" data-orig-size=\"620,465\" data-comments-opened=\"1\" data-image-meta=\"{&quot;aperture&quot;:&quot;0&quot;,&quot;credit&quot;:&quot;&quot;,&quot;camera&quot;:&quot;&quot;,&quot;caption&quot;:&quot;&quot;,&quot;created_timestamp&quot;:&quot;0&quot;,&quot;copyright&quot;:&quot;&quot;,&quot;focal_length&quot;:&quot;0&quot;,&quot;iso&quot;:&quot;0&quot;,&quot;shutter_speed&quot;:&quot;0&quot;,&quot;title&quot;:&quot;&quot;}\" data-image-title=\"Collia-Mercedes-HospitalDubarry-I\" data-image-description=\"\" data-image-caption=\"\" data-large-file=\"https:\/\/www.hoymercedes.com.ar\/principal\/wp-content\/uploads\/2014\/06\/Collia-Mercedes-HospitalDubarry-I.jpg\" class=\"Img2014 aligncenter wp-image-34286 size-full\" src=\"https:\/\/www.hoymercedes.com.ar\/principal\/wp-content\/uploads\/2014\/06\/Collia-Mercedes-HospitalDubarry-I.jpg\" alt=\"Collia-Mercedes-HospitalDubarry-I\" width=\"620\" height=\"465\" \/><\/a><\/p>\n<p>El Ministro se refiri\u00f3 de c\u00f3mo est\u00e1 la Argentina con respecto a la salud, ante la prensa manifest\u00f3: <em>\u201cla salud se mide por resultados, es un concepto que tiene que estar muy claro en la poblaci\u00f3n. Es fundamental para entender como estamos en el \u00e1mbito de la salud. Tenemos la mortalidad infantil y materna m\u00e1s baja de la historia. No tenemos circulaci\u00f3n de dengue, de gripe \u201cA\u201d, no tenemos chicos en lista de espera para cirug\u00edas cardiovasculares, la bronquiolitis disminuyo en un 50% durante este a\u00f1o, se aument\u00f3 en la procuraci\u00f3n y trasplante. Pasamos de tener 8 donantes por habitantes a 16. Y as\u00ed cualquier indicador que uno analice en la provincia de Buenos Aires, uno se da cuenta que la salud ha crecido de una forma muy, pero muy significativa\u201d. Adem\u00e1s se refiri\u00f3 al recurso m\u00e1s valioso que tiene un hospital, sus trabajadores, al respecto mencionaba: \u201cEn el gobierno de Daniel Scioli la planta aumento en un 40%. Con trabajo digno, protecci\u00f3n social. En este hospital, y como tal lo menciono Rodolfo Pr\u00edncipi, en el Dubarry se incorporaron 160 trabajadores m\u00e1s en este \u00faltimo tiempo\u201d. En cuanto a equipamiento del hospital de nuestra ciudad \u201cel crecimiento y la incorporaci\u00f3n ha sido muy importante gracias al financiamiento nacional y provincial<\/em>\u201d, sostuvo.<\/p>\n<p>De esta manera el hospital local contar\u00e1 con un nuevo espacio de atender a nuestros vecinos que, como es de p\u00fablico conocimiento, cada d\u00eda acuden m\u00e1s al nosocomio local a recibir las diversas prestaciones que all\u00ed se llevan a cabo.<\/p>\n<p>&nbsp;<\/p>\n<p>&nbsp;<\/p>\n<p>&nbsp;<\/p>\n<p>&nbsp;<\/p>\n<p>&nbsp;<\/p>\n<p>&nbsp;<\/p>\n<p>&nbsp;<\/p>\n","protected":false},"excerpt":{"rendered":"<p>El Ministro de Salud de la Provincia de Buenos Aires, Dr. Alejandro Collia, estuvo presente en nuestra ciudad para llevar &#8230; <a title=\"Ministro Collia dej\u00f3 inaugurada obras en tercer piso del Dubarry\" class=\"read-more\" href=\"https:\/\/www.hoymercedes.com.ar\/principal\/2014\/06\/27\/ministro-collia-dejo-inaugurada-obras-en-tercer-piso-del-dubarry\/\" aria-label=\"Leer m\u00e1s sobre Ministro Collia dej\u00f3 inaugurada obras en tercer piso del Dubarry\">Leer m\u00e1s<\/a><\/p>\n","protected":false},"author":1,"featured_media":0,"comment_status":"open","ping_status":"open","sticky":false,"template":"","format":"standard","meta":{"_monsterinsights_skip_tracking":false,"_monsterinsights_sitenote_active":false,"_monsterinsights_sitenote_note":"","_monsterinsights_sitenote_category":0,"jetpack_post_was_ever_published":false,"_jetpack_newsletter_access":"","_jetpack_dont_email_post_to_subs":false,"_jetpack_newsletter_tier_id":0,"_jetpack_memberships_contains_paywalled_content":false,"_jetpack_memberships_contains_paid_content":false,"footnotes":"","jetpack_publicize_message":"","jetpack_publicize_feature_enabled":true,"jetpack_social_post_already_shared":false,"jetpack_social_options":{"image_generator_settings":{"template":"highway","default_image_id":0,"font":"","enabled":false},"version":2},"_wpas_customize_per_network":false},"categories":[5],"tags":[5515,1204,532,5517,585,5516,5518],"class_list":["post-34284","post","type-post","status-publish","format-standard","hentry","category-politica","tag-alejandro-collia","tag-cucho-espana","tag-fito-principi","tag-hospital-dubarry-obras","tag-juan-ustarroz","tag-ministro-alejandro-collia","tag-ministro-collia-dejo-inaugurada-obras-en-tercer-piso-del-dubarry","generate-columns","tablet-grid-50","mobile-grid-100","grid-parent","grid-50"],"jetpack_publicize_connections":[],"jetpack_featured_media_url":"","wps_subtitle":"Visit\u00f3 Mercedes el Ministro de Salud","jetpack_sharing_enabled":true,"_links":{"self":[{"href":"https:\/\/www.hoymercedes.com.ar\/principal\/wp-json\/wp\/v2\/posts\/34284","targetHints":{"allow":["GET"]}}],"collection":[{"href":"https:\/\/www.hoymercedes.com.ar\/principal\/wp-json\/wp\/v2\/posts"}],"about":[{"href":"https:\/\/www.hoymercedes.com.ar\/principal\/wp-json\/wp\/v2\/types\/post"}],"author":[{"embeddable":true,"href":"https:\/\/www.hoymercedes.com.ar\/principal\/wp-json\/wp\/v2\/users\/1"}],"replies":[{"embeddable":true,"href":"https:\/\/www.hoymercedes.com.ar\/principal\/wp-json\/wp\/v2\/comments?post=34284"}],"version-history":[{"count":0,"href":"https:\/\/www.hoymercedes.com.ar\/principal\/wp-json\/wp\/v2\/posts\/34284\/revisions"}],"wp:attachment":[{"href":"https:\/\/www.hoymercedes.com.ar\/principal\/wp-json\/wp\/v2\/media?parent=34284"}],"wp:term":[{"taxonomy":"category","embeddable":true,"href":"https:\/\/www.hoymercedes.com.ar\/principal\/wp-json\/wp\/v2\/categories?post=34284"},{"taxonomy":"post_tag","embeddable":true,"href":"https:\/\/www.hoymercedes.com.ar\/principal\/wp-json\/wp\/v2\/tags?post=34284"}],"curies":[{"name":"wp","href":"https:\/\/api.w.org\/{rel}","templated":true}]}}