{"id":34299,"date":"2014-06-27T23:29:28","date_gmt":"2014-06-28T02:29:28","guid":{"rendered":"http:\/\/www.hoymercedes.com.ar\/principal\/?p=34299"},"modified":"2014-06-28T16:48:19","modified_gmt":"2014-06-28T19:48:19","slug":"ustarroz-este-acto-es-el-camino-todos-juntos-por-el-hospital","status":"publish","type":"post","link":"https:\/\/www.hoymercedes.com.ar\/principal\/2014\/06\/27\/ustarroz-este-acto-es-el-camino-todos-juntos-por-el-hospital\/","title":{"rendered":"Ustarroz: \u00abEste acto es el camino, todos juntos por el hospital\u201d"},"content":{"rendered":"<p><a href=\"https:\/\/www.hoymercedes.com.ar\/principal\/wp-content\/uploads\/2014\/06\/Colli-Espa\u00f1a-Ustarroz.jpg\"><img loading=\"lazy\" decoding=\"async\" data-attachment-id=\"34300\" data-permalink=\"https:\/\/www.hoymercedes.com.ar\/principal\/2014\/06\/27\/ustarroz-este-acto-es-el-camino-todos-juntos-por-el-hospital\/colli-espana-ustarroz\/#main\" data-orig-file=\"https:\/\/www.hoymercedes.com.ar\/principal\/wp-content\/uploads\/2014\/06\/Colli-Espa\u00f1a-Ustarroz.jpg\" data-orig-size=\"620,316\" data-comments-opened=\"1\" data-image-meta=\"{&quot;aperture&quot;:&quot;0&quot;,&quot;credit&quot;:&quot;SEBASTIAN_AMBROSSIO&quot;,&quot;camera&quot;:&quot;&quot;,&quot;caption&quot;:&quot;&quot;,&quot;created_timestamp&quot;:&quot;0&quot;,&quot;copyright&quot;:&quot;Sebastian Ambrossio_&quot;,&quot;focal_length&quot;:&quot;0&quot;,&quot;iso&quot;:&quot;0&quot;,&quot;shutter_speed&quot;:&quot;0&quot;,&quot;title&quot;:&quot;&quot;}\" data-image-title=\"Colli-Espa\u00f1a-Ustarroz\" data-image-description=\"\" data-image-caption=\"\" data-large-file=\"https:\/\/www.hoymercedes.com.ar\/principal\/wp-content\/uploads\/2014\/06\/Colli-Espa\u00f1a-Ustarroz.jpg\" class=\"Img2014 aligncenter wp-image-34300 size-full\" src=\"https:\/\/www.hoymercedes.com.ar\/principal\/wp-content\/uploads\/2014\/06\/Colli-Espa\u00f1a-Ustarroz.jpg\" alt=\"Colli-Espa\u00f1a-Ustarroz\" width=\"620\" height=\"316\" \/><\/a><\/p>\n<p><em><strong>El presidente del bloque de concejales del Frente Mercedino para la Victoria, Juan Ignacio Ustarroz, se mostr\u00f3 complacido por la presencia de todos los sectores pol\u00edticos de la ciudad en la inauguraci\u00f3n de las nuevas obras en el hospital Blas L.Dubarry, reiter\u00f3 la \u201cdisposici\u00f3n permanente\u201d de su espacio para seguir mejorando el establecimiento y le agradeci\u00f3 al ministro Alejandro Collia su ayuda y su participaci\u00f3n en el encuentro.<\/strong><\/em><\/p>\n<p>\u201cEsta ceremonia, en la que estamos todos los bloques del Honorable Concejo Deliberante, nos se\u00f1ala el camino que debemos seguir y por el que nosotros venimos insistiendo: hay que estar unidos para trabajar por el hospital, que es de todos los vecinos\u201d, dijo Juani.<\/p>\n<p>Durante la recorrida de este viernes por las nuevas obras, Ustarroz recibi\u00f3 el afecto y el reconocimiento de m\u00e9dicos, enfermeras, empleados e integrantes de la Cooperadora por su permanente apoyo al hospital. El \u201c\u00a1gracias, Juani!\u201d, as\u00ed, se fue repitiendo a cada paso.<img loading=\"lazy\" decoding=\"async\" data-attachment-id=\"34301\" data-permalink=\"https:\/\/www.hoymercedes.com.ar\/principal\/2014\/06\/27\/ustarroz-este-acto-es-el-camino-todos-juntos-por-el-hospital\/dr-bueno\/#main\" data-orig-file=\"https:\/\/www.hoymercedes.com.ar\/principal\/wp-content\/uploads\/2014\/06\/Dr.Bueno_.jpg\" data-orig-size=\"620,440\" data-comments-opened=\"1\" data-image-meta=\"{&quot;aperture&quot;:&quot;0&quot;,&quot;credit&quot;:&quot;SEBASTIAN_AMBROSSIO&quot;,&quot;camera&quot;:&quot;&quot;,&quot;caption&quot;:&quot;&quot;,&quot;created_timestamp&quot;:&quot;0&quot;,&quot;copyright&quot;:&quot;Sebastian Ambrossio_&quot;,&quot;focal_length&quot;:&quot;0&quot;,&quot;iso&quot;:&quot;0&quot;,&quot;shutter_speed&quot;:&quot;0&quot;,&quot;title&quot;:&quot;&quot;}\" data-image-title=\"Dr.Bueno\" data-image-description=\"\" data-image-caption=\"\" data-large-file=\"https:\/\/www.hoymercedes.com.ar\/principal\/wp-content\/uploads\/2014\/06\/Dr.Bueno_.jpg\" class=\"Img2014 aligncenter wp-image-34301 size-full\" src=\"https:\/\/www.hoymercedes.com.ar\/principal\/wp-content\/uploads\/2014\/06\/Dr.Bueno_.jpg\" alt=\"Dr.Bueno\" width=\"620\" height=\"440\" \/><\/p>\n<p>Es que, junto con el diputado nacional Eduardo de Pedro y el diputado provincial Alberto Espa\u00f1a, Ustarroz \u2013referente local del Frente para la Victoria- viene trabajando fuertemente para mejorar los servicios del hospital Dubarry. \u201cNosotros insistimos en que en la Salud no debe haber bander\u00edas pol\u00edticas, no debe haber diferencias de ninguna clase, porque es un derecho de todos los vecinos. Y el hospital es de todos\u201d, explic\u00f3.<\/p>\n<p>\u201cDesde el Frente no tuvimos ninguna clase de problemas para acercarnos al director del hospital, Fito Pr\u00edncipi, que en ese momento era integrante del bloque de concejales del intendente Carlos Selva, para tratar de ayudar desde nuestro lugar \u2013continu\u00f3 Juani-.\u00a0 Lo hicimos desde el coraz\u00f3n, desde el sentido de pertenencia, como lo hacen los trabajadores del hospital, los integrantes de la cooperadora y como lo hicieron los cientos de vecinos que participaron en dos cenas solidarias que fueron maravillosas\u201d.<\/p>\n<p>A trav\u00e9s de las gestiones en distintos estamentos de los referentes del Frente Mercedino para la Victoria, el hospital recibi\u00f3 en los \u00faltimos dos a\u00f1os dos ambulancias, aparatolog\u00eda, camas nuevas, subsidios para obras, nombramientos y cargos de profesionales.<\/p>\n<p>\u201cDe a poco vamos teniendo un hospital mejor. El sector de pediatr\u00eda qued\u00f3 hermoso, y lo mismo estas nuevas instalaciones de Cl\u00ednica Mujeres que se inauguraron con la presencia del doctor Collia. Todav\u00eda falta mucho, claro que falta, pero el camino para llegar a tener el hospital que los mercedinos nos merecemos es sin dudas el de la uni\u00f3n, el de sumar los esfuerzos de todos sin importar pensamientos o ideolog\u00edas. Porque es en beneficio de la comunidad, de nuestra ciudad, de toda la gente\u201d, concluy\u00f3 Ustarroz.<\/p>\n<p>&nbsp;<\/p>\n<p><span style=\"color: #999999;\">Fuente: Frente\u00a0Mercedino<\/span><\/p>\n<p>&nbsp;<\/p>\n<p>&nbsp;<\/p>\n<p>&nbsp;<\/p>\n<p>&nbsp;<\/p>\n","protected":false},"excerpt":{"rendered":"<p>El presidente del bloque de concejales del Frente Mercedino para la Victoria, Juan Ignacio Ustarroz, se mostr\u00f3 complacido por la &#8230; <a title=\"Ustarroz: \u00abEste acto es el camino, todos juntos por el hospital\u201d\" class=\"read-more\" href=\"https:\/\/www.hoymercedes.com.ar\/principal\/2014\/06\/27\/ustarroz-este-acto-es-el-camino-todos-juntos-por-el-hospital\/\" aria-label=\"Leer m\u00e1s sobre Ustarroz: \u00abEste acto es el camino, todos juntos por el hospital\u201d\">Leer m\u00e1s<\/a><\/p>\n","protected":false},"author":1,"featured_media":0,"comment_status":"open","ping_status":"open","sticky":false,"template":"","format":"standard","meta":{"_monsterinsights_skip_tracking":false,"_monsterinsights_sitenote_active":false,"_monsterinsights_sitenote_note":"","_monsterinsights_sitenote_category":0,"jetpack_post_was_ever_published":false,"_jetpack_newsletter_access":"","_jetpack_dont_email_post_to_subs":false,"_jetpack_newsletter_tier_id":0,"_jetpack_memberships_contains_paywalled_content":false,"_jetpack_memberships_contains_paid_content":false,"footnotes":"","jetpack_publicize_message":"","jetpack_publicize_feature_enabled":true,"jetpack_social_post_already_shared":false,"jetpack_social_options":{"image_generator_settings":{"template":"highway","default_image_id":0,"font":"","enabled":false},"version":2},"_wpas_customize_per_network":false},"categories":[5],"tags":[5515,1204,532,1007,585,5525,5524],"class_list":["post-34299","post","type-post","status-publish","format-standard","hentry","category-politica","tag-alejandro-collia","tag-cucho-espana","tag-fito-principi","tag-frente-mercedino","tag-juan-ustarroz","tag-todos-juntos-por-el-hospital","tag-ustarroz-este-acto-es-el-camino","generate-columns","tablet-grid-50","mobile-grid-100","grid-parent","grid-50"],"jetpack_publicize_connections":[],"jetpack_featured_media_url":"","wps_subtitle":"Obras en el Dubarry","jetpack_sharing_enabled":true,"_links":{"self":[{"href":"https:\/\/www.hoymercedes.com.ar\/principal\/wp-json\/wp\/v2\/posts\/34299","targetHints":{"allow":["GET"]}}],"collection":[{"href":"https:\/\/www.hoymercedes.com.ar\/principal\/wp-json\/wp\/v2\/posts"}],"about":[{"href":"https:\/\/www.hoymercedes.com.ar\/principal\/wp-json\/wp\/v2\/types\/post"}],"author":[{"embeddable":true,"href":"https:\/\/www.hoymercedes.com.ar\/principal\/wp-json\/wp\/v2\/users\/1"}],"replies":[{"embeddable":true,"href":"https:\/\/www.hoymercedes.com.ar\/principal\/wp-json\/wp\/v2\/comments?post=34299"}],"version-history":[{"count":0,"href":"https:\/\/www.hoymercedes.com.ar\/principal\/wp-json\/wp\/v2\/posts\/34299\/revisions"}],"wp:attachment":[{"href":"https:\/\/www.hoymercedes.com.ar\/principal\/wp-json\/wp\/v2\/media?parent=34299"}],"wp:term":[{"taxonomy":"category","embeddable":true,"href":"https:\/\/www.hoymercedes.com.ar\/principal\/wp-json\/wp\/v2\/categories?post=34299"},{"taxonomy":"post_tag","embeddable":true,"href":"https:\/\/www.hoymercedes.com.ar\/principal\/wp-json\/wp\/v2\/tags?post=34299"}],"curies":[{"name":"wp","href":"https:\/\/api.w.org\/{rel}","templated":true}]}}