{"id":34318,"date":"2014-06-29T20:39:53","date_gmt":"2014-06-29T23:39:53","guid":{"rendered":"http:\/\/www.hoymercedes.com.ar\/principal\/?p=34318"},"modified":"2014-06-29T20:41:31","modified_gmt":"2014-06-29T23:41:31","slug":"lucas-biglia-en-la-rpm-nosotros-somos-los-primeros-en-sonar-y-sabemos-que-podemos-hacerlo-audio","status":"publish","type":"post","link":"https:\/\/www.hoymercedes.com.ar\/principal\/2014\/06\/29\/lucas-biglia-en-la-rpm-nosotros-somos-los-primeros-en-sonar-y-sabemos-que-podemos-hacerlo-audio\/","title":{"rendered":"Lucas Biglia en la RPM: \u201cNosotros somos los primeros en so\u00f1ar y sabemos que podemos hacerlo\u201d (Audio)"},"content":{"rendered":"<p><a href=\"https:\/\/www.hoymercedes.com.ar\/principal\/wp-content\/uploads\/2014\/06\/biglia.jpg\"><img loading=\"lazy\" decoding=\"async\" data-attachment-id=\"34319\" data-permalink=\"https:\/\/www.hoymercedes.com.ar\/principal\/2014\/06\/29\/lucas-biglia-en-la-rpm-nosotros-somos-los-primeros-en-sonar-y-sabemos-que-podemos-hacerlo-audio\/biglia-4\/#main\" data-orig-file=\"https:\/\/www.hoymercedes.com.ar\/principal\/wp-content\/uploads\/2014\/06\/biglia.jpg\" data-orig-size=\"384,512\" data-comments-opened=\"1\" data-image-meta=\"{&quot;aperture&quot;:&quot;0&quot;,&quot;credit&quot;:&quot;&quot;,&quot;camera&quot;:&quot;&quot;,&quot;caption&quot;:&quot;&quot;,&quot;created_timestamp&quot;:&quot;0&quot;,&quot;copyright&quot;:&quot;&quot;,&quot;focal_length&quot;:&quot;0&quot;,&quot;iso&quot;:&quot;0&quot;,&quot;shutter_speed&quot;:&quot;0&quot;,&quot;title&quot;:&quot;&quot;}\" data-image-title=\"biglia\" data-image-description=\"\" data-image-caption=\"\" data-large-file=\"https:\/\/www.hoymercedes.com.ar\/principal\/wp-content\/uploads\/2014\/06\/biglia.jpg\" class=\"Img2014 aligncenter wp-image-34319\" src=\"https:\/\/www.hoymercedes.com.ar\/principal\/wp-content\/uploads\/2014\/06\/biglia.jpg\" alt=\"biglia\" width=\"620\" height=\"827\" \/><\/a><\/p>\n<p style=\"text-align: justify;\"><em><strong>Este jueves, luego de la victoria ante Nigeria que garantiz\u00f3 el primer lugar en el grupo F, el mercedino Lucas Biglia habl\u00f3 por la Radio P\u00fablica Mercedes y dijo que \u201cnos atrevemos a so\u00f1ar y que esperamos quedarnos hasta el 13 de julio en Brasil\u201d.<\/strong><\/em><\/p>\n<p>El mediocampista de la selecci\u00f3n nacional estuvo charlando al aire en RPM Mundial, programa que se emite todos los d\u00edas de 19 a 20 en el 88.5 del dial y dej\u00f3 muchos conceptos interesantes sobre este tiempo que le toca compartir con los astros argentinos en la concentraci\u00f3n de Belo Horizonte. \u201cEstamos disfrutando de haber logrado el primer objetivo que era clasificar a octavos de final\u201d, dijo para romper el hielo en la charla con Agust\u00edn Cufr\u00e9, Carolina Galeano, Mariano P\u00e9rez y Pablo Vera.<\/p>\n<p><strong>\u2022 En Mercedes se est\u00e1 viviendo el Mundial de manera especial. \u00bfVos c\u00f3mo lo viv\u00eds all\u00e1?<\/strong><\/p>\n<p>Yo muy bien porque mi primer objetivo era estar entre los 23 y lo consegu\u00ed. Ahora estoy haciendo lo posible por jugar pero siempre teniendo en cuenta que somos un equipo y que tiramos todos para adelante.<\/p>\n<p><strong>\u2022 \u00bfC\u00f3mo tomaron la noticia de la lesi\u00f3n del Kun Ag\u00fcero?<\/strong><\/p>\n<p>Bien, tranquilos porque lo que nos han dicho es que se trata de una distensi\u00f3n y que no se alcanz\u00f3 a romper. Tendremos que esperar y ver c\u00f3mo evoluciona para los dem\u00e1s partidos.<\/p>\n<p><strong>\u2022 El martes con Suiza, \u00bfqu\u00e9 conocen del rival?<\/strong><\/p>\n<p>A Suiza lo conocemos bastante, ya que hemos jugado amistosos con ellos. Tienen buenos jugadores que juegan en grandes clubes, la mayor\u00eda en el f\u00fatbol italiano. Pero m\u00e1s all\u00e1 de esto, tengo que decir que confiamos en nosotros y lo que podemos hacer.<\/p>\n<p><strong>\u2022 Se habla mucho en Argentina de la broma de Lavezzi a Sabella, \u00bfc\u00f3mo lo vivieron ustedes?<\/strong><\/p>\n<p>No, todo bien. Eso habla a las claras de la buena onda que hay en el grupo. Fue un gesto para decirle al t\u00e9cnico que se relaje, que ya est\u00e1bamos clasificados pero m\u00e1s que nada demuestra el buen ambiente que hay entre nosotros.<\/p>\n<p><strong>\u2022 Te han tocado jugar pocos minutos, pero has entrado en todos los partidos.<\/strong><\/p>\n<p>S\u00ed, estamos todos para sumar. Todos queremos jugar unos minutos m\u00e1s y estamos preparados para eso, pero ac\u00e1 lo importante es sumar para el grupo porque ahora arranca el verdadero mundial donde te equivoc\u00e1s y te volv\u00e9s para tu casa. Tendremos que corregir los errores que cometimos en la fase de grupos.<\/p>\n<p><strong>\u2022 Contamos de ese abrazo con Messi luego del gol a Ir\u00e1n que recorri\u00f3 las tapas de los diarios del mundo.<\/strong><\/p>\n<p>Tuve la \u201csuerte\u201d de estar haciendo entrada en calor durante 45 minutos detr\u00e1s del arco. All\u00ed escuch\u00e9 muchas cr\u00edticas que hac\u00eda la gente a esta selecci\u00f3n desde la tribuna. Si bien uno las entiende, pero hay cosas que molestan porque uno ve\u00eda el esfuerzo que hac\u00edan nuestros compa\u00f1eros para doblegar a todos los iran\u00edes que estaban dentro del \u00e1rea. Cuando se dio el gol fue un desahogo tremendo. Dos minutos antes de terminar el profe me dice vamos para el banco que ya termina y yo le dije que no porque \u00edbamos a hacer un gol y justo viene la jugada del gol. Despu\u00e9s me llamaba desesperado Sabella para entrar y yo estaba en el festejo. Fue algo incre\u00edble.<\/p>\n<p><strong>\u2022 Otra imagen que conmovi\u00f3 mucho fue la bandera que te hizo tu hija con los compa\u00f1eritos de San Patricio y que te llevaron a Brasil<\/strong>.<\/p>\n<p>Con San Patricio me une mucho cari\u00f1o desde hace tiempo. Ya me hab\u00edan entrevistado antes en el programa que tienen de radio y ahora me abrieron las puertas del colegio para que mi hija pueda compartir con chicos de su edad este tiempo que vamos a estar en Argentina y para m\u00ed eso es muy importante.<\/p>\n<p><strong>\u2022 Se viene el f\u00fatbol solidario el 27 de julio y estar\u00e1s all\u00ed \u00bfno?<\/strong><\/p>\n<p>Lo importante es que si uno pueda ayudar lo haga. Siempre colabor\u00e9 con esta iniciativa y lo har\u00e9 este a\u00f1o.<\/p>\n<p><strong>\u2022 \u00bfNos podemos atrever a so\u00f1ar?<\/strong><\/p>\n<p>Seguro que s\u00ed. Nosotros somos los primeros en so\u00f1ar y sabemos que podemos hacerlo. Pero no nos tenemos que confundir y pensar en partido a partido. Hoy lo m\u00e1s importante es el partido del martes en San Pablo.<\/p>\n<p>Audio Lucas Biglia<\/p>\n<p>&nbsp;<\/p>\n<p><iframe loading=\"lazy\" width=\"100%\" height=\"450\" scrolling=\"no\" frameborder=\"no\" src=\"https:\/\/w.soundcloud.com\/player\/?url=https%3A\/\/api.soundcloud.com\/tracks\/156608417&amp;auto_play=false&amp;hide_related=false&amp;show_comments=true&amp;show_user=true&amp;show_reposts=false&amp;visual=true\"><\/iframe><br \/>\n&nbsp;<\/p>\n","protected":false},"excerpt":{"rendered":"<p>Este jueves, luego de la victoria ante Nigeria que garantiz\u00f3 el primer lugar en el grupo F, el mercedino Lucas &#8230; <a title=\"Lucas Biglia en la RPM: \u201cNosotros somos los primeros en so\u00f1ar y sabemos que podemos hacerlo\u201d (Audio)\" class=\"read-more\" href=\"https:\/\/www.hoymercedes.com.ar\/principal\/2014\/06\/29\/lucas-biglia-en-la-rpm-nosotros-somos-los-primeros-en-sonar-y-sabemos-que-podemos-hacerlo-audio\/\" aria-label=\"Leer m\u00e1s sobre Lucas Biglia en la RPM: \u201cNosotros somos los primeros en so\u00f1ar y sabemos que podemos hacerlo\u201d (Audio)\">Leer m\u00e1s<\/a><\/p>\n","protected":false},"author":1,"featured_media":0,"comment_status":"open","ping_status":"open","sticky":false,"template":"","format":"standard","meta":{"_monsterinsights_skip_tracking":false,"_monsterinsights_sitenote_active":false,"_monsterinsights_sitenote_note":"","_monsterinsights_sitenote_category":0,"jetpack_post_was_ever_published":false,"_jetpack_newsletter_access":"","_jetpack_dont_email_post_to_subs":false,"_jetpack_newsletter_tier_id":0,"_jetpack_memberships_contains_paywalled_content":false,"_jetpack_memberships_contains_paid_content":false,"footnotes":"","jetpack_publicize_message":"","jetpack_publicize_feature_enabled":true,"jetpack_social_post_already_shared":false,"jetpack_social_options":{"image_generator_settings":{"template":"highway","default_image_id":0,"font":"","enabled":false},"version":2},"_wpas_customize_per_network":false},"categories":[21],"tags":[395,5533,305,2917,5532],"class_list":["post-34318","post","type-post","status-publish","format-standard","hentry","category-deportes","tag-biglia","tag-biglia-mundial-2014-brasil","tag-lucas-biglia","tag-radio-publica-mercedes","tag-rpm-88-5-mercedes","generate-columns","tablet-grid-50","mobile-grid-100","grid-parent","grid-50"],"jetpack_publicize_connections":[],"jetpack_featured_media_url":"","wps_subtitle":"Desde Brasil","jetpack_sharing_enabled":true,"_links":{"self":[{"href":"https:\/\/www.hoymercedes.com.ar\/principal\/wp-json\/wp\/v2\/posts\/34318","targetHints":{"allow":["GET"]}}],"collection":[{"href":"https:\/\/www.hoymercedes.com.ar\/principal\/wp-json\/wp\/v2\/posts"}],"about":[{"href":"https:\/\/www.hoymercedes.com.ar\/principal\/wp-json\/wp\/v2\/types\/post"}],"author":[{"embeddable":true,"href":"https:\/\/www.hoymercedes.com.ar\/principal\/wp-json\/wp\/v2\/users\/1"}],"replies":[{"embeddable":true,"href":"https:\/\/www.hoymercedes.com.ar\/principal\/wp-json\/wp\/v2\/comments?post=34318"}],"version-history":[{"count":0,"href":"https:\/\/www.hoymercedes.com.ar\/principal\/wp-json\/wp\/v2\/posts\/34318\/revisions"}],"wp:attachment":[{"href":"https:\/\/www.hoymercedes.com.ar\/principal\/wp-json\/wp\/v2\/media?parent=34318"}],"wp:term":[{"taxonomy":"category","embeddable":true,"href":"https:\/\/www.hoymercedes.com.ar\/principal\/wp-json\/wp\/v2\/categories?post=34318"},{"taxonomy":"post_tag","embeddable":true,"href":"https:\/\/www.hoymercedes.com.ar\/principal\/wp-json\/wp\/v2\/tags?post=34318"}],"curies":[{"name":"wp","href":"https:\/\/api.w.org\/{rel}","templated":true}]}}