{"id":3432,"date":"2011-04-12T15:23:55","date_gmt":"2011-04-12T15:23:55","guid":{"rendered":"http:\/\/www.hoymercedes.com.ar\/principal\/?p=3432"},"modified":"2011-04-12T15:23:55","modified_gmt":"2011-04-12T15:23:55","slug":"selvistas-arruinan-mural-dedicado-a-kirchner","status":"publish","type":"post","link":"https:\/\/www.hoymercedes.com.ar\/principal\/2011\/04\/12\/selvistas-arruinan-mural-dedicado-a-kirchner\/","title":{"rendered":"Selvistas arruinan mural dedicado a kirchner"},"content":{"rendered":"<p><span style=\"color: #000080;\"><strong>Por Sebasti\u00e1n Varcel\u00f3<\/strong><\/span><br \/>\nrmedios@gmail.com<\/p>\n<p>Entre la chicana y la torpeza hay un l\u00edmite muy delgado que no todos logran discernir. Hay ciertos acontecimientos equivocados en la realizad que hemos incluido en las im\u00e1genes cotidianas y por eso cuando se suceden no le damos la atenci\u00f3n que se merecen. Entre acciones pol\u00edticas es muy frecuente.<\/p>\n<p>Real es que el referente de un movimiento no est\u00e1 todo el tiempo supervisando lo que las voluntades o los contratados hacen a la hora de difundir sus actividades. Cierto es que <span style=\"color: #000000;\"><strong>no se debe responsabilizar directamente al intendente del atropello que cometieron quienes andan pegando los carteles de \u201cSelva 2011\u201d<\/strong> <\/span>en la fachada de Casa Joven ubicada en la esquina de 14 y 33 donde se produce un gran error.<\/p>\n<p>Primero, si lo que quer\u00edan era hacer una chicana pol\u00edtica le bastaba con empapelar el gran poste \u00a0de concreto que hay en la esquina. La humorada hubiera pasado sin agredir. Segundo, se dieron el lujo de pegar un afiche sobre un mural realizado especialmente con la figura de <strong>N\u00e9stor Kirchner<\/strong>, alguien que adem\u00e1s tambi\u00e9n es referente del espacio en el que ellos se desenvuelven. Tercero, arruinaron una obra de un artista mercedino como lo es Jorge Blanco. Es decir, no s\u00f3lo chicanearon a los integrantes de otra agrupaci\u00f3n pol\u00edtica sino que adem\u00e1s le <strong>faltan el respeto<\/strong> al mayor \u00edcono pol\u00edtico que la fuerza que representan les ha dado.<\/p>\n<p>A riesgo de ser reiterativos debemos volver sobre un punto. <strong>No se debe responsabilizar directamente al intendente<\/strong>, pero, como grupo pol\u00edtico deben cuanto menos darse por aludidos del tama\u00f1o error cometido en t\u00e9rminos pol\u00edticos y \u00e9ticos. No es lo mismo la chicana que la ofensa.\u00a0 No es lo mismo la broma que la groser\u00eda. En este caso fue ofensa interna y externa cargada de groser\u00eda. No se debe decir menos que ello. <strong>Ofenden<\/strong> <strong>a un \u00edcono de su propio partido<\/strong>. \u00bfAlguien imagina a un radical pintar un mural, por ejemplo, de Alfons\u00edn, por m\u00e1s que sean de diversas l\u00edneas internas?\u00a0 \u00bfAlguien se imagina a un socialista tachar un mural de Palacios? No. Eso no pasa o, al menos, no pasaba.<\/p>\n<p>Las voluntades selvistas se dieron el gusto. Provocaron, lo cual es parte del folklore, y da\u00f1aron nada m\u00e1s y nada menos que un mural de N\u00e9stor Kirchner.<\/p>\n<div><a href=\"https:\/\/www.hoymercedes.com.ar\/principal\/wp-content\/uploads\/2011\/04\/040811120731.jpg\"><img loading=\"lazy\" decoding=\"async\" data-attachment-id=\"3434\" data-permalink=\"https:\/\/www.hoymercedes.com.ar\/principal\/2011\/04\/12\/selvistas-arruinan-mural-dedicado-a-kirchner\/attachment\/040811120731\/#main\" data-orig-file=\"https:\/\/www.hoymercedes.com.ar\/principal\/wp-content\/uploads\/2011\/04\/040811120731.jpg\" data-orig-size=\"550,413\" data-comments-opened=\"1\" data-image-meta=\"{&quot;aperture&quot;:&quot;0&quot;,&quot;credit&quot;:&quot;&quot;,&quot;camera&quot;:&quot;&quot;,&quot;caption&quot;:&quot;&quot;,&quot;created_timestamp&quot;:&quot;0&quot;,&quot;copyright&quot;:&quot;&quot;,&quot;focal_length&quot;:&quot;0&quot;,&quot;iso&quot;:&quot;0&quot;,&quot;shutter_speed&quot;:&quot;0&quot;,&quot;title&quot;:&quot;&quot;}\" data-image-title=\"mural N\u00e9stro Kircher arruinado\" data-image-description=\"\" data-image-caption=\"\" data-large-file=\"https:\/\/www.hoymercedes.com.ar\/principal\/wp-content\/uploads\/2011\/04\/040811120731.jpg\" class=\"aligncenter size-full wp-image-3434\" title=\"mural N\u00e9stro Kircher arruinado\" src=\"https:\/\/www.hoymercedes.com.ar\/principal\/wp-content\/uploads\/2011\/04\/040811120731.jpg\" alt=\"\" width=\"550\" height=\"413\" \/><\/a><\/p>\n<p>&nbsp;<\/p>\n<\/div>\n","protected":false},"excerpt":{"rendered":"<p>Por Sebasti\u00e1n Varcel\u00f3 rmedios@gmail.com Entre la chicana y la torpeza hay un l\u00edmite muy delgado que no todos logran discernir. &#8230; <a title=\"Selvistas arruinan mural dedicado a kirchner\" class=\"read-more\" href=\"https:\/\/www.hoymercedes.com.ar\/principal\/2011\/04\/12\/selvistas-arruinan-mural-dedicado-a-kirchner\/\" aria-label=\"Leer m\u00e1s sobre Selvistas arruinan mural dedicado a kirchner\">Leer m\u00e1s<\/a><\/p>\n","protected":false},"author":1,"featured_media":0,"comment_status":"open","ping_status":"open","sticky":false,"template":"","format":"standard","meta":{"_monsterinsights_skip_tracking":false,"_monsterinsights_sitenote_active":false,"_monsterinsights_sitenote_note":"","_monsterinsights_sitenote_category":0,"jetpack_post_was_ever_published":false,"_jetpack_newsletter_access":"","_jetpack_dont_email_post_to_subs":false,"_jetpack_newsletter_tier_id":0,"_jetpack_memberships_contains_paywalled_content":false,"_jetpack_memberships_contains_paid_content":false,"footnotes":"","jetpack_publicize_message":"","jetpack_publicize_feature_enabled":true,"jetpack_social_post_already_shared":false,"jetpack_social_options":{"image_generator_settings":{"template":"highway","default_image_id":0,"font":"","enabled":false},"version":2},"_wpas_customize_per_network":false},"categories":[5],"tags":[3,663,18],"class_list":["post-3432","post","type-post","status-publish","format-standard","hentry","category-politica","tag-casa-joven","tag-nestor-kirchner-mural","tag-selva","generate-columns","tablet-grid-50","mobile-grid-100","grid-parent","grid-50"],"jetpack_publicize_connections":[],"jetpack_featured_media_url":"","wps_subtitle":"","jetpack_sharing_enabled":true,"_links":{"self":[{"href":"https:\/\/www.hoymercedes.com.ar\/principal\/wp-json\/wp\/v2\/posts\/3432","targetHints":{"allow":["GET"]}}],"collection":[{"href":"https:\/\/www.hoymercedes.com.ar\/principal\/wp-json\/wp\/v2\/posts"}],"about":[{"href":"https:\/\/www.hoymercedes.com.ar\/principal\/wp-json\/wp\/v2\/types\/post"}],"author":[{"embeddable":true,"href":"https:\/\/www.hoymercedes.com.ar\/principal\/wp-json\/wp\/v2\/users\/1"}],"replies":[{"embeddable":true,"href":"https:\/\/www.hoymercedes.com.ar\/principal\/wp-json\/wp\/v2\/comments?post=3432"}],"version-history":[{"count":0,"href":"https:\/\/www.hoymercedes.com.ar\/principal\/wp-json\/wp\/v2\/posts\/3432\/revisions"}],"wp:attachment":[{"href":"https:\/\/www.hoymercedes.com.ar\/principal\/wp-json\/wp\/v2\/media?parent=3432"}],"wp:term":[{"taxonomy":"category","embeddable":true,"href":"https:\/\/www.hoymercedes.com.ar\/principal\/wp-json\/wp\/v2\/categories?post=3432"},{"taxonomy":"post_tag","embeddable":true,"href":"https:\/\/www.hoymercedes.com.ar\/principal\/wp-json\/wp\/v2\/tags?post=3432"}],"curies":[{"name":"wp","href":"https:\/\/api.w.org\/{rel}","templated":true}]}}