{"id":34332,"date":"2014-06-29T21:27:27","date_gmt":"2014-06-30T00:27:27","guid":{"rendered":"http:\/\/www.hoymercedes.com.ar\/principal\/?p=34332"},"modified":"2014-06-29T21:28:24","modified_gmt":"2014-06-30T00:28:24","slug":"selva-participo-de-jornada-politica-con-massa-y-lavagna","status":"publish","type":"post","link":"https:\/\/www.hoymercedes.com.ar\/principal\/2014\/06\/29\/selva-participo-de-jornada-politica-con-massa-y-lavagna\/","title":{"rendered":"Selva particip\u00f3 de jornada pol\u00edtica con Massa y Lavagna"},"content":{"rendered":"<p><a href=\"https:\/\/www.hoymercedes.com.ar\/principal\/wp-content\/uploads\/2014\/06\/Selva-Lavagna.jpg\"><img loading=\"lazy\" decoding=\"async\" data-attachment-id=\"34333\" data-permalink=\"https:\/\/www.hoymercedes.com.ar\/principal\/2014\/06\/29\/selva-participo-de-jornada-politica-con-massa-y-lavagna\/selva-lavagna\/#main\" data-orig-file=\"https:\/\/www.hoymercedes.com.ar\/principal\/wp-content\/uploads\/2014\/06\/Selva-Lavagna.jpg\" data-orig-size=\"620,358\" data-comments-opened=\"1\" data-image-meta=\"{&quot;aperture&quot;:&quot;0&quot;,&quot;credit&quot;:&quot;&quot;,&quot;camera&quot;:&quot;&quot;,&quot;caption&quot;:&quot;&quot;,&quot;created_timestamp&quot;:&quot;0&quot;,&quot;copyright&quot;:&quot;&quot;,&quot;focal_length&quot;:&quot;0&quot;,&quot;iso&quot;:&quot;0&quot;,&quot;shutter_speed&quot;:&quot;0&quot;,&quot;title&quot;:&quot;&quot;}\" data-image-title=\"Selva-Lavagna\" data-image-description=\"\" data-image-caption=\"\" data-large-file=\"https:\/\/www.hoymercedes.com.ar\/principal\/wp-content\/uploads\/2014\/06\/Selva-Lavagna.jpg\" class=\"Img2014 aligncenter wp-image-34333 size-full\" src=\"https:\/\/www.hoymercedes.com.ar\/principal\/wp-content\/uploads\/2014\/06\/Selva-Lavagna.jpg\" alt=\"Selva-Lavagna\" width=\"620\" height=\"358\" \/><\/a><\/p>\n<p><em><strong>(FR) El intendente Carlos Selva y los concejales del Frente Renovador participaron este s\u00e1bado de una jornada de capacitaci\u00f3n con el equipo econ\u00f3mico de Sergio Massa en la ciudad de Buenos Aires.<\/strong><\/em><\/p>\n<p>En el complejo La Plaza Selva particip\u00f3, junto al diputado nacional Sergio Massa y el equipo econ\u00f3mico del Frente Renovador encabezado por Antonio Lavagna, de una jornada denominada \u201cArgentina, su realidad y propuestas\u201d. All\u00ed Massa expres\u00f3: \u201cEmpleo, educaci\u00f3n y seguridad, con reglas econ\u00f3micas que permitan que la gente tenga trabajo estable, deben ser una realidad posible de construir con un equipo s\u00f3lido y con experiencia\u201d. Tambi\u00e9n estuvieron los concejales Juan Navarro, Mercedes Mazzochi y Sabrina Selva.<img loading=\"lazy\" decoding=\"async\" data-attachment-id=\"34334\" data-permalink=\"https:\/\/www.hoymercedes.com.ar\/principal\/2014\/06\/29\/selva-participo-de-jornada-politica-con-massa-y-lavagna\/selva-lavagnaii\/#main\" data-orig-file=\"https:\/\/www.hoymercedes.com.ar\/principal\/wp-content\/uploads\/2014\/06\/Selva-LavagnaII.jpg\" data-orig-size=\"620,349\" data-comments-opened=\"1\" data-image-meta=\"{&quot;aperture&quot;:&quot;0&quot;,&quot;credit&quot;:&quot;&quot;,&quot;camera&quot;:&quot;&quot;,&quot;caption&quot;:&quot;&quot;,&quot;created_timestamp&quot;:&quot;0&quot;,&quot;copyright&quot;:&quot;&quot;,&quot;focal_length&quot;:&quot;0&quot;,&quot;iso&quot;:&quot;0&quot;,&quot;shutter_speed&quot;:&quot;0&quot;,&quot;title&quot;:&quot;&quot;}\" data-image-title=\"Selva-LavagnaII\" data-image-description=\"\" data-image-caption=\"\" data-large-file=\"https:\/\/www.hoymercedes.com.ar\/principal\/wp-content\/uploads\/2014\/06\/Selva-LavagnaII.jpg\" class=\"Img2014 aligncenter wp-image-34334 size-full\" src=\"https:\/\/www.hoymercedes.com.ar\/principal\/wp-content\/uploads\/2014\/06\/Selva-LavagnaII.jpg\" alt=\"Selva-LavagnaII\" width=\"620\" height=\"349\" \/><\/p>\n<p>Luego de que el equipo econ\u00f3mico y social del Frente Renovador disertara sobre temas como el gasto p\u00fablico, la inversi\u00f3n, la energ\u00eda, los desaf\u00edos sociales, la pobreza y la relaci\u00f3n de Argentina con el mundo financiero, Sergio Massa sostuvo: \u201cEstamos frente a la p\u00e9rdida de empleo, frente a la gente que siente que la plata no le alcanza y frente a la preocupaci\u00f3n por el aumento de precios, d\u00f3lar y por los holdouts. Tratamos por un lado de transmitir nuestra visi\u00f3n, la del equipo econ\u00f3mico, y la de tratar de que el ciudadano com\u00fan se quede tranquilo, que sepa que faltan 530 d\u00edas para que la Argentina cambia a un pa\u00eds distinto y que hay que trabajar en esa construcci\u00f3n. Empleo, educaci\u00f3n y seguridad, con reglas econ\u00f3micas que permitan que la gente tenga trabajo estable, deben ser una realidad posible de construir con un equipo s\u00f3lido y con experiencia\u201d.<\/p>\n<p>Por su parte, Roberto Lavagna afirm\u00f3: \u201cLo dec\u00eda el cartel. El Frente Renovador es distinto y la jornada propositiva de hoy viene en l\u00ednea con lo que el espacio viene haciendo: formando equipos y trabajando en profunidad. Cuando uno mira desde octubre hasta ac\u00e1 los proyectos presentados por este espacio son los que m\u00e1s conectan con las necesidades de la poblaci\u00f3n. El Frente Renovador tiene algo fundamental: no tiene un equipo prestado, sino que tiene a gente que lo hace desde la convicci\u00f3n y compromiso. Un equipo propio es eso\u201d.<\/p>\n<p>Adem\u00e1s, Daniel Arroyo expuso sobre \u201cLa inflaci\u00f3n y su impacto sobre la pobreza. Desaf\u00edos futuros\u201d. Miguel Peirano de \u201cLa realidad en materia de nivel de actividad y empleo: pol\u00edticas para generar desarrollo y empleo\u201d. Por \u00faltimo, Mart\u00edn Redrado expuso sobre la situaci\u00f3n de los holdouts, perspectivas del mercado de capitales y propuestas para el equilibrio externo.<\/p>\n<p><span style=\"color: #808080;\">Fuente: Frente Renovador<\/span><\/p>\n<p>&nbsp;<\/p>\n<p>&nbsp;<\/p>\n<p>&nbsp;<\/p>\n","protected":false},"excerpt":{"rendered":"<p>(FR) El intendente Carlos Selva y los concejales del Frente Renovador participaron este s\u00e1bado de una jornada de capacitaci\u00f3n con &#8230; <a title=\"Selva particip\u00f3 de jornada pol\u00edtica con Massa y Lavagna\" class=\"read-more\" href=\"https:\/\/www.hoymercedes.com.ar\/principal\/2014\/06\/29\/selva-participo-de-jornada-politica-con-massa-y-lavagna\/\" aria-label=\"Leer m\u00e1s sobre Selva particip\u00f3 de jornada pol\u00edtica con Massa y Lavagna\">Leer m\u00e1s<\/a><\/p>\n","protected":false},"author":1,"featured_media":0,"comment_status":"open","ping_status":"open","sticky":false,"template":"","format":"standard","meta":{"_monsterinsights_skip_tracking":false,"_monsterinsights_sitenote_active":false,"_monsterinsights_sitenote_note":"","_monsterinsights_sitenote_category":0,"jetpack_post_was_ever_published":false,"_jetpack_newsletter_access":"","_jetpack_dont_email_post_to_subs":false,"_jetpack_newsletter_tier_id":0,"_jetpack_memberships_contains_paywalled_content":false,"_jetpack_memberships_contains_paid_content":false,"footnotes":"","jetpack_publicize_message":"","jetpack_publicize_feature_enabled":true,"jetpack_social_post_already_shared":false,"jetpack_social_options":{"image_generator_settings":{"template":"highway","default_image_id":0,"font":"","enabled":false},"version":2},"_wpas_customize_per_network":false},"categories":[5],"tags":[39,5536,3691,4413,3226,2854],"class_list":["post-34332","post","type-post","status-publish","format-standard","hentry","category-politica","tag-carlos-selva","tag-claudia-mazzocci","tag-juan-navarro","tag-lavagna","tag-massa","tag-sabrina-selva","generate-columns","tablet-grid-50","mobile-grid-100","grid-parent","grid-50"],"jetpack_publicize_connections":[],"jetpack_featured_media_url":"","wps_subtitle":"Pol\u00edtica y armado provincial ","jetpack_sharing_enabled":true,"_links":{"self":[{"href":"https:\/\/www.hoymercedes.com.ar\/principal\/wp-json\/wp\/v2\/posts\/34332","targetHints":{"allow":["GET"]}}],"collection":[{"href":"https:\/\/www.hoymercedes.com.ar\/principal\/wp-json\/wp\/v2\/posts"}],"about":[{"href":"https:\/\/www.hoymercedes.com.ar\/principal\/wp-json\/wp\/v2\/types\/post"}],"author":[{"embeddable":true,"href":"https:\/\/www.hoymercedes.com.ar\/principal\/wp-json\/wp\/v2\/users\/1"}],"replies":[{"embeddable":true,"href":"https:\/\/www.hoymercedes.com.ar\/principal\/wp-json\/wp\/v2\/comments?post=34332"}],"version-history":[{"count":0,"href":"https:\/\/www.hoymercedes.com.ar\/principal\/wp-json\/wp\/v2\/posts\/34332\/revisions"}],"wp:attachment":[{"href":"https:\/\/www.hoymercedes.com.ar\/principal\/wp-json\/wp\/v2\/media?parent=34332"}],"wp:term":[{"taxonomy":"category","embeddable":true,"href":"https:\/\/www.hoymercedes.com.ar\/principal\/wp-json\/wp\/v2\/categories?post=34332"},{"taxonomy":"post_tag","embeddable":true,"href":"https:\/\/www.hoymercedes.com.ar\/principal\/wp-json\/wp\/v2\/tags?post=34332"}],"curies":[{"name":"wp","href":"https:\/\/api.w.org\/{rel}","templated":true}]}}