{"id":34337,"date":"2014-06-29T23:08:24","date_gmt":"2014-06-30T02:08:24","guid":{"rendered":"http:\/\/www.hoymercedes.com.ar\/principal\/?p=34337"},"modified":"2014-06-29T23:08:24","modified_gmt":"2014-06-30T02:08:24","slug":"complicada-situacion-en-barrio-mitre","status":"publish","type":"post","link":"https:\/\/www.hoymercedes.com.ar\/principal\/2014\/06\/29\/complicada-situacion-en-barrio-mitre\/","title":{"rendered":"Complicada situaci\u00f3n en Barrio Mitre"},"content":{"rendered":"<p><em><strong>Seg\u00fan los vecinos de la barriada la Sociedad de Fomento no tiene actualmente representaci\u00f3n formal dado que su presidente, el Se\u00f1or Mariano Ramalle, no vive m\u00e1s en dicho barrio con lo cual los vecinos no saben a qui\u00e9n acudir quedando adem\u00e1s una instancia por resolver y es la conducci\u00f3n de la entidad de fomento.<\/strong><\/em><\/p>\n<p>En el domicilio de la ex presidenta barrial, Alejandra Santana, se llev\u00f3 a cabo el pasado s\u00e1bado un encuentro de vecinos para evaluar la situaci\u00f3n. Seg\u00fan sostienen al no vivir m\u00e1s all\u00ed Ramlle estar\u00eda viol\u00e1ndose el cap\u00edtulo 6 art\u00edculo 18 del estatuto.<\/p>\n<p>A su vez aprovecharon para mantener una serie de reclamos, como el estado de las calles, las piedras que pagaron y no dan resultado, los sectores que se inundan, etc. Tambi\u00e9n afirmaron que no tienen la posibilidad de conocer la totalidad de la comisi\u00f3n pues la asamblea no result\u00f3 efectiva.<\/p>\n<p>Por lo expuesto, los vecinos afirman que deber\u00eda llamarse a una comisi\u00f3n reguladora y re ordenarse la situaci\u00f3n pol\u00edtica del barrio y la Sociedad de Fomento.<\/p>\n<p>&nbsp;<\/p>\n<p>&nbsp;<\/p>\n<p>&nbsp;<\/p>\n<p>&nbsp;<\/p>\n<p>&nbsp;<\/p>\n<p>&nbsp;<\/p>\n<p>&nbsp;<\/p>\n","protected":false},"excerpt":{"rendered":"<p>Seg\u00fan los vecinos de la barriada la Sociedad de Fomento no tiene actualmente representaci\u00f3n formal dado que su presidente, el &#8230; <a title=\"Complicada situaci\u00f3n en Barrio Mitre\" class=\"read-more\" href=\"https:\/\/www.hoymercedes.com.ar\/principal\/2014\/06\/29\/complicada-situacion-en-barrio-mitre\/\" aria-label=\"Leer m\u00e1s sobre Complicada situaci\u00f3n en Barrio Mitre\">Leer m\u00e1s<\/a><\/p>\n","protected":false},"author":1,"featured_media":0,"comment_status":"open","ping_status":"open","sticky":false,"template":"","format":"standard","meta":{"_monsterinsights_skip_tracking":false,"_monsterinsights_sitenote_active":false,"_monsterinsights_sitenote_note":"","_monsterinsights_sitenote_category":0,"jetpack_post_was_ever_published":false,"_jetpack_newsletter_access":"","_jetpack_dont_email_post_to_subs":false,"_jetpack_newsletter_tier_id":0,"_jetpack_memberships_contains_paywalled_content":false,"_jetpack_memberships_contains_paid_content":false,"footnotes":"","jetpack_publicize_message":"","jetpack_publicize_feature_enabled":true,"jetpack_social_post_already_shared":false,"jetpack_social_options":{"image_generator_settings":{"template":"highway","default_image_id":0,"font":"","enabled":false},"version":2},"_wpas_customize_per_network":false},"categories":[5],"tags":[1805,3438,5537],"class_list":["post-34337","post","type-post","status-publish","format-standard","hentry","category-politica","tag-alejandra-santana","tag-barrio-mitre","tag-sociedades-de-formento-mercedes","generate-columns","tablet-grid-50","mobile-grid-100","grid-parent","grid-50"],"jetpack_publicize_connections":[],"jetpack_featured_media_url":"","wps_subtitle":"Barrios de Mercedes ","jetpack_sharing_enabled":true,"_links":{"self":[{"href":"https:\/\/www.hoymercedes.com.ar\/principal\/wp-json\/wp\/v2\/posts\/34337","targetHints":{"allow":["GET"]}}],"collection":[{"href":"https:\/\/www.hoymercedes.com.ar\/principal\/wp-json\/wp\/v2\/posts"}],"about":[{"href":"https:\/\/www.hoymercedes.com.ar\/principal\/wp-json\/wp\/v2\/types\/post"}],"author":[{"embeddable":true,"href":"https:\/\/www.hoymercedes.com.ar\/principal\/wp-json\/wp\/v2\/users\/1"}],"replies":[{"embeddable":true,"href":"https:\/\/www.hoymercedes.com.ar\/principal\/wp-json\/wp\/v2\/comments?post=34337"}],"version-history":[{"count":0,"href":"https:\/\/www.hoymercedes.com.ar\/principal\/wp-json\/wp\/v2\/posts\/34337\/revisions"}],"wp:attachment":[{"href":"https:\/\/www.hoymercedes.com.ar\/principal\/wp-json\/wp\/v2\/media?parent=34337"}],"wp:term":[{"taxonomy":"category","embeddable":true,"href":"https:\/\/www.hoymercedes.com.ar\/principal\/wp-json\/wp\/v2\/categories?post=34337"},{"taxonomy":"post_tag","embeddable":true,"href":"https:\/\/www.hoymercedes.com.ar\/principal\/wp-json\/wp\/v2\/tags?post=34337"}],"curies":[{"name":"wp","href":"https:\/\/api.w.org\/{rel}","templated":true}]}}